{"id":1008,"date":"2019-03-26T22:25:59","date_gmt":"2019-03-26T22:25:59","guid":{"rendered":"https:\/\/www.radioclubedodao.pt\/site\/?p=1008"},"modified":"2019-03-26T22:25:59","modified_gmt":"2019-03-26T22:25:59","slug":"governo-assina-declaracao-da-situacao-de-alerta","status":"publish","type":"post","link":"https:\/\/www.radioclubedodao.pt\/site\/2019\/03\/26\/governo-assina-declaracao-da-situacao-de-alerta\/","title":{"rendered":"Governo assina Declara\u00e7\u00e3o da Situa\u00e7\u00e3o de Alerta"},"content":{"rendered":"<div id=\"regText\" class=\"gov-texts\">\n<div>Face \u00e0s previs\u00f5es meteorol\u00f3gicas para os pr\u00f3ximos dias, que apontam para um significativo agravamento do risco de inc\u00eandio florestal no territ\u00f3rio do Continente, e considerando a decis\u00e3o da Autoridade Nacional de Emerg\u00eancia e Prote\u00e7\u00e3o Civil, que determinou a passagem do Dispositivo Especial de Combate a Inc\u00eandios Rurais ao Estado de Alerta Especial Amarelo em todos os distritos, os Ministros da Administra\u00e7\u00e3o Interna e da Agricultura, Florestas e Desenvolvimento Rural assinaram hoje o Despacho que determina a Declara\u00e7\u00e3o da Situa\u00e7\u00e3o de Alerta.<\/div>\n<div>No \u00e2mbito da Declara\u00e7\u00e3o da Situa\u00e7\u00e3o de Alerta, prevista na Lei de Bases de Prote\u00e7\u00e3o Civil, ser\u00e3o implementadas as seguintes medidas de car\u00e1ter excecional:<\/div>\n<div>&#8211; Eleva\u00e7\u00e3o do grau de prontid\u00e3o e resposta operacional por parte da GNR e da PSP, com refor\u00e7o de meios para opera\u00e7\u00f5es de vigil\u00e2ncia, fiscaliza\u00e7\u00e3o, patrulhamentos dissuasores de comportamentos de risco e de apoio geral \u00e0s opera\u00e7\u00f5es de prote\u00e7\u00e3o e socorro que possam vir a ser desencadeadas;<\/div>\n<div>&#8211; Proibi\u00e7\u00e3o da realiza\u00e7\u00e3o de queimadas, de queimas de sobrantes de explora\u00e7\u00f5es agr\u00edcolas e florestais e de a\u00e7\u00f5es de gest\u00e3o de combust\u00edvel com recurso \u00e0 utiliza\u00e7\u00e3o de fogo;<\/div>\n<div>&#8211; Dispensa dos trabalhadores dos setores p\u00fablico e privado que desempenhem cumulativamente as fun\u00e7\u00f5es de bombeiro volunt\u00e1rio, nos termos do artigo 26.\u00ba do Decreto-Lei n.\u00ba 241\/2007;<\/div>\n<div>A Situa\u00e7\u00e3o de Alerta abrange todos os distritos do Continente entre as 00h00 do dia 27 de mar\u00e7o e as 23h59 do dia 31 de mar\u00e7o. O Governo acompanha em perman\u00eancia o evoluir da situa\u00e7\u00e3o operacional e apela aos cidad\u00e3os para que adequem os seus comportamentos ao quadro meteorol\u00f3gico que tem sido amplamente divulgado.<\/div>\n<\/div>\n<div>\n<div id=\"PageSelector__ctl0_SimpleRecordPageLauncher__ctl0_SimpleRecordViewer_FilesList_title\">Ficheiros:<\/div>\n<div id=\"PageSelector__ctl0_SimpleRecordPageLauncher__ctl0_SimpleRecordViewer_FilesList_rpItems__ctl0_SimpleViewPanel\">\n<div class=\"file-dwn\"><i class=\"icon-pg-generic_file\"><\/i>\u00a0<a href=\"https:\/\/www.portugal.gov.pt\/download-ficheiros\/ficheiro.aspx?v=fd0a3bbc-6f8a-49e9-a624-2c701853c638\" target=\"_blank\" rel=\"noopener\">Governo assina Declara\u00e7\u00e3o da Situa\u00e7\u00e3o de Alerta<\/a><\/div>\n<\/div>\n<\/div>\n<div id=\"PageSelector__ctl0_SimpleRecordPageLauncher__ctl0_SimpleRecordViewer_TagList_tagscontainer\"><span class=\"tags\">Tags:<a href=\"https:\/\/www.portugal.gov.pt\/pt\/gc21\/pesquisar?tags=inc%c3%aandios\">inc\u00eandios<\/a>,\u00a0<a href=\"https:\/\/www.portugal.gov.pt\/pt\/gc21\/pesquisar?tags=floresta\">floresta<\/a>,\u00a0<a href=\"https:\/\/www.portugal.gov.pt\/pt\/gc21\/pesquisar?tags=administra%c3%a7%c3%a3o+interna\">administra\u00e7\u00e3o interna<\/a><\/span><\/div>\n<div>\n<div>\u00c1reas:<\/div>\n<p><span class=\"tags\"><a href=\"https:\/\/www.portugal.gov.pt\/pt\/gc21\/area-de-governo\/agricultura-florestas-e-desenvolvimento-rural\">Agricultura, Florestas e Desenvolvimento Rural<\/a>,\u00a0<a href=\"https:\/\/www.portugal.gov.pt\/pt\/gc21\/area-de-governo\/administracao-interna\">Administra\u00e7\u00e3o Interna<\/a><\/span><\/p>\n<\/div>\n<div><\/div>\n<div>Fonte:<\/div>\n<div>https:\/\/www.portugal.gov.pt\/pt\/gc21\/comunicacao\/comunicado?i=governo-assina-declaracao-da-situacao-de-alerta&amp;fbclid=IwAR0qbSjHJSKqQv53jD2uFwgeqCT1kzHcrZu1sMJkjSmMYYFhbwp4ny09MGU<\/div>\n","protected":false},"excerpt":{"rendered":"<p>Face \u00e0s previs\u00f5es meteorol\u00f3gicas para os pr\u00f3ximos dias, que apontam para um significativo agravamento do risco de inc\u00eandio florestal no territ\u00f3rio do Continente, e considerando a decis\u00e3o da Autoridade Nacional de Emerg\u00eancia e Prote\u00e7\u00e3o Civil,&#8230;<\/p>\n","protected":false},"author":1,"featured_media":0,"comment_status":"open","ping_status":"open","sticky":false,"template":"","format":"standard","meta":{"podcast_url":"","podcast_explicit":"no","podcast_captioned":false,"podcast_duration":"","podcast_filesize":0,"podcast_mime":"","enclosure":"","podcast_season_number":"","podcast_episode_number":"","podcast_episode_type":"none","podcast_transcript":"","sfsi_plus_gutenberg_text_before_share":"","sfsi_plus_gutenberg_show_text_before_share":"","sfsi_plus_gutenberg_icon_type":"","sfsi_plus_gutenberg_icon_alignemt":"","sfsi_plus_gutenburg_max_per_row":"","sapo_feed_post_nuts":"","footnotes":""},"categories":[7,9,3,8],"tags":[],"podcasting_podcasts":[],"class_list":["post-1008","post","type-post","status-publish","format-standard","hentry","category-local","category-nacional","category-noticias","category-regional"],"yoast_head":"<!-- This site is optimized with the Yoast SEO plugin v24.1 - https:\/\/yoast.com\/wordpress\/plugins\/seo\/ -->\n<title>Governo assina Declara\u00e7\u00e3o da Situa\u00e7\u00e3o de Alerta - R\u00e1dio Clube do D\u00e3o<\/title>\n<meta name=\"robots\" content=\"index, follow, max-snippet:-1, max-image-preview:large, max-video-preview:-1\" \/>\n<link rel=\"canonical\" href=\"https:\/\/www.radioclubedodao.pt\/site\/2019\/03\/26\/governo-assina-declaracao-da-situacao-de-alerta\/\" \/>\n<meta property=\"og:locale\" content=\"pt_PT\" \/>\n<meta property=\"og:type\" content=\"article\" \/>\n<meta property=\"og:title\" content=\"Governo assina Declara\u00e7\u00e3o da Situa\u00e7\u00e3o de Alerta - R\u00e1dio Clube do D\u00e3o\" \/>\n<meta property=\"og:description\" content=\"Face \u00e0s previs\u00f5es meteorol\u00f3gicas para os pr\u00f3ximos dias, que apontam para um significativo agravamento do risco de inc\u00eandio florestal no territ\u00f3rio do Continente, e considerando a decis\u00e3o da Autoridade Nacional de Emerg\u00eancia e Prote\u00e7\u00e3o Civil,...\" \/>\n<meta property=\"og:url\" content=\"https:\/\/www.radioclubedodao.pt\/site\/2019\/03\/26\/governo-assina-declaracao-da-situacao-de-alerta\/\" \/>\n<meta property=\"og:site_name\" content=\"R\u00e1dio Clube do D\u00e3o\" \/>\n<meta property=\"article:publisher\" content=\"https:\/\/www.facebook.com\/radioclubedodao\/\" \/>\n<meta property=\"article:published_time\" content=\"2019-03-26T22:25:59+00:00\" \/>\n<meta name=\"author\" content=\"admin\" \/>\n<meta name=\"twitter:card\" content=\"summary_large_image\" \/>\n<meta name=\"twitter:creator\" content=\"@ClubeDao\" \/>\n<meta name=\"twitter:site\" content=\"@ClubeDao\" \/>\n<meta name=\"twitter:label1\" content=\"Escrito por\" \/>\n\t<meta name=\"twitter:data1\" content=\"admin\" \/>\n\t<meta name=\"twitter:label2\" content=\"Tempo estimado de leitura\" \/>\n\t<meta name=\"twitter:data2\" content=\"2 minutos\" \/>\n<script type=\"application\/ld+json\" class=\"yoast-schema-graph\">{\"@context\":\"https:\/\/schema.org\",\"@graph\":[{\"@type\":\"Article\",\"@id\":\"https:\/\/www.radioclubedodao.pt\/site\/2019\/03\/26\/governo-assina-declaracao-da-situacao-de-alerta\/#article\",\"isPartOf\":{\"@id\":\"https:\/\/www.radioclubedodao.pt\/site\/2019\/03\/26\/governo-assina-declaracao-da-situacao-de-alerta\/\"},\"author\":{\"name\":\"admin\",\"@id\":\"https:\/\/www.radioclubedodao.pt\/site\/#\/schema\/person\/cd7a28554f264c1876d790fedfddf499\"},\"headline\":\"Governo assina Declara\u00e7\u00e3o da Situa\u00e7\u00e3o de Alerta\",\"datePublished\":\"2019-03-26T22:25:59+00:00\",\"dateModified\":\"2019-03-26T22:25:59+00:00\",\"mainEntityOfPage\":{\"@id\":\"https:\/\/www.radioclubedodao.pt\/site\/2019\/03\/26\/governo-assina-declaracao-da-situacao-de-alerta\/\"},\"wordCount\":355,\"commentCount\":0,\"publisher\":{\"@id\":\"https:\/\/www.radioclubedodao.pt\/site\/#organization\"},\"articleSection\":[\"Local\",\"Nacional\",\"Not\u00edcias\",\"Regional\"],\"inLanguage\":\"pt-PT\",\"potentialAction\":[{\"@type\":\"CommentAction\",\"name\":\"Comment\",\"target\":[\"https:\/\/www.radioclubedodao.pt\/site\/2019\/03\/26\/governo-assina-declaracao-da-situacao-de-alerta\/#respond\"]}]},{\"@type\":\"WebPage\",\"@id\":\"https:\/\/www.radioclubedodao.pt\/site\/2019\/03\/26\/governo-assina-declaracao-da-situacao-de-alerta\/\",\"url\":\"https:\/\/www.radioclubedodao.pt\/site\/2019\/03\/26\/governo-assina-declaracao-da-situacao-de-alerta\/\",\"name\":\"Governo assina Declara\u00e7\u00e3o da Situa\u00e7\u00e3o de Alerta - R\u00e1dio Clube do D\u00e3o\",\"isPartOf\":{\"@id\":\"https:\/\/www.radioclubedodao.pt\/site\/#website\"},\"datePublished\":\"2019-03-26T22:25:59+00:00\",\"dateModified\":\"2019-03-26T22:25:59+00:00\",\"breadcrumb\":{\"@id\":\"https:\/\/www.radioclubedodao.pt\/site\/2019\/03\/26\/governo-assina-declaracao-da-situacao-de-alerta\/#breadcrumb\"},\"inLanguage\":\"pt-PT\",\"potentialAction\":[{\"@type\":\"ReadAction\",\"target\":[\"https:\/\/www.radioclubedodao.pt\/site\/2019\/03\/26\/governo-assina-declaracao-da-situacao-de-alerta\/\"]}]},{\"@type\":\"BreadcrumbList\",\"@id\":\"https:\/\/www.radioclubedodao.pt\/site\/2019\/03\/26\/governo-assina-declaracao-da-situacao-de-alerta\/#breadcrumb\",\"itemListElement\":[{\"@type\":\"ListItem\",\"position\":1,\"name\":\"In\u00edcio\",\"item\":\"https:\/\/www.radioclubedodao.pt\/site\/\"},{\"@type\":\"ListItem\",\"position\":2,\"name\":\"Governo assina Declara\u00e7\u00e3o da Situa\u00e7\u00e3o de Alerta\"}]},{\"@type\":\"WebSite\",\"@id\":\"https:\/\/www.radioclubedodao.pt\/site\/#website\",\"url\":\"https:\/\/www.radioclubedodao.pt\/site\/\",\"name\":\"R\u00e1dio Clube do D\u00e3o\",\"description\":\"webr\u00e1dio\",\"publisher\":{\"@id\":\"https:\/\/www.radioclubedodao.pt\/site\/#organization\"},\"potentialAction\":[{\"@type\":\"SearchAction\",\"target\":{\"@type\":\"EntryPoint\",\"urlTemplate\":\"https:\/\/www.radioclubedodao.pt\/site\/?s={search_term_string}\"},\"query-input\":{\"@type\":\"PropertyValueSpecification\",\"valueRequired\":true,\"valueName\":\"search_term_string\"}}],\"inLanguage\":\"pt-PT\"},{\"@type\":\"Organization\",\"@id\":\"https:\/\/www.radioclubedodao.pt\/site\/#organization\",\"name\":\"R\u00e1dio Clube do D\u00e3o\",\"url\":\"https:\/\/www.radioclubedodao.pt\/site\/\",\"logo\":{\"@type\":\"ImageObject\",\"inLanguage\":\"pt-PT\",\"@id\":\"https:\/\/www.radioclubedodao.pt\/site\/#\/schema\/logo\/image\/\",\"url\":\"https:\/\/www.radioclubedodao.pt\/site\/wp-content\/uploads\/2018\/09\/10959501_1528800417385471_8159620885825168864_n.png\",\"contentUrl\":\"https:\/\/www.radioclubedodao.pt\/site\/wp-content\/uploads\/2018\/09\/10959501_1528800417385471_8159620885825168864_n.png\",\"width\":960,\"height\":678,\"caption\":\"R\u00e1dio Clube do D\u00e3o\"},\"image\":{\"@id\":\"https:\/\/www.radioclubedodao.pt\/site\/#\/schema\/logo\/image\/\"},\"sameAs\":[\"https:\/\/www.facebook.com\/radioclubedodao\/\",\"https:\/\/x.com\/ClubeDao\",\"https:\/\/www.instagram.com\/rcdao\/?hl=pt\"]},{\"@type\":\"Person\",\"@id\":\"https:\/\/www.radioclubedodao.pt\/site\/#\/schema\/person\/cd7a28554f264c1876d790fedfddf499\",\"name\":\"admin\",\"image\":{\"@type\":\"ImageObject\",\"inLanguage\":\"pt-PT\",\"@id\":\"https:\/\/www.radioclubedodao.pt\/site\/#\/schema\/person\/image\/\",\"url\":\"https:\/\/secure.gravatar.com\/avatar\/34c95391003e4d74dd8a7ac6916f4230?s=96&d=mm&r=g\",\"contentUrl\":\"https:\/\/secure.gravatar.com\/avatar\/34c95391003e4d74dd8a7ac6916f4230?s=96&d=mm&r=g\",\"caption\":\"admin\"}}]}<\/script>\n<!-- \/ Yoast SEO plugin. -->","yoast_head_json":{"title":"Governo assina Declara\u00e7\u00e3o da Situa\u00e7\u00e3o de Alerta - R\u00e1dio Clube do D\u00e3o","robots":{"index":"index","follow":"follow","max-snippet":"max-snippet:-1","max-image-preview":"max-image-preview:large","max-video-preview":"max-video-preview:-1"},"canonical":"https:\/\/www.radioclubedodao.pt\/site\/2019\/03\/26\/governo-assina-declaracao-da-situacao-de-alerta\/","og_locale":"pt_PT","og_type":"article","og_title":"Governo assina Declara\u00e7\u00e3o da Situa\u00e7\u00e3o de Alerta - R\u00e1dio Clube do D\u00e3o","og_description":"Face \u00e0s previs\u00f5es meteorol\u00f3gicas para os pr\u00f3ximos dias, que apontam para um significativo agravamento do risco de inc\u00eandio florestal no territ\u00f3rio do Continente, e considerando a decis\u00e3o da Autoridade Nacional de Emerg\u00eancia e Prote\u00e7\u00e3o Civil,...","og_url":"https:\/\/www.radioclubedodao.pt\/site\/2019\/03\/26\/governo-assina-declaracao-da-situacao-de-alerta\/","og_site_name":"R\u00e1dio Clube do D\u00e3o","article_publisher":"https:\/\/www.facebook.com\/radioclubedodao\/","article_published_time":"2019-03-26T22:25:59+00:00","author":"admin","twitter_card":"summary_large_image","twitter_creator":"@ClubeDao","twitter_site":"@ClubeDao","twitter_misc":{"Escrito por":"admin","Tempo estimado de leitura":"2 minutos"},"schema":{"@context":"https:\/\/schema.org","@graph":[{"@type":"Article","@id":"https:\/\/www.radioclubedodao.pt\/site\/2019\/03\/26\/governo-assina-declaracao-da-situacao-de-alerta\/#article","isPartOf":{"@id":"https:\/\/www.radioclubedodao.pt\/site\/2019\/03\/26\/governo-assina-declaracao-da-situacao-de-alerta\/"},"author":{"name":"admin","@id":"https:\/\/www.radioclubedodao.pt\/site\/#\/schema\/person\/cd7a28554f264c1876d790fedfddf499"},"headline":"Governo assina Declara\u00e7\u00e3o da Situa\u00e7\u00e3o de Alerta","datePublished":"2019-03-26T22:25:59+00:00","dateModified":"2019-03-26T22:25:59+00:00","mainEntityOfPage":{"@id":"https:\/\/www.radioclubedodao.pt\/site\/2019\/03\/26\/governo-assina-declaracao-da-situacao-de-alerta\/"},"wordCount":355,"commentCount":0,"publisher":{"@id":"https:\/\/www.radioclubedodao.pt\/site\/#organization"},"articleSection":["Local","Nacional","Not\u00edcias","Regional"],"inLanguage":"pt-PT","potentialAction":[{"@type":"CommentAction","name":"Comment","target":["https:\/\/www.radioclubedodao.pt\/site\/2019\/03\/26\/governo-assina-declaracao-da-situacao-de-alerta\/#respond"]}]},{"@type":"WebPage","@id":"https:\/\/www.radioclubedodao.pt\/site\/2019\/03\/26\/governo-assina-declaracao-da-situacao-de-alerta\/","url":"https:\/\/www.radioclubedodao.pt\/site\/2019\/03\/26\/governo-assina-declaracao-da-situacao-de-alerta\/","name":"Governo assina Declara\u00e7\u00e3o da Situa\u00e7\u00e3o de Alerta - R\u00e1dio Clube do D\u00e3o","isPartOf":{"@id":"https:\/\/www.radioclubedodao.pt\/site\/#website"},"datePublished":"2019-03-26T22:25:59+00:00","dateModified":"2019-03-26T22:25:59+00:00","breadcrumb":{"@id":"https:\/\/www.radioclubedodao.pt\/site\/2019\/03\/26\/governo-assina-declaracao-da-situacao-de-alerta\/#breadcrumb"},"inLanguage":"pt-PT","potentialAction":[{"@type":"ReadAction","target":["https:\/\/www.radioclubedodao.pt\/site\/2019\/03\/26\/governo-assina-declaracao-da-situacao-de-alerta\/"]}]},{"@type":"BreadcrumbList","@id":"https:\/\/www.radioclubedodao.pt\/site\/2019\/03\/26\/governo-assina-declaracao-da-situacao-de-alerta\/#breadcrumb","itemListElement":[{"@type":"ListItem","position":1,"name":"In\u00edcio","item":"https:\/\/www.radioclubedodao.pt\/site\/"},{"@type":"ListItem","position":2,"name":"Governo assina Declara\u00e7\u00e3o da Situa\u00e7\u00e3o de Alerta"}]},{"@type":"WebSite","@id":"https:\/\/www.radioclubedodao.pt\/site\/#website","url":"https:\/\/www.radioclubedodao.pt\/site\/","name":"R\u00e1dio Clube do D\u00e3o","description":"webr\u00e1dio","publisher":{"@id":"https:\/\/www.radioclubedodao.pt\/site\/#organization"},"potentialAction":[{"@type":"SearchAction","target":{"@type":"EntryPoint","urlTemplate":"https:\/\/www.radioclubedodao.pt\/site\/?s={search_term_string}"},"query-input":{"@type":"PropertyValueSpecification","valueRequired":true,"valueName":"search_term_string"}}],"inLanguage":"pt-PT"},{"@type":"Organization","@id":"https:\/\/www.radioclubedodao.pt\/site\/#organization","name":"R\u00e1dio Clube do D\u00e3o","url":"https:\/\/www.radioclubedodao.pt\/site\/","logo":{"@type":"ImageObject","inLanguage":"pt-PT","@id":"https:\/\/www.radioclubedodao.pt\/site\/#\/schema\/logo\/image\/","url":"https:\/\/www.radioclubedodao.pt\/site\/wp-content\/uploads\/2018\/09\/10959501_1528800417385471_8159620885825168864_n.png","contentUrl":"https:\/\/www.radioclubedodao.pt\/site\/wp-content\/uploads\/2018\/09\/10959501_1528800417385471_8159620885825168864_n.png","width":960,"height":678,"caption":"R\u00e1dio Clube do D\u00e3o"},"image":{"@id":"https:\/\/www.radioclubedodao.pt\/site\/#\/schema\/logo\/image\/"},"sameAs":["https:\/\/www.facebook.com\/radioclubedodao\/","https:\/\/x.com\/ClubeDao","https:\/\/www.instagram.com\/rcdao\/?hl=pt"]},{"@type":"Person","@id":"https:\/\/www.radioclubedodao.pt\/site\/#\/schema\/person\/cd7a28554f264c1876d790fedfddf499","name":"admin","image":{"@type":"ImageObject","inLanguage":"pt-PT","@id":"https:\/\/www.radioclubedodao.pt\/site\/#\/schema\/person\/image\/","url":"https:\/\/secure.gravatar.com\/avatar\/34c95391003e4d74dd8a7ac6916f4230?s=96&d=mm&r=g","contentUrl":"https:\/\/secure.gravatar.com\/avatar\/34c95391003e4d74dd8a7ac6916f4230?s=96&d=mm&r=g","caption":"admin"}}]}},"_links":{"self":[{"href":"https:\/\/www.radioclubedodao.pt\/site\/wp-json\/wp\/v2\/posts\/1008","targetHints":{"allow":["GET"]}}],"collection":[{"href":"https:\/\/www.radioclubedodao.pt\/site\/wp-json\/wp\/v2\/posts"}],"about":[{"href":"https:\/\/www.radioclubedodao.pt\/site\/wp-json\/wp\/v2\/types\/post"}],"author":[{"embeddable":true,"href":"https:\/\/www.radioclubedodao.pt\/site\/wp-json\/wp\/v2\/users\/1"}],"replies":[{"embeddable":true,"href":"https:\/\/www.radioclubedodao.pt\/site\/wp-json\/wp\/v2\/comments?post=1008"}],"version-history":[{"count":2,"href":"https:\/\/www.radioclubedodao.pt\/site\/wp-json\/wp\/v2\/posts\/1008\/revisions"}],"predecessor-version":[{"id":1011,"href":"https:\/\/www.radioclubedodao.pt\/site\/wp-json\/wp\/v2\/posts\/1008\/revisions\/1011"}],"wp:attachment":[{"href":"https:\/\/www.radioclubedodao.pt\/site\/wp-json\/wp\/v2\/media?parent=1008"}],"wp:term":[{"taxonomy":"category","embeddable":true,"href":"https:\/\/www.radioclubedodao.pt\/site\/wp-json\/wp\/v2\/categories?post=1008"},{"taxonomy":"post_tag","embeddable":true,"href":"https:\/\/www.radioclubedodao.pt\/site\/wp-json\/wp\/v2\/tags?post=1008"},{"taxonomy":"podcasting_podcasts","embeddable":true,"href":"https:\/\/www.radioclubedodao.pt\/site\/wp-json\/wp\/v2\/podcasting_podcasts?post=1008"}],"curies":[{"name":"wp","href":"https:\/\/api.w.org\/{rel}","templated":true}]}}