{"id":1061,"date":"2019-05-11T01:17:32","date_gmt":"2019-05-11T00:17:32","guid":{"rendered":"https:\/\/www.radioclubedodao.pt\/site\/?p=1061"},"modified":"2019-05-11T01:17:32","modified_gmt":"2019-05-11T00:17:32","slug":"aviso-a-populacao-perigo-incendio-rural","status":"publish","type":"post","link":"https:\/\/www.radioclubedodao.pt\/site\/2019\/05\/11\/aviso-a-populacao-perigo-incendio-rural\/","title":{"rendered":"AVISO \u00c0 POPULA\u00c7\u00c3O &#8211; PERIGO INC\u00caNDIO RURAL"},"content":{"rendered":"<p style=\"font-weight: 400;\"><strong>AVISO \u00c0 POPULA\u00c7\u00c3O<\/strong><\/p>\n<p style=\"font-weight: 400;\"><strong>PERIGO INC\u00caNDIO RURAL<\/strong><\/p>\n<ol>\n<li style=\"font-weight: 400;\"><strong> SITUA\u00c7\u00c3O<\/strong><\/li>\n<\/ol>\n<p style=\"font-weight: 400;\">De acordo com a informa\u00e7\u00e3o disponibilizada pelo IPMA, prev\u00ea-se\u00a0a partir de amanh\u00e3,\u00a0uma expressiva altera\u00e7\u00e3o do quadro meteorol\u00f3gico, o qual se deve prolongar at\u00e9 \u00e0 pr\u00f3xima ter\u00e7a-feira (dia 14), caracterizado por uma subida da temperatura m\u00e1xima e intensifica\u00e7\u00e3o da corrente de leste,\u00a0em particular no domingo. Assim, espera-se:<\/p>\n<ul style=\"font-weight: 400;\">\n<li>Subida gradual da temperatura m\u00e1xima, com valores de temperatura acima do habitual para esta \u00e9poca do ano,\u00a0(30 a 35 \u00baC).<\/li>\n<li>Humidade relativa do ar (HRA) inferior a 30%\u00a0na generalidade do territ\u00f3rio do continente, durante a tarde, verificando-se uma fraca recupera\u00e7\u00e3o da humidade durante a noite.<\/li>\n<li>Vento do quadrante Leste,\u00a0por vezes\u00a0forte (at\u00e9 45 km\/h)\u00a0a partir de dia 12, em especial\u00a0na\u00a0regi\u00e3o\u00a0do Algarve, com possibilidade de rajadas.<\/li>\n<\/ul>\n<p style=\"font-weight: 400;\">Este cen\u00e1rio meteorol\u00f3gico ir\u00e1 traduzir-se num aumento dos \u00edndices de risco de inc\u00eandio, entre amanh\u00e3 e ter\u00e7a-feira,\u00a0com condi\u00e7\u00f5es favor\u00e1veis \u00e0 r\u00e1pida propaga\u00e7\u00e3o de inc\u00eandios, em especial na regi\u00e3o do Algarve, Alentejo e interior (Norte e Centro).<\/p>\n<ol start=\"2\">\n<li style=\"font-weight: 400;\"><strong> EFEITOS EXPECT\u00c1VEIS<\/strong><\/li>\n<\/ol>\n<p style=\"font-weight: 400;\">Considerando esta previs\u00e3o meteorol\u00f3gica, espera-se\u00a0<strong>tempo seco com condi\u00e7\u00f5es favor\u00e1veis \u00e0 eventual ocorr\u00eancia e propaga\u00e7\u00e3o de inc\u00eandios rurais.<\/strong><\/p>\n<ol start=\"3\">\n<li style=\"font-weight: 400;\"><strong> MEDIDAS PREVENTIVAS<\/strong><\/li>\n<\/ol>\n<p style=\"font-weight: 400;\">A Autoridade Nacional de Emerg\u00eancia e Prote\u00e7\u00e3o Civil (ANEPC) recorda que, de acordo com as disposi\u00e7\u00f5es legais em vigor,\u00a0<u>para os locais onde o \u00edndice de risco temporal de inc\u00eandio seja superior ao\u00a0<strong>n\u00edvel ELEVADO<\/strong>, est\u00e1 proibida a realiza\u00e7\u00e3o de queimadas.<\/u><\/p>\n<p style=\"font-weight: 400;\">\n<p style=\"font-weight: 400;\"><u>Para os locais onde o \u00edndice de risco temporal de inc\u00eandio seja superior ao n\u00edvel\u00a0<strong>MUITO ELEVADO<\/strong>, n\u00e3o \u00e9 permitido (a):<\/u><\/p>\n<ul>\n<li style=\"font-weight: 400;\">\u00a0Realiza\u00e7\u00e3o de fogueiras para recreio ou lazer, ou para confe\u00e7\u00e3o de alimentos;<\/li>\n<li style=\"font-weight: 400;\">\u00a0Utiliza\u00e7\u00e3o de equipamentos de queima e de combust\u00e3o destinados \u00e0 ilumina\u00e7\u00e3o ou \u00e0 confe\u00e7\u00e3o de alimentos;<\/li>\n<li style=\"font-weight: 400;\">\u00a0Queimar matos cortados e amontoados e qualquer tipo de sobrantes de explora\u00e7\u00e3o;<\/li>\n<li style=\"font-weight: 400;\">\u00a0O lan\u00e7amento de bal\u00f5es com mecha acesa ou qualquer outro tipo de foguetes;<\/li>\n<li style=\"font-weight: 400;\">\u00a0Fumar ou fazer lume de qualquer tipo nos espa\u00e7os florestais e vias que os circundem;<\/li>\n<li style=\"font-weight: 400;\">\u00a0A fumiga\u00e7\u00e3o ou desinfesta\u00e7\u00e3o em api\u00e1rios com fumigadores que n\u00e3o estejam equipados com dispositivos de reten\u00e7\u00e3o de fa\u00falhas.<\/li>\n<\/ul>\n<p style=\"font-weight: 400;\">A ANEPC recomenda a\u00a0<strong><u>adequa\u00e7\u00e3o dos comportamentos e atitudes face \u00e0 situa\u00e7\u00e3o de perigo de inc\u00eandio rural, nomeadamente atrav\u00e9s da ado\u00e7\u00e3o das necess\u00e1rias medidas de preven\u00e7\u00e3o e precau\u00e7\u00e3o, na utiliza\u00e7\u00e3o\u00a0do fogo em espa\u00e7os rurais,<\/u><\/strong>\u00a0observando as restri\u00e7\u00f5es em vigor e tomando especial aten\u00e7\u00e3o \u00e0 evolu\u00e7\u00e3o do perigo de inc\u00eandio para os pr\u00f3ximos dias, dispon\u00edvel junto dos s\u00edtios da internet da ANEPC e do IPMA, junto dos Gabinetes T\u00e9cnicos Florestais das\u00a0C\u00e2maras Municipais e dos Corpos de Bombeiros.<\/p>\n<p style=\"font-weight: 400;\">\n<p style=\"font-weight: 400;\">Com os melhores cumprimentos<\/p>\n<p style=\"font-weight: 400;\">Augusta Pipa<\/p>\n<p style=\"font-weight: 400;\"><strong>Operador de Sala de Gest\u00e3o de Emerg\u00eancias<\/strong><\/p>\n<p style=\"font-weight: 400;\">Comando Distrital de Opera\u00e7\u00f5es de Socorro de Viseu<\/p>\n<p style=\"font-weight: 400;\"><strong>AUTORIDADE NACIONAL DE EMERG\u00caNCIA E PROTE\u00c7\u00c3O CIVIL<\/strong><\/p>\n<p style=\"font-weight: 400;\">COMANDO DISTRITAL DE OPERA\u00c7\u00d5ES DE SOCORRO DE VISEU<\/p>\n<p style=\"font-weight: 400;\">Avenida Alberto Sampaio, n.\u00ba17 | 3514-512 Viseu | Portugal<\/p>\n<p style=\"font-weight: 400;\">Tel.:\u00a0<a href=\"tel:+351232484230\">+351 232 484 230<\/a>\u00a0|\u00a0<a href=\"http:\/\/www.prociv.pt\/\">www.prociv.pt<\/a><\/p>\n<p style=\"font-weight: 400;\">\n<p style=\"font-weight: 400;\">\n","protected":false},"excerpt":{"rendered":"<p>AVISO \u00c0 POPULA\u00c7\u00c3O PERIGO INC\u00caNDIO RURAL SITUA\u00c7\u00c3O De acordo com a informa\u00e7\u00e3o disponibilizada pelo IPMA, prev\u00ea-se\u00a0a partir de amanh\u00e3,\u00a0uma expressiva altera\u00e7\u00e3o do quadro meteorol\u00f3gico, o qual se deve prolongar at\u00e9 \u00e0 pr\u00f3xima ter\u00e7a-feira (dia 14),&#8230;<\/p>\n","protected":false},"author":1,"featured_media":0,"comment_status":"open","ping_status":"open","sticky":false,"template":"","format":"standard","meta":{"podcast_url":"","podcast_explicit":"no","podcast_captioned":false,"podcast_duration":"","podcast_filesize":0,"podcast_mime":"","enclosure":"","podcast_season_number":"","podcast_episode_number":"","podcast_episode_type":"none","podcast_transcript":"","sfsi_plus_gutenberg_text_before_share":"","sfsi_plus_gutenberg_show_text_before_share":"","sfsi_plus_gutenberg_icon_type":"","sfsi_plus_gutenberg_icon_alignemt":"","sfsi_plus_gutenburg_max_per_row":"","sapo_feed_post_nuts":"","footnotes":""},"categories":[7,9,3,8],"tags":[],"podcasting_podcasts":[],"class_list":["post-1061","post","type-post","status-publish","format-standard","hentry","category-local","category-nacional","category-noticias","category-regional"],"yoast_head":"<!-- This site is optimized with the Yoast SEO plugin v24.1 - https:\/\/yoast.com\/wordpress\/plugins\/seo\/ -->\n<title>AVISO \u00c0 POPULA\u00c7\u00c3O - PERIGO INC\u00caNDIO RURAL - R\u00e1dio Clube do D\u00e3o<\/title>\n<meta name=\"robots\" content=\"index, follow, max-snippet:-1, max-image-preview:large, max-video-preview:-1\" \/>\n<link rel=\"canonical\" href=\"https:\/\/www.radioclubedodao.pt\/site\/2019\/05\/11\/aviso-a-populacao-perigo-incendio-rural\/\" \/>\n<meta property=\"og:locale\" content=\"pt_PT\" \/>\n<meta property=\"og:type\" content=\"article\" \/>\n<meta property=\"og:title\" content=\"AVISO \u00c0 POPULA\u00c7\u00c3O - PERIGO INC\u00caNDIO RURAL - R\u00e1dio Clube do D\u00e3o\" \/>\n<meta property=\"og:description\" content=\"AVISO \u00c0 POPULA\u00c7\u00c3O PERIGO INC\u00caNDIO RURAL SITUA\u00c7\u00c3O De acordo com a informa\u00e7\u00e3o disponibilizada pelo IPMA, prev\u00ea-se\u00a0a partir de amanh\u00e3,\u00a0uma expressiva altera\u00e7\u00e3o do quadro meteorol\u00f3gico, o qual se deve prolongar at\u00e9 \u00e0 pr\u00f3xima ter\u00e7a-feira (dia 14),...\" \/>\n<meta property=\"og:url\" content=\"https:\/\/www.radioclubedodao.pt\/site\/2019\/05\/11\/aviso-a-populacao-perigo-incendio-rural\/\" \/>\n<meta property=\"og:site_name\" content=\"R\u00e1dio Clube do D\u00e3o\" \/>\n<meta property=\"article:publisher\" content=\"https:\/\/www.facebook.com\/radioclubedodao\/\" \/>\n<meta property=\"article:published_time\" content=\"2019-05-11T00:17:32+00:00\" \/>\n<meta name=\"author\" content=\"admin\" \/>\n<meta name=\"twitter:card\" content=\"summary_large_image\" \/>\n<meta name=\"twitter:creator\" content=\"@ClubeDao\" \/>\n<meta name=\"twitter:site\" content=\"@ClubeDao\" \/>\n<meta name=\"twitter:label1\" content=\"Escrito por\" \/>\n\t<meta name=\"twitter:data1\" content=\"admin\" \/>\n\t<meta name=\"twitter:label2\" content=\"Tempo estimado de leitura\" \/>\n\t<meta name=\"twitter:data2\" content=\"3 minutos\" \/>\n<script type=\"application\/ld+json\" class=\"yoast-schema-graph\">{\"@context\":\"https:\/\/schema.org\",\"@graph\":[{\"@type\":\"Article\",\"@id\":\"https:\/\/www.radioclubedodao.pt\/site\/2019\/05\/11\/aviso-a-populacao-perigo-incendio-rural\/#article\",\"isPartOf\":{\"@id\":\"https:\/\/www.radioclubedodao.pt\/site\/2019\/05\/11\/aviso-a-populacao-perigo-incendio-rural\/\"},\"author\":{\"name\":\"admin\",\"@id\":\"https:\/\/www.radioclubedodao.pt\/site\/#\/schema\/person\/cd7a28554f264c1876d790fedfddf499\"},\"headline\":\"AVISO \u00c0 POPULA\u00c7\u00c3O &#8211; PERIGO INC\u00caNDIO RURAL\",\"datePublished\":\"2019-05-11T00:17:32+00:00\",\"dateModified\":\"2019-05-11T00:17:32+00:00\",\"mainEntityOfPage\":{\"@id\":\"https:\/\/www.radioclubedodao.pt\/site\/2019\/05\/11\/aviso-a-populacao-perigo-incendio-rural\/\"},\"wordCount\":537,\"commentCount\":0,\"publisher\":{\"@id\":\"https:\/\/www.radioclubedodao.pt\/site\/#organization\"},\"articleSection\":[\"Local\",\"Nacional\",\"Not\u00edcias\",\"Regional\"],\"inLanguage\":\"pt-PT\",\"potentialAction\":[{\"@type\":\"CommentAction\",\"name\":\"Comment\",\"target\":[\"https:\/\/www.radioclubedodao.pt\/site\/2019\/05\/11\/aviso-a-populacao-perigo-incendio-rural\/#respond\"]}]},{\"@type\":\"WebPage\",\"@id\":\"https:\/\/www.radioclubedodao.pt\/site\/2019\/05\/11\/aviso-a-populacao-perigo-incendio-rural\/\",\"url\":\"https:\/\/www.radioclubedodao.pt\/site\/2019\/05\/11\/aviso-a-populacao-perigo-incendio-rural\/\",\"name\":\"AVISO \u00c0 POPULA\u00c7\u00c3O - PERIGO INC\u00caNDIO RURAL - R\u00e1dio Clube do D\u00e3o\",\"isPartOf\":{\"@id\":\"https:\/\/www.radioclubedodao.pt\/site\/#website\"},\"datePublished\":\"2019-05-11T00:17:32+00:00\",\"dateModified\":\"2019-05-11T00:17:32+00:00\",\"breadcrumb\":{\"@id\":\"https:\/\/www.radioclubedodao.pt\/site\/2019\/05\/11\/aviso-a-populacao-perigo-incendio-rural\/#breadcrumb\"},\"inLanguage\":\"pt-PT\",\"potentialAction\":[{\"@type\":\"ReadAction\",\"target\":[\"https:\/\/www.radioclubedodao.pt\/site\/2019\/05\/11\/aviso-a-populacao-perigo-incendio-rural\/\"]}]},{\"@type\":\"BreadcrumbList\",\"@id\":\"https:\/\/www.radioclubedodao.pt\/site\/2019\/05\/11\/aviso-a-populacao-perigo-incendio-rural\/#breadcrumb\",\"itemListElement\":[{\"@type\":\"ListItem\",\"position\":1,\"name\":\"In\u00edcio\",\"item\":\"https:\/\/www.radioclubedodao.pt\/site\/\"},{\"@type\":\"ListItem\",\"position\":2,\"name\":\"AVISO \u00c0 POPULA\u00c7\u00c3O &#8211; PERIGO INC\u00caNDIO RURAL\"}]},{\"@type\":\"WebSite\",\"@id\":\"https:\/\/www.radioclubedodao.pt\/site\/#website\",\"url\":\"https:\/\/www.radioclubedodao.pt\/site\/\",\"name\":\"R\u00e1dio Clube do D\u00e3o\",\"description\":\"webr\u00e1dio\",\"publisher\":{\"@id\":\"https:\/\/www.radioclubedodao.pt\/site\/#organization\"},\"potentialAction\":[{\"@type\":\"SearchAction\",\"target\":{\"@type\":\"EntryPoint\",\"urlTemplate\":\"https:\/\/www.radioclubedodao.pt\/site\/?s={search_term_string}\"},\"query-input\":{\"@type\":\"PropertyValueSpecification\",\"valueRequired\":true,\"valueName\":\"search_term_string\"}}],\"inLanguage\":\"pt-PT\"},{\"@type\":\"Organization\",\"@id\":\"https:\/\/www.radioclubedodao.pt\/site\/#organization\",\"name\":\"R\u00e1dio Clube do D\u00e3o\",\"url\":\"https:\/\/www.radioclubedodao.pt\/site\/\",\"logo\":{\"@type\":\"ImageObject\",\"inLanguage\":\"pt-PT\",\"@id\":\"https:\/\/www.radioclubedodao.pt\/site\/#\/schema\/logo\/image\/\",\"url\":\"https:\/\/www.radioclubedodao.pt\/site\/wp-content\/uploads\/2018\/09\/10959501_1528800417385471_8159620885825168864_n.png\",\"contentUrl\":\"https:\/\/www.radioclubedodao.pt\/site\/wp-content\/uploads\/2018\/09\/10959501_1528800417385471_8159620885825168864_n.png\",\"width\":960,\"height\":678,\"caption\":\"R\u00e1dio Clube do D\u00e3o\"},\"image\":{\"@id\":\"https:\/\/www.radioclubedodao.pt\/site\/#\/schema\/logo\/image\/\"},\"sameAs\":[\"https:\/\/www.facebook.com\/radioclubedodao\/\",\"https:\/\/x.com\/ClubeDao\",\"https:\/\/www.instagram.com\/rcdao\/?hl=pt\"]},{\"@type\":\"Person\",\"@id\":\"https:\/\/www.radioclubedodao.pt\/site\/#\/schema\/person\/cd7a28554f264c1876d790fedfddf499\",\"name\":\"admin\",\"image\":{\"@type\":\"ImageObject\",\"inLanguage\":\"pt-PT\",\"@id\":\"https:\/\/www.radioclubedodao.pt\/site\/#\/schema\/person\/image\/\",\"url\":\"https:\/\/secure.gravatar.com\/avatar\/34c95391003e4d74dd8a7ac6916f4230?s=96&d=mm&r=g\",\"contentUrl\":\"https:\/\/secure.gravatar.com\/avatar\/34c95391003e4d74dd8a7ac6916f4230?s=96&d=mm&r=g\",\"caption\":\"admin\"}}]}<\/script>\n<!-- \/ Yoast SEO plugin. -->","yoast_head_json":{"title":"AVISO \u00c0 POPULA\u00c7\u00c3O - PERIGO INC\u00caNDIO RURAL - R\u00e1dio Clube do D\u00e3o","robots":{"index":"index","follow":"follow","max-snippet":"max-snippet:-1","max-image-preview":"max-image-preview:large","max-video-preview":"max-video-preview:-1"},"canonical":"https:\/\/www.radioclubedodao.pt\/site\/2019\/05\/11\/aviso-a-populacao-perigo-incendio-rural\/","og_locale":"pt_PT","og_type":"article","og_title":"AVISO \u00c0 POPULA\u00c7\u00c3O - PERIGO INC\u00caNDIO RURAL - R\u00e1dio Clube do D\u00e3o","og_description":"AVISO \u00c0 POPULA\u00c7\u00c3O PERIGO INC\u00caNDIO RURAL SITUA\u00c7\u00c3O De acordo com a informa\u00e7\u00e3o disponibilizada pelo IPMA, prev\u00ea-se\u00a0a partir de amanh\u00e3,\u00a0uma expressiva altera\u00e7\u00e3o do quadro meteorol\u00f3gico, o qual se deve prolongar at\u00e9 \u00e0 pr\u00f3xima ter\u00e7a-feira (dia 14),...","og_url":"https:\/\/www.radioclubedodao.pt\/site\/2019\/05\/11\/aviso-a-populacao-perigo-incendio-rural\/","og_site_name":"R\u00e1dio Clube do D\u00e3o","article_publisher":"https:\/\/www.facebook.com\/radioclubedodao\/","article_published_time":"2019-05-11T00:17:32+00:00","author":"admin","twitter_card":"summary_large_image","twitter_creator":"@ClubeDao","twitter_site":"@ClubeDao","twitter_misc":{"Escrito por":"admin","Tempo estimado de leitura":"3 minutos"},"schema":{"@context":"https:\/\/schema.org","@graph":[{"@type":"Article","@id":"https:\/\/www.radioclubedodao.pt\/site\/2019\/05\/11\/aviso-a-populacao-perigo-incendio-rural\/#article","isPartOf":{"@id":"https:\/\/www.radioclubedodao.pt\/site\/2019\/05\/11\/aviso-a-populacao-perigo-incendio-rural\/"},"author":{"name":"admin","@id":"https:\/\/www.radioclubedodao.pt\/site\/#\/schema\/person\/cd7a28554f264c1876d790fedfddf499"},"headline":"AVISO \u00c0 POPULA\u00c7\u00c3O &#8211; PERIGO INC\u00caNDIO RURAL","datePublished":"2019-05-11T00:17:32+00:00","dateModified":"2019-05-11T00:17:32+00:00","mainEntityOfPage":{"@id":"https:\/\/www.radioclubedodao.pt\/site\/2019\/05\/11\/aviso-a-populacao-perigo-incendio-rural\/"},"wordCount":537,"commentCount":0,"publisher":{"@id":"https:\/\/www.radioclubedodao.pt\/site\/#organization"},"articleSection":["Local","Nacional","Not\u00edcias","Regional"],"inLanguage":"pt-PT","potentialAction":[{"@type":"CommentAction","name":"Comment","target":["https:\/\/www.radioclubedodao.pt\/site\/2019\/05\/11\/aviso-a-populacao-perigo-incendio-rural\/#respond"]}]},{"@type":"WebPage","@id":"https:\/\/www.radioclubedodao.pt\/site\/2019\/05\/11\/aviso-a-populacao-perigo-incendio-rural\/","url":"https:\/\/www.radioclubedodao.pt\/site\/2019\/05\/11\/aviso-a-populacao-perigo-incendio-rural\/","name":"AVISO \u00c0 POPULA\u00c7\u00c3O - PERIGO INC\u00caNDIO RURAL - R\u00e1dio Clube do D\u00e3o","isPartOf":{"@id":"https:\/\/www.radioclubedodao.pt\/site\/#website"},"datePublished":"2019-05-11T00:17:32+00:00","dateModified":"2019-05-11T00:17:32+00:00","breadcrumb":{"@id":"https:\/\/www.radioclubedodao.pt\/site\/2019\/05\/11\/aviso-a-populacao-perigo-incendio-rural\/#breadcrumb"},"inLanguage":"pt-PT","potentialAction":[{"@type":"ReadAction","target":["https:\/\/www.radioclubedodao.pt\/site\/2019\/05\/11\/aviso-a-populacao-perigo-incendio-rural\/"]}]},{"@type":"BreadcrumbList","@id":"https:\/\/www.radioclubedodao.pt\/site\/2019\/05\/11\/aviso-a-populacao-perigo-incendio-rural\/#breadcrumb","itemListElement":[{"@type":"ListItem","position":1,"name":"In\u00edcio","item":"https:\/\/www.radioclubedodao.pt\/site\/"},{"@type":"ListItem","position":2,"name":"AVISO \u00c0 POPULA\u00c7\u00c3O &#8211; PERIGO INC\u00caNDIO RURAL"}]},{"@type":"WebSite","@id":"https:\/\/www.radioclubedodao.pt\/site\/#website","url":"https:\/\/www.radioclubedodao.pt\/site\/","name":"R\u00e1dio Clube do D\u00e3o","description":"webr\u00e1dio","publisher":{"@id":"https:\/\/www.radioclubedodao.pt\/site\/#organization"},"potentialAction":[{"@type":"SearchAction","target":{"@type":"EntryPoint","urlTemplate":"https:\/\/www.radioclubedodao.pt\/site\/?s={search_term_string}"},"query-input":{"@type":"PropertyValueSpecification","valueRequired":true,"valueName":"search_term_string"}}],"inLanguage":"pt-PT"},{"@type":"Organization","@id":"https:\/\/www.radioclubedodao.pt\/site\/#organization","name":"R\u00e1dio Clube do D\u00e3o","url":"https:\/\/www.radioclubedodao.pt\/site\/","logo":{"@type":"ImageObject","inLanguage":"pt-PT","@id":"https:\/\/www.radioclubedodao.pt\/site\/#\/schema\/logo\/image\/","url":"https:\/\/www.radioclubedodao.pt\/site\/wp-content\/uploads\/2018\/09\/10959501_1528800417385471_8159620885825168864_n.png","contentUrl":"https:\/\/www.radioclubedodao.pt\/site\/wp-content\/uploads\/2018\/09\/10959501_1528800417385471_8159620885825168864_n.png","width":960,"height":678,"caption":"R\u00e1dio Clube do D\u00e3o"},"image":{"@id":"https:\/\/www.radioclubedodao.pt\/site\/#\/schema\/logo\/image\/"},"sameAs":["https:\/\/www.facebook.com\/radioclubedodao\/","https:\/\/x.com\/ClubeDao","https:\/\/www.instagram.com\/rcdao\/?hl=pt"]},{"@type":"Person","@id":"https:\/\/www.radioclubedodao.pt\/site\/#\/schema\/person\/cd7a28554f264c1876d790fedfddf499","name":"admin","image":{"@type":"ImageObject","inLanguage":"pt-PT","@id":"https:\/\/www.radioclubedodao.pt\/site\/#\/schema\/person\/image\/","url":"https:\/\/secure.gravatar.com\/avatar\/34c95391003e4d74dd8a7ac6916f4230?s=96&d=mm&r=g","contentUrl":"https:\/\/secure.gravatar.com\/avatar\/34c95391003e4d74dd8a7ac6916f4230?s=96&d=mm&r=g","caption":"admin"}}]}},"_links":{"self":[{"href":"https:\/\/www.radioclubedodao.pt\/site\/wp-json\/wp\/v2\/posts\/1061","targetHints":{"allow":["GET"]}}],"collection":[{"href":"https:\/\/www.radioclubedodao.pt\/site\/wp-json\/wp\/v2\/posts"}],"about":[{"href":"https:\/\/www.radioclubedodao.pt\/site\/wp-json\/wp\/v2\/types\/post"}],"author":[{"embeddable":true,"href":"https:\/\/www.radioclubedodao.pt\/site\/wp-json\/wp\/v2\/users\/1"}],"replies":[{"embeddable":true,"href":"https:\/\/www.radioclubedodao.pt\/site\/wp-json\/wp\/v2\/comments?post=1061"}],"version-history":[{"count":1,"href":"https:\/\/www.radioclubedodao.pt\/site\/wp-json\/wp\/v2\/posts\/1061\/revisions"}],"predecessor-version":[{"id":1063,"href":"https:\/\/www.radioclubedodao.pt\/site\/wp-json\/wp\/v2\/posts\/1061\/revisions\/1063"}],"wp:attachment":[{"href":"https:\/\/www.radioclubedodao.pt\/site\/wp-json\/wp\/v2\/media?parent=1061"}],"wp:term":[{"taxonomy":"category","embeddable":true,"href":"https:\/\/www.radioclubedodao.pt\/site\/wp-json\/wp\/v2\/categories?post=1061"},{"taxonomy":"post_tag","embeddable":true,"href":"https:\/\/www.radioclubedodao.pt\/site\/wp-json\/wp\/v2\/tags?post=1061"},{"taxonomy":"podcasting_podcasts","embeddable":true,"href":"https:\/\/www.radioclubedodao.pt\/site\/wp-json\/wp\/v2\/podcasting_podcasts?post=1061"}],"curies":[{"name":"wp","href":"https:\/\/api.w.org\/{rel}","templated":true}]}}