{"id":1805,"date":"2020-09-10T14:40:00","date_gmt":"2020-09-10T13:40:00","guid":{"rendered":"https:\/\/www.radioclubedodao.pt\/site\/?p=1805"},"modified":"2020-09-10T15:22:54","modified_gmt":"2020-09-10T14:22:54","slug":"covid-19-medidas-de-contingencia-a-partir-de-15-de-setembro","status":"publish","type":"post","link":"https:\/\/www.radioclubedodao.pt\/site\/2020\/09\/10\/covid-19-medidas-de-contingencia-a-partir-de-15-de-setembro\/","title":{"rendered":"Covid-19 &#8211; Medidas de conting\u00eancia a partir de 15 de setembro"},"content":{"rendered":"<blockquote><p>O primeiro-ministro apresentou esta tarde o novo pacote de medidas de conting\u00eancia aprovado pelo Conselho de\u00a0Ministros, numa altura em que, segundo referiu em confer\u00eancia de imprensa,\u00a0&#8220;<a class=\"already-measured\" href=\"https:\/\/tvi24.iol.pt\/politica\/portugal\/antonio-costa-nas-ultimas-semanas-tem-havido-um-crescimento-sustentado-da-pandemia\">nas \u00faltimas semanas tem havido um crescimento sustentado da pandemia<\/a>&#8220;.<\/p><\/blockquote>\n<p>A saber:<\/p>\n<ul>\n<li>Os ajuntamentos passam a ser limitados a 10 pessoas.<\/li>\n<li>Estabelecimentos comerciais n\u00e3o podem abrir antes das 10:00 horas, mas haver\u00e1 exce\u00e7\u00f5es. A hora de encerramento dos estabelecimentos passa a ser entre as 20:00\u00a0e as 23:00, por decis\u00e3o das c\u00e2maras municipais.<\/li>\n<li>As \u00e1reas de restaura\u00e7\u00e3o nos centros comerciais passam a ter um limite m\u00e1ximo de quatro pessoas por grupo.<\/li>\n<li>Fica proibida a venda de bebidas alco\u00f3licas nas esta\u00e7\u00f5es de servi\u00e7o e a partir das 20:00\u00a0em todos os estabelecimentos, com exce\u00e7\u00e3o dos que servem refei\u00e7\u00f5es. Est\u00e1 igualmente proibido\u00a0o consumo de bebidas alco\u00f3licas na via p\u00fablica.<\/li>\n<li>As escolas, que abrem em regime presencial\u00a0entre 14 e 17 deste m\u00eas, devem adotar planos de conting\u00eancia e ter desinfetantes e equipamentos de prote\u00e7\u00e3o individual dispon\u00edveis, seguindo, de resto, as normas da Dire\u00e7\u00e3o Geral de Sa\u00fade. Nos caf\u00e9s e pastelarias at\u00e9 300 metros das escolas, passa a haver um limite m\u00e1ximo de quatro pessoas por grupo de forma a evitar ajuntamentos de alunos.<\/li>\n<li>Os recintos desportivos, conforme j\u00e1 tinha sido avan\u00e7ado esta semana, v\u00e3o permanecer sem p\u00fablico.<\/li>\n<li>Estar\u00e3o dispon\u00edveis brigadas distritais de interven\u00e7\u00e3o r\u00e1pida para conten\u00e7\u00e3o e estabiliza\u00e7\u00e3o de surtos em lares, conforme tamb\u00e9m j\u00e1 tinha sido avan\u00e7ado pelo Executivo.<\/li>\n<li>Nos locais de trabalho, o Governo pretende que haja equipas em espelho, com escalas de rotatividade entre teletrabalho e trabalho presencial. Pretende-se ainda o desfasamento de hor\u00e1rios de entrada e sa\u00edda, bem como de pausas e refei\u00e7\u00f5es.<\/li>\n<\/ul>\n<p>&nbsp;<\/p>\n<p>Fonte: TVI24<\/p>\n","protected":false},"excerpt":{"rendered":"<p>O primeiro-ministro apresentou esta tarde o novo pacote de medidas de conting\u00eancia aprovado pelo Conselho de\u00a0Ministros, numa altura em que, segundo referiu em confer\u00eancia de imprensa,\u00a0&#8220;nas \u00faltimas semanas tem havido um crescimento sustentado da pandemia&#8220;&#8230;.<\/p>\n","protected":false},"author":1,"featured_media":1812,"comment_status":"open","ping_status":"open","sticky":false,"template":"","format":"standard","meta":{"podcast_url":"","podcast_explicit":"no","podcast_captioned":false,"podcast_duration":"","podcast_filesize":0,"podcast_mime":"","enclosure":"","podcast_season_number":"","podcast_episode_number":"","podcast_episode_type":"none","podcast_transcript":"","sfsi_plus_gutenberg_text_before_share":"","sfsi_plus_gutenberg_show_text_before_share":"","sfsi_plus_gutenberg_icon_type":"","sfsi_plus_gutenberg_icon_alignemt":"","sfsi_plus_gutenburg_max_per_row":"","sapo_feed_post_nuts":"","footnotes":""},"categories":[7,9,3,8],"tags":[],"podcasting_podcasts":[],"class_list":["post-1805","post","type-post","status-publish","format-standard","has-post-thumbnail","hentry","category-local","category-nacional","category-noticias","category-regional"],"yoast_head":"<!-- This site is optimized with the Yoast SEO plugin v24.1 - https:\/\/yoast.com\/wordpress\/plugins\/seo\/ -->\n<title>Covid-19 - Medidas de conting\u00eancia a partir de 15 de setembro - R\u00e1dio Clube do D\u00e3o<\/title>\n<meta name=\"robots\" content=\"index, follow, max-snippet:-1, max-image-preview:large, max-video-preview:-1\" \/>\n<link rel=\"canonical\" href=\"https:\/\/www.radioclubedodao.pt\/site\/2020\/09\/10\/covid-19-medidas-de-contingencia-a-partir-de-15-de-setembro\/\" \/>\n<meta property=\"og:locale\" content=\"pt_PT\" \/>\n<meta property=\"og:type\" content=\"article\" \/>\n<meta property=\"og:title\" content=\"Covid-19 - Medidas de conting\u00eancia a partir de 15 de setembro - R\u00e1dio Clube do D\u00e3o\" \/>\n<meta property=\"og:description\" content=\"O primeiro-ministro apresentou esta tarde o novo pacote de medidas de conting\u00eancia aprovado pelo Conselho de\u00a0Ministros, numa altura em que, segundo referiu em confer\u00eancia de imprensa,\u00a0&#8220;nas \u00faltimas semanas tem havido um crescimento sustentado da pandemia&#8220;....\" \/>\n<meta property=\"og:url\" content=\"https:\/\/www.radioclubedodao.pt\/site\/2020\/09\/10\/covid-19-medidas-de-contingencia-a-partir-de-15-de-setembro\/\" \/>\n<meta property=\"og:site_name\" content=\"R\u00e1dio Clube do D\u00e3o\" \/>\n<meta property=\"article:publisher\" content=\"https:\/\/www.facebook.com\/radioclubedodao\/\" \/>\n<meta property=\"article:published_time\" content=\"2020-09-10T13:40:00+00:00\" \/>\n<meta property=\"article:modified_time\" content=\"2020-09-10T14:22:54+00:00\" \/>\n<meta property=\"og:image\" content=\"https:\/\/www.radioclubedodao.pt\/site\/wp-content\/uploads\/2020\/09\/oie_101619458GzMu0m1-1.png\" \/>\n\t<meta property=\"og:image:width\" content=\"711\" \/>\n\t<meta property=\"og:image:height\" content=\"309\" \/>\n\t<meta property=\"og:image:type\" content=\"image\/png\" \/>\n<meta name=\"author\" content=\"admin\" \/>\n<meta name=\"twitter:card\" content=\"summary_large_image\" \/>\n<meta name=\"twitter:creator\" content=\"@ClubeDao\" \/>\n<meta name=\"twitter:site\" content=\"@ClubeDao\" \/>\n<meta name=\"twitter:label1\" content=\"Escrito por\" \/>\n\t<meta name=\"twitter:data1\" content=\"admin\" \/>\n\t<meta name=\"twitter:label2\" content=\"Tempo estimado de leitura\" \/>\n\t<meta name=\"twitter:data2\" content=\"2 minutos\" \/>\n<script type=\"application\/ld+json\" class=\"yoast-schema-graph\">{\"@context\":\"https:\/\/schema.org\",\"@graph\":[{\"@type\":\"Article\",\"@id\":\"https:\/\/www.radioclubedodao.pt\/site\/2020\/09\/10\/covid-19-medidas-de-contingencia-a-partir-de-15-de-setembro\/#article\",\"isPartOf\":{\"@id\":\"https:\/\/www.radioclubedodao.pt\/site\/2020\/09\/10\/covid-19-medidas-de-contingencia-a-partir-de-15-de-setembro\/\"},\"author\":{\"name\":\"admin\",\"@id\":\"https:\/\/www.radioclubedodao.pt\/site\/#\/schema\/person\/cd7a28554f264c1876d790fedfddf499\"},\"headline\":\"Covid-19 &#8211; Medidas de conting\u00eancia a partir de 15 de setembro\",\"datePublished\":\"2020-09-10T13:40:00+00:00\",\"dateModified\":\"2020-09-10T14:22:54+00:00\",\"mainEntityOfPage\":{\"@id\":\"https:\/\/www.radioclubedodao.pt\/site\/2020\/09\/10\/covid-19-medidas-de-contingencia-a-partir-de-15-de-setembro\/\"},\"wordCount\":316,\"commentCount\":0,\"publisher\":{\"@id\":\"https:\/\/www.radioclubedodao.pt\/site\/#organization\"},\"image\":{\"@id\":\"https:\/\/www.radioclubedodao.pt\/site\/2020\/09\/10\/covid-19-medidas-de-contingencia-a-partir-de-15-de-setembro\/#primaryimage\"},\"thumbnailUrl\":\"https:\/\/www.radioclubedodao.pt\/site\/wp-content\/uploads\/2020\/09\/oie_101619458GzMu0m1-1.png\",\"articleSection\":[\"Local\",\"Nacional\",\"Not\u00edcias\",\"Regional\"],\"inLanguage\":\"pt-PT\",\"potentialAction\":[{\"@type\":\"CommentAction\",\"name\":\"Comment\",\"target\":[\"https:\/\/www.radioclubedodao.pt\/site\/2020\/09\/10\/covid-19-medidas-de-contingencia-a-partir-de-15-de-setembro\/#respond\"]}]},{\"@type\":\"WebPage\",\"@id\":\"https:\/\/www.radioclubedodao.pt\/site\/2020\/09\/10\/covid-19-medidas-de-contingencia-a-partir-de-15-de-setembro\/\",\"url\":\"https:\/\/www.radioclubedodao.pt\/site\/2020\/09\/10\/covid-19-medidas-de-contingencia-a-partir-de-15-de-setembro\/\",\"name\":\"Covid-19 - Medidas de conting\u00eancia a partir de 15 de setembro - R\u00e1dio Clube do D\u00e3o\",\"isPartOf\":{\"@id\":\"https:\/\/www.radioclubedodao.pt\/site\/#website\"},\"primaryImageOfPage\":{\"@id\":\"https:\/\/www.radioclubedodao.pt\/site\/2020\/09\/10\/covid-19-medidas-de-contingencia-a-partir-de-15-de-setembro\/#primaryimage\"},\"image\":{\"@id\":\"https:\/\/www.radioclubedodao.pt\/site\/2020\/09\/10\/covid-19-medidas-de-contingencia-a-partir-de-15-de-setembro\/#primaryimage\"},\"thumbnailUrl\":\"https:\/\/www.radioclubedodao.pt\/site\/wp-content\/uploads\/2020\/09\/oie_101619458GzMu0m1-1.png\",\"datePublished\":\"2020-09-10T13:40:00+00:00\",\"dateModified\":\"2020-09-10T14:22:54+00:00\",\"breadcrumb\":{\"@id\":\"https:\/\/www.radioclubedodao.pt\/site\/2020\/09\/10\/covid-19-medidas-de-contingencia-a-partir-de-15-de-setembro\/#breadcrumb\"},\"inLanguage\":\"pt-PT\",\"potentialAction\":[{\"@type\":\"ReadAction\",\"target\":[\"https:\/\/www.radioclubedodao.pt\/site\/2020\/09\/10\/covid-19-medidas-de-contingencia-a-partir-de-15-de-setembro\/\"]}]},{\"@type\":\"ImageObject\",\"inLanguage\":\"pt-PT\",\"@id\":\"https:\/\/www.radioclubedodao.pt\/site\/2020\/09\/10\/covid-19-medidas-de-contingencia-a-partir-de-15-de-setembro\/#primaryimage\",\"url\":\"https:\/\/www.radioclubedodao.pt\/site\/wp-content\/uploads\/2020\/09\/oie_101619458GzMu0m1-1.png\",\"contentUrl\":\"https:\/\/www.radioclubedodao.pt\/site\/wp-content\/uploads\/2020\/09\/oie_101619458GzMu0m1-1.png\",\"width\":711,\"height\":309},{\"@type\":\"BreadcrumbList\",\"@id\":\"https:\/\/www.radioclubedodao.pt\/site\/2020\/09\/10\/covid-19-medidas-de-contingencia-a-partir-de-15-de-setembro\/#breadcrumb\",\"itemListElement\":[{\"@type\":\"ListItem\",\"position\":1,\"name\":\"In\u00edcio\",\"item\":\"https:\/\/www.radioclubedodao.pt\/site\/\"},{\"@type\":\"ListItem\",\"position\":2,\"name\":\"Covid-19 &#8211; Medidas de conting\u00eancia a partir de 15 de setembro\"}]},{\"@type\":\"WebSite\",\"@id\":\"https:\/\/www.radioclubedodao.pt\/site\/#website\",\"url\":\"https:\/\/www.radioclubedodao.pt\/site\/\",\"name\":\"R\u00e1dio Clube do D\u00e3o\",\"description\":\"webr\u00e1dio\",\"publisher\":{\"@id\":\"https:\/\/www.radioclubedodao.pt\/site\/#organization\"},\"potentialAction\":[{\"@type\":\"SearchAction\",\"target\":{\"@type\":\"EntryPoint\",\"urlTemplate\":\"https:\/\/www.radioclubedodao.pt\/site\/?s={search_term_string}\"},\"query-input\":{\"@type\":\"PropertyValueSpecification\",\"valueRequired\":true,\"valueName\":\"search_term_string\"}}],\"inLanguage\":\"pt-PT\"},{\"@type\":\"Organization\",\"@id\":\"https:\/\/www.radioclubedodao.pt\/site\/#organization\",\"name\":\"R\u00e1dio Clube do D\u00e3o\",\"url\":\"https:\/\/www.radioclubedodao.pt\/site\/\",\"logo\":{\"@type\":\"ImageObject\",\"inLanguage\":\"pt-PT\",\"@id\":\"https:\/\/www.radioclubedodao.pt\/site\/#\/schema\/logo\/image\/\",\"url\":\"https:\/\/www.radioclubedodao.pt\/site\/wp-content\/uploads\/2018\/09\/10959501_1528800417385471_8159620885825168864_n.png\",\"contentUrl\":\"https:\/\/www.radioclubedodao.pt\/site\/wp-content\/uploads\/2018\/09\/10959501_1528800417385471_8159620885825168864_n.png\",\"width\":960,\"height\":678,\"caption\":\"R\u00e1dio Clube do D\u00e3o\"},\"image\":{\"@id\":\"https:\/\/www.radioclubedodao.pt\/site\/#\/schema\/logo\/image\/\"},\"sameAs\":[\"https:\/\/www.facebook.com\/radioclubedodao\/\",\"https:\/\/x.com\/ClubeDao\",\"https:\/\/www.instagram.com\/rcdao\/?hl=pt\"]},{\"@type\":\"Person\",\"@id\":\"https:\/\/www.radioclubedodao.pt\/site\/#\/schema\/person\/cd7a28554f264c1876d790fedfddf499\",\"name\":\"admin\",\"image\":{\"@type\":\"ImageObject\",\"inLanguage\":\"pt-PT\",\"@id\":\"https:\/\/www.radioclubedodao.pt\/site\/#\/schema\/person\/image\/\",\"url\":\"https:\/\/secure.gravatar.com\/avatar\/34c95391003e4d74dd8a7ac6916f4230?s=96&d=mm&r=g\",\"contentUrl\":\"https:\/\/secure.gravatar.com\/avatar\/34c95391003e4d74dd8a7ac6916f4230?s=96&d=mm&r=g\",\"caption\":\"admin\"}}]}<\/script>\n<!-- \/ Yoast SEO plugin. -->","yoast_head_json":{"title":"Covid-19 - Medidas de conting\u00eancia a partir de 15 de setembro - R\u00e1dio Clube do D\u00e3o","robots":{"index":"index","follow":"follow","max-snippet":"max-snippet:-1","max-image-preview":"max-image-preview:large","max-video-preview":"max-video-preview:-1"},"canonical":"https:\/\/www.radioclubedodao.pt\/site\/2020\/09\/10\/covid-19-medidas-de-contingencia-a-partir-de-15-de-setembro\/","og_locale":"pt_PT","og_type":"article","og_title":"Covid-19 - Medidas de conting\u00eancia a partir de 15 de setembro - R\u00e1dio Clube do D\u00e3o","og_description":"O primeiro-ministro apresentou esta tarde o novo pacote de medidas de conting\u00eancia aprovado pelo Conselho de\u00a0Ministros, numa altura em que, segundo referiu em confer\u00eancia de imprensa,\u00a0&#8220;nas \u00faltimas semanas tem havido um crescimento sustentado da pandemia&#8220;....","og_url":"https:\/\/www.radioclubedodao.pt\/site\/2020\/09\/10\/covid-19-medidas-de-contingencia-a-partir-de-15-de-setembro\/","og_site_name":"R\u00e1dio Clube do D\u00e3o","article_publisher":"https:\/\/www.facebook.com\/radioclubedodao\/","article_published_time":"2020-09-10T13:40:00+00:00","article_modified_time":"2020-09-10T14:22:54+00:00","og_image":[{"width":711,"height":309,"url":"https:\/\/www.radioclubedodao.pt\/site\/wp-content\/uploads\/2020\/09\/oie_101619458GzMu0m1-1.png","type":"image\/png"}],"author":"admin","twitter_card":"summary_large_image","twitter_creator":"@ClubeDao","twitter_site":"@ClubeDao","twitter_misc":{"Escrito por":"admin","Tempo estimado de leitura":"2 minutos"},"schema":{"@context":"https:\/\/schema.org","@graph":[{"@type":"Article","@id":"https:\/\/www.radioclubedodao.pt\/site\/2020\/09\/10\/covid-19-medidas-de-contingencia-a-partir-de-15-de-setembro\/#article","isPartOf":{"@id":"https:\/\/www.radioclubedodao.pt\/site\/2020\/09\/10\/covid-19-medidas-de-contingencia-a-partir-de-15-de-setembro\/"},"author":{"name":"admin","@id":"https:\/\/www.radioclubedodao.pt\/site\/#\/schema\/person\/cd7a28554f264c1876d790fedfddf499"},"headline":"Covid-19 &#8211; Medidas de conting\u00eancia a partir de 15 de setembro","datePublished":"2020-09-10T13:40:00+00:00","dateModified":"2020-09-10T14:22:54+00:00","mainEntityOfPage":{"@id":"https:\/\/www.radioclubedodao.pt\/site\/2020\/09\/10\/covid-19-medidas-de-contingencia-a-partir-de-15-de-setembro\/"},"wordCount":316,"commentCount":0,"publisher":{"@id":"https:\/\/www.radioclubedodao.pt\/site\/#organization"},"image":{"@id":"https:\/\/www.radioclubedodao.pt\/site\/2020\/09\/10\/covid-19-medidas-de-contingencia-a-partir-de-15-de-setembro\/#primaryimage"},"thumbnailUrl":"https:\/\/www.radioclubedodao.pt\/site\/wp-content\/uploads\/2020\/09\/oie_101619458GzMu0m1-1.png","articleSection":["Local","Nacional","Not\u00edcias","Regional"],"inLanguage":"pt-PT","potentialAction":[{"@type":"CommentAction","name":"Comment","target":["https:\/\/www.radioclubedodao.pt\/site\/2020\/09\/10\/covid-19-medidas-de-contingencia-a-partir-de-15-de-setembro\/#respond"]}]},{"@type":"WebPage","@id":"https:\/\/www.radioclubedodao.pt\/site\/2020\/09\/10\/covid-19-medidas-de-contingencia-a-partir-de-15-de-setembro\/","url":"https:\/\/www.radioclubedodao.pt\/site\/2020\/09\/10\/covid-19-medidas-de-contingencia-a-partir-de-15-de-setembro\/","name":"Covid-19 - Medidas de conting\u00eancia a partir de 15 de setembro - R\u00e1dio Clube do D\u00e3o","isPartOf":{"@id":"https:\/\/www.radioclubedodao.pt\/site\/#website"},"primaryImageOfPage":{"@id":"https:\/\/www.radioclubedodao.pt\/site\/2020\/09\/10\/covid-19-medidas-de-contingencia-a-partir-de-15-de-setembro\/#primaryimage"},"image":{"@id":"https:\/\/www.radioclubedodao.pt\/site\/2020\/09\/10\/covid-19-medidas-de-contingencia-a-partir-de-15-de-setembro\/#primaryimage"},"thumbnailUrl":"https:\/\/www.radioclubedodao.pt\/site\/wp-content\/uploads\/2020\/09\/oie_101619458GzMu0m1-1.png","datePublished":"2020-09-10T13:40:00+00:00","dateModified":"2020-09-10T14:22:54+00:00","breadcrumb":{"@id":"https:\/\/www.radioclubedodao.pt\/site\/2020\/09\/10\/covid-19-medidas-de-contingencia-a-partir-de-15-de-setembro\/#breadcrumb"},"inLanguage":"pt-PT","potentialAction":[{"@type":"ReadAction","target":["https:\/\/www.radioclubedodao.pt\/site\/2020\/09\/10\/covid-19-medidas-de-contingencia-a-partir-de-15-de-setembro\/"]}]},{"@type":"ImageObject","inLanguage":"pt-PT","@id":"https:\/\/www.radioclubedodao.pt\/site\/2020\/09\/10\/covid-19-medidas-de-contingencia-a-partir-de-15-de-setembro\/#primaryimage","url":"https:\/\/www.radioclubedodao.pt\/site\/wp-content\/uploads\/2020\/09\/oie_101619458GzMu0m1-1.png","contentUrl":"https:\/\/www.radioclubedodao.pt\/site\/wp-content\/uploads\/2020\/09\/oie_101619458GzMu0m1-1.png","width":711,"height":309},{"@type":"BreadcrumbList","@id":"https:\/\/www.radioclubedodao.pt\/site\/2020\/09\/10\/covid-19-medidas-de-contingencia-a-partir-de-15-de-setembro\/#breadcrumb","itemListElement":[{"@type":"ListItem","position":1,"name":"In\u00edcio","item":"https:\/\/www.radioclubedodao.pt\/site\/"},{"@type":"ListItem","position":2,"name":"Covid-19 &#8211; Medidas de conting\u00eancia a partir de 15 de setembro"}]},{"@type":"WebSite","@id":"https:\/\/www.radioclubedodao.pt\/site\/#website","url":"https:\/\/www.radioclubedodao.pt\/site\/","name":"R\u00e1dio Clube do D\u00e3o","description":"webr\u00e1dio","publisher":{"@id":"https:\/\/www.radioclubedodao.pt\/site\/#organization"},"potentialAction":[{"@type":"SearchAction","target":{"@type":"EntryPoint","urlTemplate":"https:\/\/www.radioclubedodao.pt\/site\/?s={search_term_string}"},"query-input":{"@type":"PropertyValueSpecification","valueRequired":true,"valueName":"search_term_string"}}],"inLanguage":"pt-PT"},{"@type":"Organization","@id":"https:\/\/www.radioclubedodao.pt\/site\/#organization","name":"R\u00e1dio Clube do D\u00e3o","url":"https:\/\/www.radioclubedodao.pt\/site\/","logo":{"@type":"ImageObject","inLanguage":"pt-PT","@id":"https:\/\/www.radioclubedodao.pt\/site\/#\/schema\/logo\/image\/","url":"https:\/\/www.radioclubedodao.pt\/site\/wp-content\/uploads\/2018\/09\/10959501_1528800417385471_8159620885825168864_n.png","contentUrl":"https:\/\/www.radioclubedodao.pt\/site\/wp-content\/uploads\/2018\/09\/10959501_1528800417385471_8159620885825168864_n.png","width":960,"height":678,"caption":"R\u00e1dio Clube do D\u00e3o"},"image":{"@id":"https:\/\/www.radioclubedodao.pt\/site\/#\/schema\/logo\/image\/"},"sameAs":["https:\/\/www.facebook.com\/radioclubedodao\/","https:\/\/x.com\/ClubeDao","https:\/\/www.instagram.com\/rcdao\/?hl=pt"]},{"@type":"Person","@id":"https:\/\/www.radioclubedodao.pt\/site\/#\/schema\/person\/cd7a28554f264c1876d790fedfddf499","name":"admin","image":{"@type":"ImageObject","inLanguage":"pt-PT","@id":"https:\/\/www.radioclubedodao.pt\/site\/#\/schema\/person\/image\/","url":"https:\/\/secure.gravatar.com\/avatar\/34c95391003e4d74dd8a7ac6916f4230?s=96&d=mm&r=g","contentUrl":"https:\/\/secure.gravatar.com\/avatar\/34c95391003e4d74dd8a7ac6916f4230?s=96&d=mm&r=g","caption":"admin"}}]}},"_links":{"self":[{"href":"https:\/\/www.radioclubedodao.pt\/site\/wp-json\/wp\/v2\/posts\/1805","targetHints":{"allow":["GET"]}}],"collection":[{"href":"https:\/\/www.radioclubedodao.pt\/site\/wp-json\/wp\/v2\/posts"}],"about":[{"href":"https:\/\/www.radioclubedodao.pt\/site\/wp-json\/wp\/v2\/types\/post"}],"author":[{"embeddable":true,"href":"https:\/\/www.radioclubedodao.pt\/site\/wp-json\/wp\/v2\/users\/1"}],"replies":[{"embeddable":true,"href":"https:\/\/www.radioclubedodao.pt\/site\/wp-json\/wp\/v2\/comments?post=1805"}],"version-history":[{"count":3,"href":"https:\/\/www.radioclubedodao.pt\/site\/wp-json\/wp\/v2\/posts\/1805\/revisions"}],"predecessor-version":[{"id":1809,"href":"https:\/\/www.radioclubedodao.pt\/site\/wp-json\/wp\/v2\/posts\/1805\/revisions\/1809"}],"wp:featuredmedia":[{"embeddable":true,"href":"https:\/\/www.radioclubedodao.pt\/site\/wp-json\/wp\/v2\/media\/1812"}],"wp:attachment":[{"href":"https:\/\/www.radioclubedodao.pt\/site\/wp-json\/wp\/v2\/media?parent=1805"}],"wp:term":[{"taxonomy":"category","embeddable":true,"href":"https:\/\/www.radioclubedodao.pt\/site\/wp-json\/wp\/v2\/categories?post=1805"},{"taxonomy":"post_tag","embeddable":true,"href":"https:\/\/www.radioclubedodao.pt\/site\/wp-json\/wp\/v2\/tags?post=1805"},{"taxonomy":"podcasting_podcasts","embeddable":true,"href":"https:\/\/www.radioclubedodao.pt\/site\/wp-json\/wp\/v2\/podcasting_podcasts?post=1805"}],"curies":[{"name":"wp","href":"https:\/\/api.w.org\/{rel}","templated":true}]}}