{"id":2411,"date":"2021-03-16T14:05:41","date_gmt":"2021-03-16T14:05:41","guid":{"rendered":"https:\/\/www.radioclubedodao.pt\/site\/?p=2411"},"modified":"2021-03-16T14:07:56","modified_gmt":"2021-03-16T14:07:56","slug":"fernando-santos-convoca-para-azerbaijao-servia-e-luxemburgo","status":"publish","type":"post","link":"https:\/\/www.radioclubedodao.pt\/site\/2021\/03\/16\/fernando-santos-convoca-para-azerbaijao-servia-e-luxemburgo\/","title":{"rendered":"Fernando Santos convoca para Azerbaij\u00e3o, S\u00e9rvia e Luxemburgo"},"content":{"rendered":"\n<p><strong>Selecionador Nacional divulgou os escolhidos para o in\u00edcio da campanha do Mundial 2022<\/strong><\/p>\n\n\n\n<p>O Selecionador Nacional anunciou a lista de convocados para os jogos&nbsp;de qualifica\u00e7\u00e3o do Mundial 2022 do Catar, frente a Azerbaij\u00e3o, S\u00e9rvia e Luxemburgo<\/p>\n\n\n\n<p>Portugal, recorde-se, enfrenta, dia 24, em Turim, por imposi\u00e7\u00e3o sanit\u00e1ria, a cong\u00e9nere azeri,&nbsp;e depois, dia 27, em Belgrado, joga com a S\u00e9rvia. Portugal terminar\u00e1 esta tripla jornada enfrentando, dia 30, o Luxemburgo na cidade do Luxemburgo.<\/p>\n\n\n\n<p>Todos os jogos ter\u00e3o inic\u00edo \u00e0s 19h45 nacionais.&nbsp;<\/p>\n\n\n\n<p>Conhe\u00e7a os 25 escolhidos de Fernando Santos:<\/p>\n\n\n\n<p><strong>Guarda-redes<\/strong>&nbsp;&#8211; Anthony Lopes (Olympique Lyon), Rui Patr\u00edcio (Wolverhampton Wanderers FC) e Rui Silva (Granada CF);<\/p>\n\n\n\n<p><strong>Defesas&nbsp;<\/strong>&#8211; Jo\u00e3o Cancelo (Manchester City), C\u00e9dric Soares (Arsenal FC), Domingos Duarte (Granada CF), Pepe (FC Porto), Jos\u00e9 Fonte (LOSC Lille), R\u00faben Dias (Manchester City), Raphael Guerreiro (Borussia Dortmund), Nuno Mendes (Sporting CP);<\/p>\n\n\n\n<p><strong>M\u00e9dios<\/strong>&nbsp;&#8211;&nbsp;Danilo Pereira (PSG), Jo\u00e3o Palhinha (Sporting CP), R\u00faben Neves (Wolverhampton Wanderers FC), Jo\u00e3o Moutinho (Wolverhampton Wanderers FC), Bruno Fernandes (Manchester United FC),&nbsp;Renato Sanches (LOSC Lille) e&nbsp;S\u00e9rgio Oliveira (FC Porto);<\/p>\n\n\n\n<p><strong>Avan\u00e7ados &#8211;<\/strong>\u00a0Bernardo Silva (Manchester City FC), Pedro Neto\u00a0(Wolverhampton Wanderers FC), Diogo Jota (Liverpool FC),\u00a0Cristiano Ronaldo (Juventus FC), Rafa Silva (SL Benfica), Jo\u00e3o F\u00e9lix (Atl\u00e9tico Madrid) e Andr\u00e9 Silva (Eintracht Frankfurt).\u00a0<\/p>\n\n\n\n<p>Fonte: Federa\u00e7\u00e3o Portuguesa de futebol <\/p>\n","protected":false},"excerpt":{"rendered":"<p>Selecionador Nacional divulgou os escolhidos para o in\u00edcio da campanha do Mundial 2022 O Selecionador Nacional anunciou a lista de convocados para os jogos&nbsp;de qualifica\u00e7\u00e3o do Mundial 2022 do Catar, frente a Azerbaij\u00e3o, S\u00e9rvia e&#8230;<\/p>\n","protected":false},"author":1,"featured_media":0,"comment_status":"open","ping_status":"open","sticky":false,"template":"","format":"standard","meta":{"podcast_url":"","podcast_explicit":"no","podcast_captioned":false,"podcast_duration":"","podcast_filesize":0,"podcast_mime":"","enclosure":"","podcast_season_number":"","podcast_episode_number":"","podcast_episode_type":"none","podcast_transcript":"","sfsi_plus_gutenberg_text_before_share":"","sfsi_plus_gutenberg_show_text_before_share":"","sfsi_plus_gutenberg_icon_type":"","sfsi_plus_gutenberg_icon_alignemt":"","sfsi_plus_gutenburg_max_per_row":"","sapo_feed_post_nuts":"","footnotes":""},"categories":[1],"tags":[],"podcasting_podcasts":[],"class_list":["post-2411","post","type-post","status-publish","format-standard","hentry","category-uncategorized"],"yoast_head":"<!-- This site is optimized with the Yoast SEO plugin v24.1 - https:\/\/yoast.com\/wordpress\/plugins\/seo\/ -->\n<title>Fernando Santos convoca para Azerbaij\u00e3o, S\u00e9rvia e Luxemburgo - R\u00e1dio Clube do D\u00e3o<\/title>\n<meta name=\"robots\" content=\"index, follow, max-snippet:-1, max-image-preview:large, max-video-preview:-1\" \/>\n<link rel=\"canonical\" href=\"https:\/\/www.radioclubedodao.pt\/site\/2021\/03\/16\/fernando-santos-convoca-para-azerbaijao-servia-e-luxemburgo\/\" \/>\n<meta property=\"og:locale\" content=\"pt_PT\" \/>\n<meta property=\"og:type\" content=\"article\" \/>\n<meta property=\"og:title\" content=\"Fernando Santos convoca para Azerbaij\u00e3o, S\u00e9rvia e Luxemburgo - R\u00e1dio Clube do D\u00e3o\" \/>\n<meta property=\"og:description\" content=\"Selecionador Nacional divulgou os escolhidos para o in\u00edcio da campanha do Mundial 2022 O Selecionador Nacional anunciou a lista de convocados para os jogos&nbsp;de qualifica\u00e7\u00e3o do Mundial 2022 do Catar, frente a Azerbaij\u00e3o, S\u00e9rvia e...\" \/>\n<meta property=\"og:url\" content=\"https:\/\/www.radioclubedodao.pt\/site\/2021\/03\/16\/fernando-santos-convoca-para-azerbaijao-servia-e-luxemburgo\/\" \/>\n<meta property=\"og:site_name\" content=\"R\u00e1dio Clube do D\u00e3o\" \/>\n<meta property=\"article:publisher\" content=\"https:\/\/www.facebook.com\/radioclubedodao\/\" \/>\n<meta property=\"article:published_time\" content=\"2021-03-16T14:05:41+00:00\" \/>\n<meta property=\"article:modified_time\" content=\"2021-03-16T14:07:56+00:00\" \/>\n<meta name=\"author\" content=\"admin\" \/>\n<meta name=\"twitter:card\" content=\"summary_large_image\" \/>\n<meta name=\"twitter:creator\" content=\"@ClubeDao\" \/>\n<meta name=\"twitter:site\" content=\"@ClubeDao\" \/>\n<meta name=\"twitter:label1\" content=\"Escrito por\" \/>\n\t<meta name=\"twitter:data1\" content=\"admin\" \/>\n\t<meta name=\"twitter:label2\" content=\"Tempo estimado de leitura\" \/>\n\t<meta name=\"twitter:data2\" content=\"1 minuto\" \/>\n<script type=\"application\/ld+json\" class=\"yoast-schema-graph\">{\"@context\":\"https:\/\/schema.org\",\"@graph\":[{\"@type\":\"Article\",\"@id\":\"https:\/\/www.radioclubedodao.pt\/site\/2021\/03\/16\/fernando-santos-convoca-para-azerbaijao-servia-e-luxemburgo\/#article\",\"isPartOf\":{\"@id\":\"https:\/\/www.radioclubedodao.pt\/site\/2021\/03\/16\/fernando-santos-convoca-para-azerbaijao-servia-e-luxemburgo\/\"},\"author\":{\"name\":\"admin\",\"@id\":\"https:\/\/www.radioclubedodao.pt\/site\/#\/schema\/person\/cd7a28554f264c1876d790fedfddf499\"},\"headline\":\"Fernando Santos convoca para Azerbaij\u00e3o, S\u00e9rvia e Luxemburgo\",\"datePublished\":\"2021-03-16T14:05:41+00:00\",\"dateModified\":\"2021-03-16T14:07:56+00:00\",\"mainEntityOfPage\":{\"@id\":\"https:\/\/www.radioclubedodao.pt\/site\/2021\/03\/16\/fernando-santos-convoca-para-azerbaijao-servia-e-luxemburgo\/\"},\"wordCount\":247,\"commentCount\":0,\"publisher\":{\"@id\":\"https:\/\/www.radioclubedodao.pt\/site\/#organization\"},\"articleSection\":[\"Uncategorized\"],\"inLanguage\":\"pt-PT\",\"potentialAction\":[{\"@type\":\"CommentAction\",\"name\":\"Comment\",\"target\":[\"https:\/\/www.radioclubedodao.pt\/site\/2021\/03\/16\/fernando-santos-convoca-para-azerbaijao-servia-e-luxemburgo\/#respond\"]}]},{\"@type\":\"WebPage\",\"@id\":\"https:\/\/www.radioclubedodao.pt\/site\/2021\/03\/16\/fernando-santos-convoca-para-azerbaijao-servia-e-luxemburgo\/\",\"url\":\"https:\/\/www.radioclubedodao.pt\/site\/2021\/03\/16\/fernando-santos-convoca-para-azerbaijao-servia-e-luxemburgo\/\",\"name\":\"Fernando Santos convoca para Azerbaij\u00e3o, S\u00e9rvia e Luxemburgo - R\u00e1dio Clube do D\u00e3o\",\"isPartOf\":{\"@id\":\"https:\/\/www.radioclubedodao.pt\/site\/#website\"},\"datePublished\":\"2021-03-16T14:05:41+00:00\",\"dateModified\":\"2021-03-16T14:07:56+00:00\",\"breadcrumb\":{\"@id\":\"https:\/\/www.radioclubedodao.pt\/site\/2021\/03\/16\/fernando-santos-convoca-para-azerbaijao-servia-e-luxemburgo\/#breadcrumb\"},\"inLanguage\":\"pt-PT\",\"potentialAction\":[{\"@type\":\"ReadAction\",\"target\":[\"https:\/\/www.radioclubedodao.pt\/site\/2021\/03\/16\/fernando-santos-convoca-para-azerbaijao-servia-e-luxemburgo\/\"]}]},{\"@type\":\"BreadcrumbList\",\"@id\":\"https:\/\/www.radioclubedodao.pt\/site\/2021\/03\/16\/fernando-santos-convoca-para-azerbaijao-servia-e-luxemburgo\/#breadcrumb\",\"itemListElement\":[{\"@type\":\"ListItem\",\"position\":1,\"name\":\"In\u00edcio\",\"item\":\"https:\/\/www.radioclubedodao.pt\/site\/\"},{\"@type\":\"ListItem\",\"position\":2,\"name\":\"Fernando Santos convoca para Azerbaij\u00e3o, S\u00e9rvia e Luxemburgo\"}]},{\"@type\":\"WebSite\",\"@id\":\"https:\/\/www.radioclubedodao.pt\/site\/#website\",\"url\":\"https:\/\/www.radioclubedodao.pt\/site\/\",\"name\":\"R\u00e1dio Clube do D\u00e3o\",\"description\":\"webr\u00e1dio\",\"publisher\":{\"@id\":\"https:\/\/www.radioclubedodao.pt\/site\/#organization\"},\"potentialAction\":[{\"@type\":\"SearchAction\",\"target\":{\"@type\":\"EntryPoint\",\"urlTemplate\":\"https:\/\/www.radioclubedodao.pt\/site\/?s={search_term_string}\"},\"query-input\":{\"@type\":\"PropertyValueSpecification\",\"valueRequired\":true,\"valueName\":\"search_term_string\"}}],\"inLanguage\":\"pt-PT\"},{\"@type\":\"Organization\",\"@id\":\"https:\/\/www.radioclubedodao.pt\/site\/#organization\",\"name\":\"R\u00e1dio Clube do D\u00e3o\",\"url\":\"https:\/\/www.radioclubedodao.pt\/site\/\",\"logo\":{\"@type\":\"ImageObject\",\"inLanguage\":\"pt-PT\",\"@id\":\"https:\/\/www.radioclubedodao.pt\/site\/#\/schema\/logo\/image\/\",\"url\":\"https:\/\/www.radioclubedodao.pt\/site\/wp-content\/uploads\/2018\/09\/10959501_1528800417385471_8159620885825168864_n.png\",\"contentUrl\":\"https:\/\/www.radioclubedodao.pt\/site\/wp-content\/uploads\/2018\/09\/10959501_1528800417385471_8159620885825168864_n.png\",\"width\":960,\"height\":678,\"caption\":\"R\u00e1dio Clube do D\u00e3o\"},\"image\":{\"@id\":\"https:\/\/www.radioclubedodao.pt\/site\/#\/schema\/logo\/image\/\"},\"sameAs\":[\"https:\/\/www.facebook.com\/radioclubedodao\/\",\"https:\/\/x.com\/ClubeDao\",\"https:\/\/www.instagram.com\/rcdao\/?hl=pt\"]},{\"@type\":\"Person\",\"@id\":\"https:\/\/www.radioclubedodao.pt\/site\/#\/schema\/person\/cd7a28554f264c1876d790fedfddf499\",\"name\":\"admin\",\"image\":{\"@type\":\"ImageObject\",\"inLanguage\":\"pt-PT\",\"@id\":\"https:\/\/www.radioclubedodao.pt\/site\/#\/schema\/person\/image\/\",\"url\":\"https:\/\/secure.gravatar.com\/avatar\/34c95391003e4d74dd8a7ac6916f4230?s=96&d=mm&r=g\",\"contentUrl\":\"https:\/\/secure.gravatar.com\/avatar\/34c95391003e4d74dd8a7ac6916f4230?s=96&d=mm&r=g\",\"caption\":\"admin\"}}]}<\/script>\n<!-- \/ Yoast SEO plugin. -->","yoast_head_json":{"title":"Fernando Santos convoca para Azerbaij\u00e3o, S\u00e9rvia e Luxemburgo - R\u00e1dio Clube do D\u00e3o","robots":{"index":"index","follow":"follow","max-snippet":"max-snippet:-1","max-image-preview":"max-image-preview:large","max-video-preview":"max-video-preview:-1"},"canonical":"https:\/\/www.radioclubedodao.pt\/site\/2021\/03\/16\/fernando-santos-convoca-para-azerbaijao-servia-e-luxemburgo\/","og_locale":"pt_PT","og_type":"article","og_title":"Fernando Santos convoca para Azerbaij\u00e3o, S\u00e9rvia e Luxemburgo - R\u00e1dio Clube do D\u00e3o","og_description":"Selecionador Nacional divulgou os escolhidos para o in\u00edcio da campanha do Mundial 2022 O Selecionador Nacional anunciou a lista de convocados para os jogos&nbsp;de qualifica\u00e7\u00e3o do Mundial 2022 do Catar, frente a Azerbaij\u00e3o, S\u00e9rvia e...","og_url":"https:\/\/www.radioclubedodao.pt\/site\/2021\/03\/16\/fernando-santos-convoca-para-azerbaijao-servia-e-luxemburgo\/","og_site_name":"R\u00e1dio Clube do D\u00e3o","article_publisher":"https:\/\/www.facebook.com\/radioclubedodao\/","article_published_time":"2021-03-16T14:05:41+00:00","article_modified_time":"2021-03-16T14:07:56+00:00","author":"admin","twitter_card":"summary_large_image","twitter_creator":"@ClubeDao","twitter_site":"@ClubeDao","twitter_misc":{"Escrito por":"admin","Tempo estimado de leitura":"1 minuto"},"schema":{"@context":"https:\/\/schema.org","@graph":[{"@type":"Article","@id":"https:\/\/www.radioclubedodao.pt\/site\/2021\/03\/16\/fernando-santos-convoca-para-azerbaijao-servia-e-luxemburgo\/#article","isPartOf":{"@id":"https:\/\/www.radioclubedodao.pt\/site\/2021\/03\/16\/fernando-santos-convoca-para-azerbaijao-servia-e-luxemburgo\/"},"author":{"name":"admin","@id":"https:\/\/www.radioclubedodao.pt\/site\/#\/schema\/person\/cd7a28554f264c1876d790fedfddf499"},"headline":"Fernando Santos convoca para Azerbaij\u00e3o, S\u00e9rvia e Luxemburgo","datePublished":"2021-03-16T14:05:41+00:00","dateModified":"2021-03-16T14:07:56+00:00","mainEntityOfPage":{"@id":"https:\/\/www.radioclubedodao.pt\/site\/2021\/03\/16\/fernando-santos-convoca-para-azerbaijao-servia-e-luxemburgo\/"},"wordCount":247,"commentCount":0,"publisher":{"@id":"https:\/\/www.radioclubedodao.pt\/site\/#organization"},"articleSection":["Uncategorized"],"inLanguage":"pt-PT","potentialAction":[{"@type":"CommentAction","name":"Comment","target":["https:\/\/www.radioclubedodao.pt\/site\/2021\/03\/16\/fernando-santos-convoca-para-azerbaijao-servia-e-luxemburgo\/#respond"]}]},{"@type":"WebPage","@id":"https:\/\/www.radioclubedodao.pt\/site\/2021\/03\/16\/fernando-santos-convoca-para-azerbaijao-servia-e-luxemburgo\/","url":"https:\/\/www.radioclubedodao.pt\/site\/2021\/03\/16\/fernando-santos-convoca-para-azerbaijao-servia-e-luxemburgo\/","name":"Fernando Santos convoca para Azerbaij\u00e3o, S\u00e9rvia e Luxemburgo - R\u00e1dio Clube do D\u00e3o","isPartOf":{"@id":"https:\/\/www.radioclubedodao.pt\/site\/#website"},"datePublished":"2021-03-16T14:05:41+00:00","dateModified":"2021-03-16T14:07:56+00:00","breadcrumb":{"@id":"https:\/\/www.radioclubedodao.pt\/site\/2021\/03\/16\/fernando-santos-convoca-para-azerbaijao-servia-e-luxemburgo\/#breadcrumb"},"inLanguage":"pt-PT","potentialAction":[{"@type":"ReadAction","target":["https:\/\/www.radioclubedodao.pt\/site\/2021\/03\/16\/fernando-santos-convoca-para-azerbaijao-servia-e-luxemburgo\/"]}]},{"@type":"BreadcrumbList","@id":"https:\/\/www.radioclubedodao.pt\/site\/2021\/03\/16\/fernando-santos-convoca-para-azerbaijao-servia-e-luxemburgo\/#breadcrumb","itemListElement":[{"@type":"ListItem","position":1,"name":"In\u00edcio","item":"https:\/\/www.radioclubedodao.pt\/site\/"},{"@type":"ListItem","position":2,"name":"Fernando Santos convoca para Azerbaij\u00e3o, S\u00e9rvia e Luxemburgo"}]},{"@type":"WebSite","@id":"https:\/\/www.radioclubedodao.pt\/site\/#website","url":"https:\/\/www.radioclubedodao.pt\/site\/","name":"R\u00e1dio Clube do D\u00e3o","description":"webr\u00e1dio","publisher":{"@id":"https:\/\/www.radioclubedodao.pt\/site\/#organization"},"potentialAction":[{"@type":"SearchAction","target":{"@type":"EntryPoint","urlTemplate":"https:\/\/www.radioclubedodao.pt\/site\/?s={search_term_string}"},"query-input":{"@type":"PropertyValueSpecification","valueRequired":true,"valueName":"search_term_string"}}],"inLanguage":"pt-PT"},{"@type":"Organization","@id":"https:\/\/www.radioclubedodao.pt\/site\/#organization","name":"R\u00e1dio Clube do D\u00e3o","url":"https:\/\/www.radioclubedodao.pt\/site\/","logo":{"@type":"ImageObject","inLanguage":"pt-PT","@id":"https:\/\/www.radioclubedodao.pt\/site\/#\/schema\/logo\/image\/","url":"https:\/\/www.radioclubedodao.pt\/site\/wp-content\/uploads\/2018\/09\/10959501_1528800417385471_8159620885825168864_n.png","contentUrl":"https:\/\/www.radioclubedodao.pt\/site\/wp-content\/uploads\/2018\/09\/10959501_1528800417385471_8159620885825168864_n.png","width":960,"height":678,"caption":"R\u00e1dio Clube do D\u00e3o"},"image":{"@id":"https:\/\/www.radioclubedodao.pt\/site\/#\/schema\/logo\/image\/"},"sameAs":["https:\/\/www.facebook.com\/radioclubedodao\/","https:\/\/x.com\/ClubeDao","https:\/\/www.instagram.com\/rcdao\/?hl=pt"]},{"@type":"Person","@id":"https:\/\/www.radioclubedodao.pt\/site\/#\/schema\/person\/cd7a28554f264c1876d790fedfddf499","name":"admin","image":{"@type":"ImageObject","inLanguage":"pt-PT","@id":"https:\/\/www.radioclubedodao.pt\/site\/#\/schema\/person\/image\/","url":"https:\/\/secure.gravatar.com\/avatar\/34c95391003e4d74dd8a7ac6916f4230?s=96&d=mm&r=g","contentUrl":"https:\/\/secure.gravatar.com\/avatar\/34c95391003e4d74dd8a7ac6916f4230?s=96&d=mm&r=g","caption":"admin"}}]}},"_links":{"self":[{"href":"https:\/\/www.radioclubedodao.pt\/site\/wp-json\/wp\/v2\/posts\/2411","targetHints":{"allow":["GET"]}}],"collection":[{"href":"https:\/\/www.radioclubedodao.pt\/site\/wp-json\/wp\/v2\/posts"}],"about":[{"href":"https:\/\/www.radioclubedodao.pt\/site\/wp-json\/wp\/v2\/types\/post"}],"author":[{"embeddable":true,"href":"https:\/\/www.radioclubedodao.pt\/site\/wp-json\/wp\/v2\/users\/1"}],"replies":[{"embeddable":true,"href":"https:\/\/www.radioclubedodao.pt\/site\/wp-json\/wp\/v2\/comments?post=2411"}],"version-history":[{"count":2,"href":"https:\/\/www.radioclubedodao.pt\/site\/wp-json\/wp\/v2\/posts\/2411\/revisions"}],"predecessor-version":[{"id":2413,"href":"https:\/\/www.radioclubedodao.pt\/site\/wp-json\/wp\/v2\/posts\/2411\/revisions\/2413"}],"wp:attachment":[{"href":"https:\/\/www.radioclubedodao.pt\/site\/wp-json\/wp\/v2\/media?parent=2411"}],"wp:term":[{"taxonomy":"category","embeddable":true,"href":"https:\/\/www.radioclubedodao.pt\/site\/wp-json\/wp\/v2\/categories?post=2411"},{"taxonomy":"post_tag","embeddable":true,"href":"https:\/\/www.radioclubedodao.pt\/site\/wp-json\/wp\/v2\/tags?post=2411"},{"taxonomy":"podcasting_podcasts","embeddable":true,"href":"https:\/\/www.radioclubedodao.pt\/site\/wp-json\/wp\/v2\/podcasting_podcasts?post=2411"}],"curies":[{"name":"wp","href":"https:\/\/api.w.org\/{rel}","templated":true}]}}