{"id":2434,"date":"2021-03-30T22:43:47","date_gmt":"2021-03-30T21:43:47","guid":{"rendered":"https:\/\/www.radioclubedodao.pt\/site\/?p=2434"},"modified":"2021-03-30T22:43:47","modified_gmt":"2021-03-30T21:43:47","slug":"covid-19-carregal-do-sal-e-cinfaes-com-elevada-taxa-de-incidencia-no-distrito-de-viseu","status":"publish","type":"post","link":"https:\/\/www.radioclubedodao.pt\/site\/2021\/03\/30\/covid-19-carregal-do-sal-e-cinfaes-com-elevada-taxa-de-incidencia-no-distrito-de-viseu\/","title":{"rendered":"COVID-19 | Carregal do Sal e Cinf\u00e3es com elevada taxa de incid\u00eancia no distrito de Viseu."},"content":{"rendered":"\n<p>Os concelhos de Carregal do Sal e Cinf\u00e3es est\u00e3o sob alerta muito elevado de cont\u00e1gio por Covid-19. S\u00e3o, nesta altura, os \u00fanicos munic\u00edpios que t\u00eam uma taxa de incid\u00eancia t\u00e3o elevada em todo o distrito.<\/p>\n\n\n\n<p><strong>Cinf\u00e3es:<\/strong><\/p>\n\n\n\n<p>Relativamente \u00e0 evolu\u00e7\u00e3o do COVID 19 em Cinf\u00e3es, \u00e0 data de hoje e a esta hora partilha-se informa\u00e7\u00e3o dos dados que possu\u00edmos:<\/p>\n\n\n\n<p>&#8211;\u00a0<strong>Casos ativos<\/strong>:\u00a028 no total.<br>&#8211;\u00a0<strong>Curados<\/strong>: 1.614 no total.<br><strong>&#8211; \u00d3bitos totais:\u00a0<\/strong>desde o in\u00edcio da pandemia e at\u00e9 \u00e0 data de hoje, lamentam-se um total de\u00a039 \u00f3bitos.<br>&#8211;\u00a0<strong>Total de casos desde o in\u00edcio da pandemia<\/strong>: 1.681 casos.<\/p>\n\n\n\n<p>Fonte: https:\/\/cm-cinfaes.pt\/<\/p>\n\n\n\n<p><strong>Carregal do Sal:<\/strong><\/p>\n\n\n\n<figure class=\"wp-block-image size-large\"><img decoding=\"async\" src=\"https:\/\/www.radioclubedodao.pt\/site\/wp-content\/uploads\/ecra_diario_30mar2021_1_1024_2500.jpg\" alt=\"\" class=\"wp-image-2435\"\/><\/figure>\n\n\n\n<p>Fonte: https:\/\/www.cm-carregal.pt\/<\/p>\n","protected":false},"excerpt":{"rendered":"<p>Os concelhos de Carregal do Sal e Cinf\u00e3es est\u00e3o sob alerta muito elevado de cont\u00e1gio por Covid-19. S\u00e3o, nesta altura, os \u00fanicos munic\u00edpios que t\u00eam uma taxa de incid\u00eancia t\u00e3o elevada em todo o distrito&#8230;.<\/p>\n","protected":false},"author":1,"featured_media":0,"comment_status":"open","ping_status":"open","sticky":false,"template":"","format":"standard","meta":{"podcast_url":"","podcast_explicit":"no","podcast_captioned":false,"podcast_duration":"","podcast_filesize":0,"podcast_mime":"","enclosure":"","podcast_season_number":"","podcast_episode_number":"","podcast_episode_type":"none","podcast_transcript":"","sfsi_plus_gutenberg_text_before_share":"","sfsi_plus_gutenberg_show_text_before_share":"","sfsi_plus_gutenberg_icon_type":"","sfsi_plus_gutenberg_icon_alignemt":"","sfsi_plus_gutenburg_max_per_row":"","sapo_feed_post_nuts":"","footnotes":""},"categories":[1],"tags":[],"podcasting_podcasts":[],"class_list":["post-2434","post","type-post","status-publish","format-standard","hentry","category-uncategorized"],"yoast_head":"<!-- This site is optimized with the Yoast SEO plugin v24.1 - https:\/\/yoast.com\/wordpress\/plugins\/seo\/ -->\n<title>COVID-19 | Carregal do Sal e Cinf\u00e3es com elevada taxa de incid\u00eancia no distrito de Viseu. - R\u00e1dio Clube do D\u00e3o<\/title>\n<meta name=\"robots\" content=\"index, follow, max-snippet:-1, max-image-preview:large, max-video-preview:-1\" \/>\n<link rel=\"canonical\" href=\"https:\/\/www.radioclubedodao.pt\/site\/2021\/03\/30\/covid-19-carregal-do-sal-e-cinfaes-com-elevada-taxa-de-incidencia-no-distrito-de-viseu\/\" \/>\n<meta property=\"og:locale\" content=\"pt_PT\" \/>\n<meta property=\"og:type\" content=\"article\" \/>\n<meta property=\"og:title\" content=\"COVID-19 | Carregal do Sal e Cinf\u00e3es com elevada taxa de incid\u00eancia no distrito de Viseu. - R\u00e1dio Clube do D\u00e3o\" \/>\n<meta property=\"og:description\" content=\"Os concelhos de Carregal do Sal e Cinf\u00e3es est\u00e3o sob alerta muito elevado de cont\u00e1gio por Covid-19. S\u00e3o, nesta altura, os \u00fanicos munic\u00edpios que t\u00eam uma taxa de incid\u00eancia t\u00e3o elevada em todo o distrito....\" \/>\n<meta property=\"og:url\" content=\"https:\/\/www.radioclubedodao.pt\/site\/2021\/03\/30\/covid-19-carregal-do-sal-e-cinfaes-com-elevada-taxa-de-incidencia-no-distrito-de-viseu\/\" \/>\n<meta property=\"og:site_name\" content=\"R\u00e1dio Clube do D\u00e3o\" \/>\n<meta property=\"article:publisher\" content=\"https:\/\/www.facebook.com\/radioclubedodao\/\" \/>\n<meta property=\"article:published_time\" content=\"2021-03-30T21:43:47+00:00\" \/>\n<meta property=\"og:image\" content=\"https:\/\/www.radioclubedodao.pt\/site\/wp-content\/uploads\/ecra_diario_30mar2021_1_1024_2500.jpg\" \/>\n<meta name=\"author\" content=\"admin\" \/>\n<meta name=\"twitter:card\" content=\"summary_large_image\" \/>\n<meta name=\"twitter:creator\" content=\"@ClubeDao\" \/>\n<meta name=\"twitter:site\" content=\"@ClubeDao\" \/>\n<meta name=\"twitter:label1\" content=\"Escrito por\" \/>\n\t<meta name=\"twitter:data1\" content=\"admin\" \/>\n\t<meta name=\"twitter:label2\" content=\"Tempo estimado de leitura\" \/>\n\t<meta name=\"twitter:data2\" content=\"1 minuto\" \/>\n<script type=\"application\/ld+json\" class=\"yoast-schema-graph\">{\"@context\":\"https:\/\/schema.org\",\"@graph\":[{\"@type\":\"Article\",\"@id\":\"https:\/\/www.radioclubedodao.pt\/site\/2021\/03\/30\/covid-19-carregal-do-sal-e-cinfaes-com-elevada-taxa-de-incidencia-no-distrito-de-viseu\/#article\",\"isPartOf\":{\"@id\":\"https:\/\/www.radioclubedodao.pt\/site\/2021\/03\/30\/covid-19-carregal-do-sal-e-cinfaes-com-elevada-taxa-de-incidencia-no-distrito-de-viseu\/\"},\"author\":{\"name\":\"admin\",\"@id\":\"https:\/\/www.radioclubedodao.pt\/site\/#\/schema\/person\/cd7a28554f264c1876d790fedfddf499\"},\"headline\":\"COVID-19 | Carregal do Sal e Cinf\u00e3es com elevada taxa de incid\u00eancia no distrito de Viseu.\",\"datePublished\":\"2021-03-30T21:43:47+00:00\",\"dateModified\":\"2021-03-30T21:43:47+00:00\",\"mainEntityOfPage\":{\"@id\":\"https:\/\/www.radioclubedodao.pt\/site\/2021\/03\/30\/covid-19-carregal-do-sal-e-cinfaes-com-elevada-taxa-de-incidencia-no-distrito-de-viseu\/\"},\"wordCount\":136,\"commentCount\":0,\"publisher\":{\"@id\":\"https:\/\/www.radioclubedodao.pt\/site\/#organization\"},\"image\":{\"@id\":\"https:\/\/www.radioclubedodao.pt\/site\/2021\/03\/30\/covid-19-carregal-do-sal-e-cinfaes-com-elevada-taxa-de-incidencia-no-distrito-de-viseu\/#primaryimage\"},\"thumbnailUrl\":\"https:\/\/www.radioclubedodao.pt\/site\/wp-content\/uploads\/ecra_diario_30mar2021_1_1024_2500.jpg\",\"articleSection\":[\"Uncategorized\"],\"inLanguage\":\"pt-PT\",\"potentialAction\":[{\"@type\":\"CommentAction\",\"name\":\"Comment\",\"target\":[\"https:\/\/www.radioclubedodao.pt\/site\/2021\/03\/30\/covid-19-carregal-do-sal-e-cinfaes-com-elevada-taxa-de-incidencia-no-distrito-de-viseu\/#respond\"]}]},{\"@type\":\"WebPage\",\"@id\":\"https:\/\/www.radioclubedodao.pt\/site\/2021\/03\/30\/covid-19-carregal-do-sal-e-cinfaes-com-elevada-taxa-de-incidencia-no-distrito-de-viseu\/\",\"url\":\"https:\/\/www.radioclubedodao.pt\/site\/2021\/03\/30\/covid-19-carregal-do-sal-e-cinfaes-com-elevada-taxa-de-incidencia-no-distrito-de-viseu\/\",\"name\":\"COVID-19 | Carregal do Sal e Cinf\u00e3es com elevada taxa de incid\u00eancia no distrito de Viseu. - R\u00e1dio Clube do D\u00e3o\",\"isPartOf\":{\"@id\":\"https:\/\/www.radioclubedodao.pt\/site\/#website\"},\"primaryImageOfPage\":{\"@id\":\"https:\/\/www.radioclubedodao.pt\/site\/2021\/03\/30\/covid-19-carregal-do-sal-e-cinfaes-com-elevada-taxa-de-incidencia-no-distrito-de-viseu\/#primaryimage\"},\"image\":{\"@id\":\"https:\/\/www.radioclubedodao.pt\/site\/2021\/03\/30\/covid-19-carregal-do-sal-e-cinfaes-com-elevada-taxa-de-incidencia-no-distrito-de-viseu\/#primaryimage\"},\"thumbnailUrl\":\"https:\/\/www.radioclubedodao.pt\/site\/wp-content\/uploads\/ecra_diario_30mar2021_1_1024_2500.jpg\",\"datePublished\":\"2021-03-30T21:43:47+00:00\",\"dateModified\":\"2021-03-30T21:43:47+00:00\",\"breadcrumb\":{\"@id\":\"https:\/\/www.radioclubedodao.pt\/site\/2021\/03\/30\/covid-19-carregal-do-sal-e-cinfaes-com-elevada-taxa-de-incidencia-no-distrito-de-viseu\/#breadcrumb\"},\"inLanguage\":\"pt-PT\",\"potentialAction\":[{\"@type\":\"ReadAction\",\"target\":[\"https:\/\/www.radioclubedodao.pt\/site\/2021\/03\/30\/covid-19-carregal-do-sal-e-cinfaes-com-elevada-taxa-de-incidencia-no-distrito-de-viseu\/\"]}]},{\"@type\":\"ImageObject\",\"inLanguage\":\"pt-PT\",\"@id\":\"https:\/\/www.radioclubedodao.pt\/site\/2021\/03\/30\/covid-19-carregal-do-sal-e-cinfaes-com-elevada-taxa-de-incidencia-no-distrito-de-viseu\/#primaryimage\",\"url\":\"\",\"contentUrl\":\"\"},{\"@type\":\"BreadcrumbList\",\"@id\":\"https:\/\/www.radioclubedodao.pt\/site\/2021\/03\/30\/covid-19-carregal-do-sal-e-cinfaes-com-elevada-taxa-de-incidencia-no-distrito-de-viseu\/#breadcrumb\",\"itemListElement\":[{\"@type\":\"ListItem\",\"position\":1,\"name\":\"In\u00edcio\",\"item\":\"https:\/\/www.radioclubedodao.pt\/site\/\"},{\"@type\":\"ListItem\",\"position\":2,\"name\":\"COVID-19 | Carregal do Sal e Cinf\u00e3es com elevada taxa de incid\u00eancia no distrito de Viseu.\"}]},{\"@type\":\"WebSite\",\"@id\":\"https:\/\/www.radioclubedodao.pt\/site\/#website\",\"url\":\"https:\/\/www.radioclubedodao.pt\/site\/\",\"name\":\"R\u00e1dio Clube do D\u00e3o\",\"description\":\"webr\u00e1dio\",\"publisher\":{\"@id\":\"https:\/\/www.radioclubedodao.pt\/site\/#organization\"},\"potentialAction\":[{\"@type\":\"SearchAction\",\"target\":{\"@type\":\"EntryPoint\",\"urlTemplate\":\"https:\/\/www.radioclubedodao.pt\/site\/?s={search_term_string}\"},\"query-input\":{\"@type\":\"PropertyValueSpecification\",\"valueRequired\":true,\"valueName\":\"search_term_string\"}}],\"inLanguage\":\"pt-PT\"},{\"@type\":\"Organization\",\"@id\":\"https:\/\/www.radioclubedodao.pt\/site\/#organization\",\"name\":\"R\u00e1dio Clube do D\u00e3o\",\"url\":\"https:\/\/www.radioclubedodao.pt\/site\/\",\"logo\":{\"@type\":\"ImageObject\",\"inLanguage\":\"pt-PT\",\"@id\":\"https:\/\/www.radioclubedodao.pt\/site\/#\/schema\/logo\/image\/\",\"url\":\"https:\/\/www.radioclubedodao.pt\/site\/wp-content\/uploads\/2018\/09\/10959501_1528800417385471_8159620885825168864_n.png\",\"contentUrl\":\"https:\/\/www.radioclubedodao.pt\/site\/wp-content\/uploads\/2018\/09\/10959501_1528800417385471_8159620885825168864_n.png\",\"width\":960,\"height\":678,\"caption\":\"R\u00e1dio Clube do D\u00e3o\"},\"image\":{\"@id\":\"https:\/\/www.radioclubedodao.pt\/site\/#\/schema\/logo\/image\/\"},\"sameAs\":[\"https:\/\/www.facebook.com\/radioclubedodao\/\",\"https:\/\/x.com\/ClubeDao\",\"https:\/\/www.instagram.com\/rcdao\/?hl=pt\"]},{\"@type\":\"Person\",\"@id\":\"https:\/\/www.radioclubedodao.pt\/site\/#\/schema\/person\/cd7a28554f264c1876d790fedfddf499\",\"name\":\"admin\",\"image\":{\"@type\":\"ImageObject\",\"inLanguage\":\"pt-PT\",\"@id\":\"https:\/\/www.radioclubedodao.pt\/site\/#\/schema\/person\/image\/\",\"url\":\"https:\/\/secure.gravatar.com\/avatar\/34c95391003e4d74dd8a7ac6916f4230?s=96&d=mm&r=g\",\"contentUrl\":\"https:\/\/secure.gravatar.com\/avatar\/34c95391003e4d74dd8a7ac6916f4230?s=96&d=mm&r=g\",\"caption\":\"admin\"}}]}<\/script>\n<!-- \/ Yoast SEO plugin. -->","yoast_head_json":{"title":"COVID-19 | Carregal do Sal e Cinf\u00e3es com elevada taxa de incid\u00eancia no distrito de Viseu. - R\u00e1dio Clube do D\u00e3o","robots":{"index":"index","follow":"follow","max-snippet":"max-snippet:-1","max-image-preview":"max-image-preview:large","max-video-preview":"max-video-preview:-1"},"canonical":"https:\/\/www.radioclubedodao.pt\/site\/2021\/03\/30\/covid-19-carregal-do-sal-e-cinfaes-com-elevada-taxa-de-incidencia-no-distrito-de-viseu\/","og_locale":"pt_PT","og_type":"article","og_title":"COVID-19 | Carregal do Sal e Cinf\u00e3es com elevada taxa de incid\u00eancia no distrito de Viseu. - R\u00e1dio Clube do D\u00e3o","og_description":"Os concelhos de Carregal do Sal e Cinf\u00e3es est\u00e3o sob alerta muito elevado de cont\u00e1gio por Covid-19. S\u00e3o, nesta altura, os \u00fanicos munic\u00edpios que t\u00eam uma taxa de incid\u00eancia t\u00e3o elevada em todo o distrito....","og_url":"https:\/\/www.radioclubedodao.pt\/site\/2021\/03\/30\/covid-19-carregal-do-sal-e-cinfaes-com-elevada-taxa-de-incidencia-no-distrito-de-viseu\/","og_site_name":"R\u00e1dio Clube do D\u00e3o","article_publisher":"https:\/\/www.facebook.com\/radioclubedodao\/","article_published_time":"2021-03-30T21:43:47+00:00","og_image":[{"url":"https:\/\/www.radioclubedodao.pt\/site\/wp-content\/uploads\/ecra_diario_30mar2021_1_1024_2500.jpg","type":"","width":"","height":""}],"author":"admin","twitter_card":"summary_large_image","twitter_creator":"@ClubeDao","twitter_site":"@ClubeDao","twitter_misc":{"Escrito por":"admin","Tempo estimado de leitura":"1 minuto"},"schema":{"@context":"https:\/\/schema.org","@graph":[{"@type":"Article","@id":"https:\/\/www.radioclubedodao.pt\/site\/2021\/03\/30\/covid-19-carregal-do-sal-e-cinfaes-com-elevada-taxa-de-incidencia-no-distrito-de-viseu\/#article","isPartOf":{"@id":"https:\/\/www.radioclubedodao.pt\/site\/2021\/03\/30\/covid-19-carregal-do-sal-e-cinfaes-com-elevada-taxa-de-incidencia-no-distrito-de-viseu\/"},"author":{"name":"admin","@id":"https:\/\/www.radioclubedodao.pt\/site\/#\/schema\/person\/cd7a28554f264c1876d790fedfddf499"},"headline":"COVID-19 | Carregal do Sal e Cinf\u00e3es com elevada taxa de incid\u00eancia no distrito de Viseu.","datePublished":"2021-03-30T21:43:47+00:00","dateModified":"2021-03-30T21:43:47+00:00","mainEntityOfPage":{"@id":"https:\/\/www.radioclubedodao.pt\/site\/2021\/03\/30\/covid-19-carregal-do-sal-e-cinfaes-com-elevada-taxa-de-incidencia-no-distrito-de-viseu\/"},"wordCount":136,"commentCount":0,"publisher":{"@id":"https:\/\/www.radioclubedodao.pt\/site\/#organization"},"image":{"@id":"https:\/\/www.radioclubedodao.pt\/site\/2021\/03\/30\/covid-19-carregal-do-sal-e-cinfaes-com-elevada-taxa-de-incidencia-no-distrito-de-viseu\/#primaryimage"},"thumbnailUrl":"https:\/\/www.radioclubedodao.pt\/site\/wp-content\/uploads\/ecra_diario_30mar2021_1_1024_2500.jpg","articleSection":["Uncategorized"],"inLanguage":"pt-PT","potentialAction":[{"@type":"CommentAction","name":"Comment","target":["https:\/\/www.radioclubedodao.pt\/site\/2021\/03\/30\/covid-19-carregal-do-sal-e-cinfaes-com-elevada-taxa-de-incidencia-no-distrito-de-viseu\/#respond"]}]},{"@type":"WebPage","@id":"https:\/\/www.radioclubedodao.pt\/site\/2021\/03\/30\/covid-19-carregal-do-sal-e-cinfaes-com-elevada-taxa-de-incidencia-no-distrito-de-viseu\/","url":"https:\/\/www.radioclubedodao.pt\/site\/2021\/03\/30\/covid-19-carregal-do-sal-e-cinfaes-com-elevada-taxa-de-incidencia-no-distrito-de-viseu\/","name":"COVID-19 | Carregal do Sal e Cinf\u00e3es com elevada taxa de incid\u00eancia no distrito de Viseu. - R\u00e1dio Clube do D\u00e3o","isPartOf":{"@id":"https:\/\/www.radioclubedodao.pt\/site\/#website"},"primaryImageOfPage":{"@id":"https:\/\/www.radioclubedodao.pt\/site\/2021\/03\/30\/covid-19-carregal-do-sal-e-cinfaes-com-elevada-taxa-de-incidencia-no-distrito-de-viseu\/#primaryimage"},"image":{"@id":"https:\/\/www.radioclubedodao.pt\/site\/2021\/03\/30\/covid-19-carregal-do-sal-e-cinfaes-com-elevada-taxa-de-incidencia-no-distrito-de-viseu\/#primaryimage"},"thumbnailUrl":"https:\/\/www.radioclubedodao.pt\/site\/wp-content\/uploads\/ecra_diario_30mar2021_1_1024_2500.jpg","datePublished":"2021-03-30T21:43:47+00:00","dateModified":"2021-03-30T21:43:47+00:00","breadcrumb":{"@id":"https:\/\/www.radioclubedodao.pt\/site\/2021\/03\/30\/covid-19-carregal-do-sal-e-cinfaes-com-elevada-taxa-de-incidencia-no-distrito-de-viseu\/#breadcrumb"},"inLanguage":"pt-PT","potentialAction":[{"@type":"ReadAction","target":["https:\/\/www.radioclubedodao.pt\/site\/2021\/03\/30\/covid-19-carregal-do-sal-e-cinfaes-com-elevada-taxa-de-incidencia-no-distrito-de-viseu\/"]}]},{"@type":"ImageObject","inLanguage":"pt-PT","@id":"https:\/\/www.radioclubedodao.pt\/site\/2021\/03\/30\/covid-19-carregal-do-sal-e-cinfaes-com-elevada-taxa-de-incidencia-no-distrito-de-viseu\/#primaryimage","url":"","contentUrl":""},{"@type":"BreadcrumbList","@id":"https:\/\/www.radioclubedodao.pt\/site\/2021\/03\/30\/covid-19-carregal-do-sal-e-cinfaes-com-elevada-taxa-de-incidencia-no-distrito-de-viseu\/#breadcrumb","itemListElement":[{"@type":"ListItem","position":1,"name":"In\u00edcio","item":"https:\/\/www.radioclubedodao.pt\/site\/"},{"@type":"ListItem","position":2,"name":"COVID-19 | Carregal do Sal e Cinf\u00e3es com elevada taxa de incid\u00eancia no distrito de Viseu."}]},{"@type":"WebSite","@id":"https:\/\/www.radioclubedodao.pt\/site\/#website","url":"https:\/\/www.radioclubedodao.pt\/site\/","name":"R\u00e1dio Clube do D\u00e3o","description":"webr\u00e1dio","publisher":{"@id":"https:\/\/www.radioclubedodao.pt\/site\/#organization"},"potentialAction":[{"@type":"SearchAction","target":{"@type":"EntryPoint","urlTemplate":"https:\/\/www.radioclubedodao.pt\/site\/?s={search_term_string}"},"query-input":{"@type":"PropertyValueSpecification","valueRequired":true,"valueName":"search_term_string"}}],"inLanguage":"pt-PT"},{"@type":"Organization","@id":"https:\/\/www.radioclubedodao.pt\/site\/#organization","name":"R\u00e1dio Clube do D\u00e3o","url":"https:\/\/www.radioclubedodao.pt\/site\/","logo":{"@type":"ImageObject","inLanguage":"pt-PT","@id":"https:\/\/www.radioclubedodao.pt\/site\/#\/schema\/logo\/image\/","url":"https:\/\/www.radioclubedodao.pt\/site\/wp-content\/uploads\/2018\/09\/10959501_1528800417385471_8159620885825168864_n.png","contentUrl":"https:\/\/www.radioclubedodao.pt\/site\/wp-content\/uploads\/2018\/09\/10959501_1528800417385471_8159620885825168864_n.png","width":960,"height":678,"caption":"R\u00e1dio Clube do D\u00e3o"},"image":{"@id":"https:\/\/www.radioclubedodao.pt\/site\/#\/schema\/logo\/image\/"},"sameAs":["https:\/\/www.facebook.com\/radioclubedodao\/","https:\/\/x.com\/ClubeDao","https:\/\/www.instagram.com\/rcdao\/?hl=pt"]},{"@type":"Person","@id":"https:\/\/www.radioclubedodao.pt\/site\/#\/schema\/person\/cd7a28554f264c1876d790fedfddf499","name":"admin","image":{"@type":"ImageObject","inLanguage":"pt-PT","@id":"https:\/\/www.radioclubedodao.pt\/site\/#\/schema\/person\/image\/","url":"https:\/\/secure.gravatar.com\/avatar\/34c95391003e4d74dd8a7ac6916f4230?s=96&d=mm&r=g","contentUrl":"https:\/\/secure.gravatar.com\/avatar\/34c95391003e4d74dd8a7ac6916f4230?s=96&d=mm&r=g","caption":"admin"}}]}},"_links":{"self":[{"href":"https:\/\/www.radioclubedodao.pt\/site\/wp-json\/wp\/v2\/posts\/2434","targetHints":{"allow":["GET"]}}],"collection":[{"href":"https:\/\/www.radioclubedodao.pt\/site\/wp-json\/wp\/v2\/posts"}],"about":[{"href":"https:\/\/www.radioclubedodao.pt\/site\/wp-json\/wp\/v2\/types\/post"}],"author":[{"embeddable":true,"href":"https:\/\/www.radioclubedodao.pt\/site\/wp-json\/wp\/v2\/users\/1"}],"replies":[{"embeddable":true,"href":"https:\/\/www.radioclubedodao.pt\/site\/wp-json\/wp\/v2\/comments?post=2434"}],"version-history":[{"count":1,"href":"https:\/\/www.radioclubedodao.pt\/site\/wp-json\/wp\/v2\/posts\/2434\/revisions"}],"predecessor-version":[{"id":2437,"href":"https:\/\/www.radioclubedodao.pt\/site\/wp-json\/wp\/v2\/posts\/2434\/revisions\/2437"}],"wp:attachment":[{"href":"https:\/\/www.radioclubedodao.pt\/site\/wp-json\/wp\/v2\/media?parent=2434"}],"wp:term":[{"taxonomy":"category","embeddable":true,"href":"https:\/\/www.radioclubedodao.pt\/site\/wp-json\/wp\/v2\/categories?post=2434"},{"taxonomy":"post_tag","embeddable":true,"href":"https:\/\/www.radioclubedodao.pt\/site\/wp-json\/wp\/v2\/tags?post=2434"},{"taxonomy":"podcasting_podcasts","embeddable":true,"href":"https:\/\/www.radioclubedodao.pt\/site\/wp-json\/wp\/v2\/podcasting_podcasts?post=2434"}],"curies":[{"name":"wp","href":"https:\/\/api.w.org\/{rel}","templated":true}]}}