{"id":2730,"date":"2021-09-12T22:33:16","date_gmt":"2021-09-12T21:33:16","guid":{"rendered":"https:\/\/www.radioclubedodao.pt\/site\/?p=2730"},"modified":"2021-09-12T22:40:24","modified_gmt":"2021-09-12T21:40:24","slug":"condicoes-meteorologicas-adversas-precipitacao-e-vento","status":"publish","type":"post","link":"https:\/\/www.radioclubedodao.pt\/site\/2021\/09\/12\/condicoes-meteorologicas-adversas-precipitacao-e-vento\/","title":{"rendered":"CONDI\u00c7\u00d5ES METEOROL\u00d3GICAS ADVERSAS &#8211; Precipita\u00e7\u00e3o e Vento"},"content":{"rendered":"\n<p>A AUTORIDADE NACIONAL DE EMERG\u00caNCIA E PROTE\u00c7\u00c3O CIVIL, DE ACORDO COM O IPMA, ADVERTE:<\/p>\n\n\n\n<p>1.1 Situa\u00e7\u00e3o Meteorol\u00f3gica:<br>De acordo com a informa\u00e7\u00e3o disponibilizada pelo IPMA, para as pr\u00f3ximas 48 horas, destaca-se a previs\u00e3o de<br>precipita\u00e7\u00e3o sob a forma de aguaceiros por vezes fortes, em especial na regi\u00e3o Litoral Centro e Sul, a<br>prolongar-se at\u00e9 ao final de ter\u00e7a-feira, real\u00e7ando-se os seguintes aspetos:<br>AMANH\u00c3 13SET2021 &#8211; SEGUNDA-FEIRA<br>\uf0b7 Aguaceiros, por vezes fortes e acompanhados de trovoada em especial no litoral oeste e Algarve,<br>estendendo-se gradualmente \u00e0s restantes regi\u00f5es a partir da tarde;<br>\uf0b7 Probabilidade de fen\u00f3menos extremos de vento, associados \u00e0 convectividade;<br>\uf0b7 Vento fraco a moderado (at\u00e9 30 km\/h) do quadrante sul, soprando moderado a forte (30 a 45 km\/h) nas<br>terras altas, em especial do Centro e Sul, por vezes com rajadas at\u00e9 80 km\/h.<br>DEPOIS DE AMANH\u00c3 14SET2021 &#8211; TER\u00c7A-FEIRA<br>\uf0b7 Aguaceiros, por vezes fortes, acompanhados de trovoada, granizo e rajadas de vento forte.<br>\uf0b7 Vento fraco a moderado (at\u00e9 30 km\/h) do quadrante sul, soprando moderado a forte (30 a 40 km\/h) nas<br>terras altas do Centro e Sul.<br>\uf0b7 Descida da temperatura m\u00e1xima.<br>1.2 Situa\u00e7\u00e3o Hidrol\u00f3gica:<br>Face \u00e0s previs\u00f5es de precipita\u00e7\u00e3o forte e persistente nas regi\u00f5es acima mencionadas, poder\u00e3o ocorrer cheias<br>e inunda\u00e7\u00f5es nas \u00e1reas urbanas mais impermeabilizadas, com destaque para a \u00e1rea metropolitana de Lisboa<br>e para a cidade de Set\u00fabal, existindo ainda o risco de subida da altura dos rios e ribeiras do Algarve, com os<br>subsequentes problemas de inunda\u00e7\u00f5es nas zonas urbanas e mais impermeabilizadas desta regi\u00e3o do pa\u00eds. H\u00e1<br>que tomar especial aten\u00e7\u00e3o \u00e0 eventual conjuga\u00e7\u00e3o dos picos de precipita\u00e7\u00e3o com as horas previstas para a<br>preia-mar:<\/p>\n\n\n\n<p>AMANH\u00c3 13SET2021 &#8211; SEGUNDA-FEIRA<br>\uf0b7 Cascais \u2013 07h46 (3,0 metros) e 20h21 (2,9 metros);<br>\uf0b7 Faro \u2013 Olh\u00e3o \u2013 07h49 (3,0 metros) e 20h25 (2,8 metros).<br>\uf0b7 Lisboa \u2013 08h32 (3,3 metros) e 21h06 (3,2 metros);<br>\uf0b7 Set\u00fabal \u2013 08h10 (3,0 metros) e 20h42 (2,9 metros).<br>2 &#8211; EFEITOS EXPECT\u00c1VEIS<br>Em fun\u00e7\u00e3o das condi\u00e7\u00f5es meteorol\u00f3gicas presentes e previstas \u00e9 expect\u00e1vel:<br>\uf0b7 Piso rodovi\u00e1rio escorregadio por eventual forma\u00e7\u00e3o de len\u00e7\u00f3is de \u00e1gua;<br>\uf0b7 Possibilidade de cheias r\u00e1pidas em meio urbano, por acumula\u00e7\u00e3o de \u00e1guas pluviais ou insufici\u00eancias dos<br>sistemas de drenagem;<br>\uf0b7 Possibilidade de inunda\u00e7\u00e3o por transbordo de linhas de \u00e1gua nas zonas historicamente mais vulner\u00e1veis;<br>\uf0b7 Inunda\u00e7\u00f5es de estruturas urbanas subterr\u00e2neas com defici\u00eancias de drenagem;<br>\uf0b7 Dificuldades de drenagem em sistemas urbanos, nomeadamente as verificadas em per\u00edodos de<br>preia-mar, podendo causar inunda\u00e7\u00f5es nos locais historicamente mais vulner\u00e1veis;<br>\uf0b7 Danos em estruturas montadas ou suspensas;<br>\uf0b7 Possibilidade de queda de ramos ou \u00e1rvores, bem como de afeta\u00e7\u00e3o de infraestruturas associadas \u00e0s<br>redes de comunica\u00e7\u00f5es e energia;<br>\uf0b7 Fen\u00f3menos geomorfol\u00f3gicos causados por instabiliza\u00e7\u00e3o de vertentes associados \u00e0 satura\u00e7\u00e3o dos<br>solos, pela perda da sua consist\u00eancia;<br>\uf0b7 Poss\u00edveis acidentes na orla costeira;<br>\uf0b7 Desconforto t\u00e9rmico na popula\u00e7\u00e3o pela conjuga\u00e7\u00e3o da temperatura m\u00ednima baixa e do vento,<br>nomeadamente nas terras altas.<br>3 \u2013 MEDIDAS DE AUTOPROTE\u00c7\u00c3O<br>A ANEPC recomenda \u00e0 popula\u00e7\u00e3o a tomada das necess\u00e1rias medidas de preven\u00e7\u00e3o, nomeadamente:<br>\uf0b7 Garantir a desobstru\u00e7\u00e3o dos sistemas de escoamento das \u00e1guas pluviais e retirada de inertes e outros <\/p>\n\n\n\n<p>objetos que possam ser arrastados ou criem obst\u00e1culos ao livre escoamento das \u00e1guas;<br>\uf0b7 Adotar uma condu\u00e7\u00e3o defensiva, reduzindo a velocidade;<br>\uf0b7 N\u00e3o atravessar zonas inundadas, de modo a precaver o arrastamento de pessoas ou viaturas para<br>buracos no pavimento ou caixas de esgoto abertas;<br>\uf0b7 Ter especial cuidado na circula\u00e7\u00e3o e perman\u00eancia junto de \u00e1reas arborizadas, estando atento para a<br>possibilidade de queda de ramos ou \u00e1rvores, em locais de vento mais forte;<br>\uf0b7 Ter especial cuidado com a fixa\u00e7\u00e3o de estruturas tempor\u00e1rias;<br>\uf0b7 Ter especial cuidado na circula\u00e7\u00e3o junto da orla costeira e zonas ribeirinhas historicamente mais<br>vulner\u00e1veis a estes fen\u00f3menos;<br>\uf0b7 Proceder \u00e0 remo\u00e7\u00e3o de m\u00e1quinas e alfaias agr\u00edcolas, bem como de animais das zonas ribeirinhas<br>historicamente mais vulner\u00e1veis a fen\u00f3menos de alagamentos e inunda\u00e7\u00f5es<br>\uf0b7 Estar atento \u00e0s informa\u00e7\u00f5es da meteorologia e \u00e0s indica\u00e7\u00f5es da Prote\u00e7\u00e3o Civil e For\u00e7as de Seguran\u00e7a.<br>4 \u2013 DETERMINA\u00c7\u00d5ES OPERACIONAIS<br>As determina\u00e7\u00f5es operacionais aplicam-se aos Comandos Distritais e respetivas estruturas e exceto indica\u00e7\u00e3o<br>contr\u00e1ria, aplicam-se a todos os Agentes de Prote\u00e7\u00e3o Civil (APC).<br>\uf0b7 A garantia do permanente acompanhamento e controlo de todas as eventuais ocorr\u00eancias, atrav\u00e9s do<br>respetivo CDOS e de um aumento das a\u00e7\u00f5es de monitoriza\u00e7\u00e3o, com especial enfoque nas \u00e1reas<br>historicamente identificadas como mais sens\u00edveis;<br>\uf0b7 A imediata informa\u00e7\u00e3o ao CNEPC sobre todas as situa\u00e7\u00f5es operacionais relevantes;<br>\uf0b7 A tomada de medidas de preven\u00e7\u00e3o ativa, vigil\u00e2ncia e de planeamento operacional, atrav\u00e9s dos APC,<br>Entidades com especial dever de coopera\u00e7\u00e3o e dos Servi\u00e7os Municipais de Prote\u00e7\u00e3o Civil (SMPC),<br>tendo em vista uma resposta antecipada e imediata a poss\u00edveis emerg\u00eancias, nomeadamente no que<br>diz respeito:<br>o \u00c0 desobstru\u00e7\u00e3o de linhas de \u00e1gua em zonas historicamente mais vulner\u00e1veis;<br>o Remo\u00e7\u00e3o de \u00e1rvores ca\u00eddas ou em risco de cair, especialmente quando afetem estruturas, vias<br>e espa\u00e7os p\u00fablicos;<br>o \u00c0 fixa\u00e7\u00e3o das estruturas tempor\u00e1rias ;<br>o Acompanhamento da evolu\u00e7\u00e3o hidrol\u00f3gica das linhas de \u00e1gua, em particular as de<br>comportamento torrencial;<br>\uf0b7 A elabora\u00e7\u00e3o de informa\u00e7\u00e3o p\u00fablica nos distritos abrangidos pelas condi\u00e7\u00f5es meteorol\u00f3gicas adversas;<br>\uf0b7 A divulga\u00e7\u00e3o deste comunicado, no seu \u00e2mbito, \u00e0s Autoridades Municipais de Prote\u00e7\u00e3o Civil, aos<br>SMPC, aos APC, Entidades com especial dever de coopera\u00e7\u00e3o e aos Oficiais de Liga\u00e7\u00e3o aos Centros de <\/p>\n\n\n\n<p>objetos que possam ser arrastados ou criem obst\u00e1culos ao livre escoamento das \u00e1guas;<br>\uf0b7 Adotar uma condu\u00e7\u00e3o defensiva, reduzindo a velocidade;<br>\uf0b7 N\u00e3o atravessar zonas inundadas, de modo a precaver o arrastamento de pessoas ou viaturas para<br>buracos no pavimento ou caixas de esgoto abertas;<br>\uf0b7 Ter especial cuidado na circula\u00e7\u00e3o e perman\u00eancia junto de \u00e1reas arborizadas, estando atento para a<br>possibilidade de queda de ramos ou \u00e1rvores, em locais de vento mais forte;<br>\uf0b7 Ter especial cuidado com a fixa\u00e7\u00e3o de estruturas tempor\u00e1rias;<br>\uf0b7 Ter especial cuidado na circula\u00e7\u00e3o junto da orla costeira e zonas ribeirinhas historicamente mais<br>vulner\u00e1veis a estes fen\u00f3menos;<br>\uf0b7 Proceder \u00e0 remo\u00e7\u00e3o de m\u00e1quinas e alfaias agr\u00edcolas, bem como de animais das zonas ribeirinhas<br>historicamente mais vulner\u00e1veis a fen\u00f3menos de alagamentos e inunda\u00e7\u00f5es<br>\uf0b7 Estar atento \u00e0s informa\u00e7\u00f5es da meteorologia e \u00e0s indica\u00e7\u00f5es da Prote\u00e7\u00e3o Civil e For\u00e7as de Seguran\u00e7a.<br>4 \u2013 DETERMINA\u00c7\u00d5ES OPERACIONAIS<br>As determina\u00e7\u00f5es operacionais aplicam-se aos Comandos Distritais e respetivas estruturas e exceto indica\u00e7\u00e3o<br>contr\u00e1ria, aplicam-se a todos os Agentes de Prote\u00e7\u00e3o Civil (APC).<br>\uf0b7 A garantia do permanente acompanhamento e controlo de todas as eventuais ocorr\u00eancias, atrav\u00e9s do<br>respetivo CDOS e de um aumento das a\u00e7\u00f5es de monitoriza\u00e7\u00e3o, com especial enfoque nas \u00e1reas<br>historicamente identificadas como mais sens\u00edveis;<br>\uf0b7 A imediata informa\u00e7\u00e3o ao CNEPC sobre todas as situa\u00e7\u00f5es operacionais relevantes;<br>\uf0b7 A tomada de medidas de preven\u00e7\u00e3o ativa, vigil\u00e2ncia e de planeamento operacional, atrav\u00e9s dos APC,<br>Entidades com especial dever de coopera\u00e7\u00e3o e dos Servi\u00e7os Municipais de Prote\u00e7\u00e3o Civil (SMPC),<br>tendo em vista uma resposta antecipada e imediata a poss\u00edveis emerg\u00eancias, nomeadamente no que<br>diz respeito:<br>o \u00c0 desobstru\u00e7\u00e3o de linhas de \u00e1gua em zonas historicamente mais vulner\u00e1veis;<br>o Remo\u00e7\u00e3o de \u00e1rvores ca\u00eddas ou em risco de cair, especialmente quando afetem estruturas, vias<br>e espa\u00e7os p\u00fablicos;<br>o \u00c0 fixa\u00e7\u00e3o das estruturas tempor\u00e1rias ;<br>o Acompanhamento da evolu\u00e7\u00e3o hidrol\u00f3gica das linhas de \u00e1gua, em particular as de<br>comportamento torrencial;<br>\uf0b7 A elabora\u00e7\u00e3o de informa\u00e7\u00e3o p\u00fablica nos distritos abrangidos pelas condi\u00e7\u00f5es meteorol\u00f3gicas adversas;<br>\uf0b7 A divulga\u00e7\u00e3o deste comunicado, no seu \u00e2mbito, \u00e0s Autoridades Municipais de Prote\u00e7\u00e3o Civil, aos SMPC, aos APC, Entidades com especial dever de coopera\u00e7\u00e3o e aos Oficiais de Liga\u00e7\u00e3o aos Centros de Coordena\u00e7\u00e3o Operacional Distrital (CCOD).<\/p>\n\n\n\n<p><\/p>\n","protected":false},"excerpt":{"rendered":"<p>A AUTORIDADE NACIONAL DE EMERG\u00caNCIA E PROTE\u00c7\u00c3O CIVIL, DE ACORDO COM O IPMA, ADVERTE: 1.1 Situa\u00e7\u00e3o Meteorol\u00f3gica:De acordo com a informa\u00e7\u00e3o disponibilizada pelo IPMA, para as pr\u00f3ximas 48 horas, destaca-se a previs\u00e3o deprecipita\u00e7\u00e3o sob a&#8230;<\/p>\n","protected":false},"author":1,"featured_media":1936,"comment_status":"open","ping_status":"open","sticky":false,"template":"","format":"standard","meta":{"podcast_url":"","podcast_explicit":"no","podcast_captioned":false,"podcast_duration":"","podcast_filesize":0,"podcast_mime":"","enclosure":"","podcast_season_number":"","podcast_episode_number":"","podcast_episode_type":"none","podcast_transcript":"","sfsi_plus_gutenberg_text_before_share":"","sfsi_plus_gutenberg_show_text_before_share":"","sfsi_plus_gutenberg_icon_type":"","sfsi_plus_gutenberg_icon_alignemt":"","sfsi_plus_gutenburg_max_per_row":"","sapo_feed_post_nuts":"","footnotes":""},"categories":[1],"tags":[],"podcasting_podcasts":[],"class_list":["post-2730","post","type-post","status-publish","format-standard","has-post-thumbnail","hentry","category-uncategorized"],"yoast_head":"<!-- This site is optimized with the Yoast SEO plugin v24.1 - https:\/\/yoast.com\/wordpress\/plugins\/seo\/ -->\n<title>CONDI\u00c7\u00d5ES METEOROL\u00d3GICAS ADVERSAS - Precipita\u00e7\u00e3o e Vento - R\u00e1dio Clube do D\u00e3o<\/title>\n<meta name=\"robots\" content=\"index, follow, max-snippet:-1, max-image-preview:large, max-video-preview:-1\" \/>\n<link rel=\"canonical\" href=\"https:\/\/www.radioclubedodao.pt\/site\/2021\/09\/12\/condicoes-meteorologicas-adversas-precipitacao-e-vento\/\" \/>\n<meta property=\"og:locale\" content=\"pt_PT\" \/>\n<meta property=\"og:type\" content=\"article\" \/>\n<meta property=\"og:title\" content=\"CONDI\u00c7\u00d5ES METEOROL\u00d3GICAS ADVERSAS - Precipita\u00e7\u00e3o e Vento - R\u00e1dio Clube do D\u00e3o\" \/>\n<meta property=\"og:description\" content=\"A AUTORIDADE NACIONAL DE EMERG\u00caNCIA E PROTE\u00c7\u00c3O CIVIL, DE ACORDO COM O IPMA, ADVERTE: 1.1 Situa\u00e7\u00e3o Meteorol\u00f3gica:De acordo com a informa\u00e7\u00e3o disponibilizada pelo IPMA, para as pr\u00f3ximas 48 horas, destaca-se a previs\u00e3o deprecipita\u00e7\u00e3o sob a...\" \/>\n<meta property=\"og:url\" content=\"https:\/\/www.radioclubedodao.pt\/site\/2021\/09\/12\/condicoes-meteorologicas-adversas-precipitacao-e-vento\/\" \/>\n<meta property=\"og:site_name\" content=\"R\u00e1dio Clube do D\u00e3o\" \/>\n<meta property=\"article:publisher\" content=\"https:\/\/www.facebook.com\/radioclubedodao\/\" \/>\n<meta property=\"article:published_time\" content=\"2021-09-12T21:33:16+00:00\" \/>\n<meta property=\"article:modified_time\" content=\"2021-09-12T21:40:24+00:00\" \/>\n<meta property=\"og:image\" content=\"https:\/\/www.radioclubedodao.pt\/site\/wp-content\/uploads\/2020\/10\/unnamed.jpg\" \/>\n\t<meta property=\"og:image:width\" content=\"512\" \/>\n\t<meta property=\"og:image:height\" content=\"288\" \/>\n\t<meta property=\"og:image:type\" content=\"image\/jpeg\" \/>\n<meta name=\"author\" content=\"admin\" \/>\n<meta name=\"twitter:card\" content=\"summary_large_image\" \/>\n<meta name=\"twitter:creator\" content=\"@ClubeDao\" \/>\n<meta name=\"twitter:site\" content=\"@ClubeDao\" \/>\n<meta name=\"twitter:label1\" content=\"Escrito por\" \/>\n\t<meta name=\"twitter:data1\" content=\"admin\" \/>\n\t<meta name=\"twitter:label2\" content=\"Tempo estimado de leitura\" \/>\n\t<meta name=\"twitter:data2\" content=\"7 minutos\" \/>\n<script type=\"application\/ld+json\" class=\"yoast-schema-graph\">{\"@context\":\"https:\/\/schema.org\",\"@graph\":[{\"@type\":\"Article\",\"@id\":\"https:\/\/www.radioclubedodao.pt\/site\/2021\/09\/12\/condicoes-meteorologicas-adversas-precipitacao-e-vento\/#article\",\"isPartOf\":{\"@id\":\"https:\/\/www.radioclubedodao.pt\/site\/2021\/09\/12\/condicoes-meteorologicas-adversas-precipitacao-e-vento\/\"},\"author\":{\"name\":\"admin\",\"@id\":\"https:\/\/www.radioclubedodao.pt\/site\/#\/schema\/person\/cd7a28554f264c1876d790fedfddf499\"},\"headline\":\"CONDI\u00c7\u00d5ES METEOROL\u00d3GICAS ADVERSAS &#8211; Precipita\u00e7\u00e3o e Vento\",\"datePublished\":\"2021-09-12T21:33:16+00:00\",\"dateModified\":\"2021-09-12T21:40:24+00:00\",\"mainEntityOfPage\":{\"@id\":\"https:\/\/www.radioclubedodao.pt\/site\/2021\/09\/12\/condicoes-meteorologicas-adversas-precipitacao-e-vento\/\"},\"wordCount\":1323,\"commentCount\":0,\"publisher\":{\"@id\":\"https:\/\/www.radioclubedodao.pt\/site\/#organization\"},\"image\":{\"@id\":\"https:\/\/www.radioclubedodao.pt\/site\/2021\/09\/12\/condicoes-meteorologicas-adversas-precipitacao-e-vento\/#primaryimage\"},\"thumbnailUrl\":\"https:\/\/www.radioclubedodao.pt\/site\/wp-content\/uploads\/2020\/10\/unnamed.jpg\",\"articleSection\":[\"Uncategorized\"],\"inLanguage\":\"pt-PT\",\"potentialAction\":[{\"@type\":\"CommentAction\",\"name\":\"Comment\",\"target\":[\"https:\/\/www.radioclubedodao.pt\/site\/2021\/09\/12\/condicoes-meteorologicas-adversas-precipitacao-e-vento\/#respond\"]}]},{\"@type\":\"WebPage\",\"@id\":\"https:\/\/www.radioclubedodao.pt\/site\/2021\/09\/12\/condicoes-meteorologicas-adversas-precipitacao-e-vento\/\",\"url\":\"https:\/\/www.radioclubedodao.pt\/site\/2021\/09\/12\/condicoes-meteorologicas-adversas-precipitacao-e-vento\/\",\"name\":\"CONDI\u00c7\u00d5ES METEOROL\u00d3GICAS ADVERSAS - Precipita\u00e7\u00e3o e Vento - R\u00e1dio Clube do D\u00e3o\",\"isPartOf\":{\"@id\":\"https:\/\/www.radioclubedodao.pt\/site\/#website\"},\"primaryImageOfPage\":{\"@id\":\"https:\/\/www.radioclubedodao.pt\/site\/2021\/09\/12\/condicoes-meteorologicas-adversas-precipitacao-e-vento\/#primaryimage\"},\"image\":{\"@id\":\"https:\/\/www.radioclubedodao.pt\/site\/2021\/09\/12\/condicoes-meteorologicas-adversas-precipitacao-e-vento\/#primaryimage\"},\"thumbnailUrl\":\"https:\/\/www.radioclubedodao.pt\/site\/wp-content\/uploads\/2020\/10\/unnamed.jpg\",\"datePublished\":\"2021-09-12T21:33:16+00:00\",\"dateModified\":\"2021-09-12T21:40:24+00:00\",\"breadcrumb\":{\"@id\":\"https:\/\/www.radioclubedodao.pt\/site\/2021\/09\/12\/condicoes-meteorologicas-adversas-precipitacao-e-vento\/#breadcrumb\"},\"inLanguage\":\"pt-PT\",\"potentialAction\":[{\"@type\":\"ReadAction\",\"target\":[\"https:\/\/www.radioclubedodao.pt\/site\/2021\/09\/12\/condicoes-meteorologicas-adversas-precipitacao-e-vento\/\"]}]},{\"@type\":\"ImageObject\",\"inLanguage\":\"pt-PT\",\"@id\":\"https:\/\/www.radioclubedodao.pt\/site\/2021\/09\/12\/condicoes-meteorologicas-adversas-precipitacao-e-vento\/#primaryimage\",\"url\":\"https:\/\/www.radioclubedodao.pt\/site\/wp-content\/uploads\/2020\/10\/unnamed.jpg\",\"contentUrl\":\"https:\/\/www.radioclubedodao.pt\/site\/wp-content\/uploads\/2020\/10\/unnamed.jpg\",\"width\":512,\"height\":288},{\"@type\":\"BreadcrumbList\",\"@id\":\"https:\/\/www.radioclubedodao.pt\/site\/2021\/09\/12\/condicoes-meteorologicas-adversas-precipitacao-e-vento\/#breadcrumb\",\"itemListElement\":[{\"@type\":\"ListItem\",\"position\":1,\"name\":\"In\u00edcio\",\"item\":\"https:\/\/www.radioclubedodao.pt\/site\/\"},{\"@type\":\"ListItem\",\"position\":2,\"name\":\"CONDI\u00c7\u00d5ES METEOROL\u00d3GICAS ADVERSAS &#8211; Precipita\u00e7\u00e3o e Vento\"}]},{\"@type\":\"WebSite\",\"@id\":\"https:\/\/www.radioclubedodao.pt\/site\/#website\",\"url\":\"https:\/\/www.radioclubedodao.pt\/site\/\",\"name\":\"R\u00e1dio Clube do D\u00e3o\",\"description\":\"webr\u00e1dio\",\"publisher\":{\"@id\":\"https:\/\/www.radioclubedodao.pt\/site\/#organization\"},\"potentialAction\":[{\"@type\":\"SearchAction\",\"target\":{\"@type\":\"EntryPoint\",\"urlTemplate\":\"https:\/\/www.radioclubedodao.pt\/site\/?s={search_term_string}\"},\"query-input\":{\"@type\":\"PropertyValueSpecification\",\"valueRequired\":true,\"valueName\":\"search_term_string\"}}],\"inLanguage\":\"pt-PT\"},{\"@type\":\"Organization\",\"@id\":\"https:\/\/www.radioclubedodao.pt\/site\/#organization\",\"name\":\"R\u00e1dio Clube do D\u00e3o\",\"url\":\"https:\/\/www.radioclubedodao.pt\/site\/\",\"logo\":{\"@type\":\"ImageObject\",\"inLanguage\":\"pt-PT\",\"@id\":\"https:\/\/www.radioclubedodao.pt\/site\/#\/schema\/logo\/image\/\",\"url\":\"https:\/\/www.radioclubedodao.pt\/site\/wp-content\/uploads\/2018\/09\/10959501_1528800417385471_8159620885825168864_n.png\",\"contentUrl\":\"https:\/\/www.radioclubedodao.pt\/site\/wp-content\/uploads\/2018\/09\/10959501_1528800417385471_8159620885825168864_n.png\",\"width\":960,\"height\":678,\"caption\":\"R\u00e1dio Clube do D\u00e3o\"},\"image\":{\"@id\":\"https:\/\/www.radioclubedodao.pt\/site\/#\/schema\/logo\/image\/\"},\"sameAs\":[\"https:\/\/www.facebook.com\/radioclubedodao\/\",\"https:\/\/x.com\/ClubeDao\",\"https:\/\/www.instagram.com\/rcdao\/?hl=pt\"]},{\"@type\":\"Person\",\"@id\":\"https:\/\/www.radioclubedodao.pt\/site\/#\/schema\/person\/cd7a28554f264c1876d790fedfddf499\",\"name\":\"admin\",\"image\":{\"@type\":\"ImageObject\",\"inLanguage\":\"pt-PT\",\"@id\":\"https:\/\/www.radioclubedodao.pt\/site\/#\/schema\/person\/image\/\",\"url\":\"https:\/\/secure.gravatar.com\/avatar\/34c95391003e4d74dd8a7ac6916f4230?s=96&d=mm&r=g\",\"contentUrl\":\"https:\/\/secure.gravatar.com\/avatar\/34c95391003e4d74dd8a7ac6916f4230?s=96&d=mm&r=g\",\"caption\":\"admin\"}}]}<\/script>\n<!-- \/ Yoast SEO plugin. -->","yoast_head_json":{"title":"CONDI\u00c7\u00d5ES METEOROL\u00d3GICAS ADVERSAS - Precipita\u00e7\u00e3o e Vento - R\u00e1dio Clube do D\u00e3o","robots":{"index":"index","follow":"follow","max-snippet":"max-snippet:-1","max-image-preview":"max-image-preview:large","max-video-preview":"max-video-preview:-1"},"canonical":"https:\/\/www.radioclubedodao.pt\/site\/2021\/09\/12\/condicoes-meteorologicas-adversas-precipitacao-e-vento\/","og_locale":"pt_PT","og_type":"article","og_title":"CONDI\u00c7\u00d5ES METEOROL\u00d3GICAS ADVERSAS - Precipita\u00e7\u00e3o e Vento - R\u00e1dio Clube do D\u00e3o","og_description":"A AUTORIDADE NACIONAL DE EMERG\u00caNCIA E PROTE\u00c7\u00c3O CIVIL, DE ACORDO COM O IPMA, ADVERTE: 1.1 Situa\u00e7\u00e3o Meteorol\u00f3gica:De acordo com a informa\u00e7\u00e3o disponibilizada pelo IPMA, para as pr\u00f3ximas 48 horas, destaca-se a previs\u00e3o deprecipita\u00e7\u00e3o sob a...","og_url":"https:\/\/www.radioclubedodao.pt\/site\/2021\/09\/12\/condicoes-meteorologicas-adversas-precipitacao-e-vento\/","og_site_name":"R\u00e1dio Clube do D\u00e3o","article_publisher":"https:\/\/www.facebook.com\/radioclubedodao\/","article_published_time":"2021-09-12T21:33:16+00:00","article_modified_time":"2021-09-12T21:40:24+00:00","og_image":[{"width":512,"height":288,"url":"https:\/\/www.radioclubedodao.pt\/site\/wp-content\/uploads\/2020\/10\/unnamed.jpg","type":"image\/jpeg"}],"author":"admin","twitter_card":"summary_large_image","twitter_creator":"@ClubeDao","twitter_site":"@ClubeDao","twitter_misc":{"Escrito por":"admin","Tempo estimado de leitura":"7 minutos"},"schema":{"@context":"https:\/\/schema.org","@graph":[{"@type":"Article","@id":"https:\/\/www.radioclubedodao.pt\/site\/2021\/09\/12\/condicoes-meteorologicas-adversas-precipitacao-e-vento\/#article","isPartOf":{"@id":"https:\/\/www.radioclubedodao.pt\/site\/2021\/09\/12\/condicoes-meteorologicas-adversas-precipitacao-e-vento\/"},"author":{"name":"admin","@id":"https:\/\/www.radioclubedodao.pt\/site\/#\/schema\/person\/cd7a28554f264c1876d790fedfddf499"},"headline":"CONDI\u00c7\u00d5ES METEOROL\u00d3GICAS ADVERSAS &#8211; Precipita\u00e7\u00e3o e Vento","datePublished":"2021-09-12T21:33:16+00:00","dateModified":"2021-09-12T21:40:24+00:00","mainEntityOfPage":{"@id":"https:\/\/www.radioclubedodao.pt\/site\/2021\/09\/12\/condicoes-meteorologicas-adversas-precipitacao-e-vento\/"},"wordCount":1323,"commentCount":0,"publisher":{"@id":"https:\/\/www.radioclubedodao.pt\/site\/#organization"},"image":{"@id":"https:\/\/www.radioclubedodao.pt\/site\/2021\/09\/12\/condicoes-meteorologicas-adversas-precipitacao-e-vento\/#primaryimage"},"thumbnailUrl":"https:\/\/www.radioclubedodao.pt\/site\/wp-content\/uploads\/2020\/10\/unnamed.jpg","articleSection":["Uncategorized"],"inLanguage":"pt-PT","potentialAction":[{"@type":"CommentAction","name":"Comment","target":["https:\/\/www.radioclubedodao.pt\/site\/2021\/09\/12\/condicoes-meteorologicas-adversas-precipitacao-e-vento\/#respond"]}]},{"@type":"WebPage","@id":"https:\/\/www.radioclubedodao.pt\/site\/2021\/09\/12\/condicoes-meteorologicas-adversas-precipitacao-e-vento\/","url":"https:\/\/www.radioclubedodao.pt\/site\/2021\/09\/12\/condicoes-meteorologicas-adversas-precipitacao-e-vento\/","name":"CONDI\u00c7\u00d5ES METEOROL\u00d3GICAS ADVERSAS - Precipita\u00e7\u00e3o e Vento - R\u00e1dio Clube do D\u00e3o","isPartOf":{"@id":"https:\/\/www.radioclubedodao.pt\/site\/#website"},"primaryImageOfPage":{"@id":"https:\/\/www.radioclubedodao.pt\/site\/2021\/09\/12\/condicoes-meteorologicas-adversas-precipitacao-e-vento\/#primaryimage"},"image":{"@id":"https:\/\/www.radioclubedodao.pt\/site\/2021\/09\/12\/condicoes-meteorologicas-adversas-precipitacao-e-vento\/#primaryimage"},"thumbnailUrl":"https:\/\/www.radioclubedodao.pt\/site\/wp-content\/uploads\/2020\/10\/unnamed.jpg","datePublished":"2021-09-12T21:33:16+00:00","dateModified":"2021-09-12T21:40:24+00:00","breadcrumb":{"@id":"https:\/\/www.radioclubedodao.pt\/site\/2021\/09\/12\/condicoes-meteorologicas-adversas-precipitacao-e-vento\/#breadcrumb"},"inLanguage":"pt-PT","potentialAction":[{"@type":"ReadAction","target":["https:\/\/www.radioclubedodao.pt\/site\/2021\/09\/12\/condicoes-meteorologicas-adversas-precipitacao-e-vento\/"]}]},{"@type":"ImageObject","inLanguage":"pt-PT","@id":"https:\/\/www.radioclubedodao.pt\/site\/2021\/09\/12\/condicoes-meteorologicas-adversas-precipitacao-e-vento\/#primaryimage","url":"https:\/\/www.radioclubedodao.pt\/site\/wp-content\/uploads\/2020\/10\/unnamed.jpg","contentUrl":"https:\/\/www.radioclubedodao.pt\/site\/wp-content\/uploads\/2020\/10\/unnamed.jpg","width":512,"height":288},{"@type":"BreadcrumbList","@id":"https:\/\/www.radioclubedodao.pt\/site\/2021\/09\/12\/condicoes-meteorologicas-adversas-precipitacao-e-vento\/#breadcrumb","itemListElement":[{"@type":"ListItem","position":1,"name":"In\u00edcio","item":"https:\/\/www.radioclubedodao.pt\/site\/"},{"@type":"ListItem","position":2,"name":"CONDI\u00c7\u00d5ES METEOROL\u00d3GICAS ADVERSAS &#8211; Precipita\u00e7\u00e3o e Vento"}]},{"@type":"WebSite","@id":"https:\/\/www.radioclubedodao.pt\/site\/#website","url":"https:\/\/www.radioclubedodao.pt\/site\/","name":"R\u00e1dio Clube do D\u00e3o","description":"webr\u00e1dio","publisher":{"@id":"https:\/\/www.radioclubedodao.pt\/site\/#organization"},"potentialAction":[{"@type":"SearchAction","target":{"@type":"EntryPoint","urlTemplate":"https:\/\/www.radioclubedodao.pt\/site\/?s={search_term_string}"},"query-input":{"@type":"PropertyValueSpecification","valueRequired":true,"valueName":"search_term_string"}}],"inLanguage":"pt-PT"},{"@type":"Organization","@id":"https:\/\/www.radioclubedodao.pt\/site\/#organization","name":"R\u00e1dio Clube do D\u00e3o","url":"https:\/\/www.radioclubedodao.pt\/site\/","logo":{"@type":"ImageObject","inLanguage":"pt-PT","@id":"https:\/\/www.radioclubedodao.pt\/site\/#\/schema\/logo\/image\/","url":"https:\/\/www.radioclubedodao.pt\/site\/wp-content\/uploads\/2018\/09\/10959501_1528800417385471_8159620885825168864_n.png","contentUrl":"https:\/\/www.radioclubedodao.pt\/site\/wp-content\/uploads\/2018\/09\/10959501_1528800417385471_8159620885825168864_n.png","width":960,"height":678,"caption":"R\u00e1dio Clube do D\u00e3o"},"image":{"@id":"https:\/\/www.radioclubedodao.pt\/site\/#\/schema\/logo\/image\/"},"sameAs":["https:\/\/www.facebook.com\/radioclubedodao\/","https:\/\/x.com\/ClubeDao","https:\/\/www.instagram.com\/rcdao\/?hl=pt"]},{"@type":"Person","@id":"https:\/\/www.radioclubedodao.pt\/site\/#\/schema\/person\/cd7a28554f264c1876d790fedfddf499","name":"admin","image":{"@type":"ImageObject","inLanguage":"pt-PT","@id":"https:\/\/www.radioclubedodao.pt\/site\/#\/schema\/person\/image\/","url":"https:\/\/secure.gravatar.com\/avatar\/34c95391003e4d74dd8a7ac6916f4230?s=96&d=mm&r=g","contentUrl":"https:\/\/secure.gravatar.com\/avatar\/34c95391003e4d74dd8a7ac6916f4230?s=96&d=mm&r=g","caption":"admin"}}]}},"_links":{"self":[{"href":"https:\/\/www.radioclubedodao.pt\/site\/wp-json\/wp\/v2\/posts\/2730","targetHints":{"allow":["GET"]}}],"collection":[{"href":"https:\/\/www.radioclubedodao.pt\/site\/wp-json\/wp\/v2\/posts"}],"about":[{"href":"https:\/\/www.radioclubedodao.pt\/site\/wp-json\/wp\/v2\/types\/post"}],"author":[{"embeddable":true,"href":"https:\/\/www.radioclubedodao.pt\/site\/wp-json\/wp\/v2\/users\/1"}],"replies":[{"embeddable":true,"href":"https:\/\/www.radioclubedodao.pt\/site\/wp-json\/wp\/v2\/comments?post=2730"}],"version-history":[{"count":1,"href":"https:\/\/www.radioclubedodao.pt\/site\/wp-json\/wp\/v2\/posts\/2730\/revisions"}],"predecessor-version":[{"id":2731,"href":"https:\/\/www.radioclubedodao.pt\/site\/wp-json\/wp\/v2\/posts\/2730\/revisions\/2731"}],"wp:featuredmedia":[{"embeddable":true,"href":"https:\/\/www.radioclubedodao.pt\/site\/wp-json\/wp\/v2\/media\/1936"}],"wp:attachment":[{"href":"https:\/\/www.radioclubedodao.pt\/site\/wp-json\/wp\/v2\/media?parent=2730"}],"wp:term":[{"taxonomy":"category","embeddable":true,"href":"https:\/\/www.radioclubedodao.pt\/site\/wp-json\/wp\/v2\/categories?post=2730"},{"taxonomy":"post_tag","embeddable":true,"href":"https:\/\/www.radioclubedodao.pt\/site\/wp-json\/wp\/v2\/tags?post=2730"},{"taxonomy":"podcasting_podcasts","embeddable":true,"href":"https:\/\/www.radioclubedodao.pt\/site\/wp-json\/wp\/v2\/podcasting_podcasts?post=2730"}],"curies":[{"name":"wp","href":"https:\/\/api.w.org\/{rel}","templated":true}]}}