{"id":2862,"date":"2021-11-30T15:38:42","date_gmt":"2021-11-30T15:38:42","guid":{"rendered":"https:\/\/www.radioclubedodao.pt\/site\/?p=2862"},"modified":"2021-11-30T15:39:25","modified_gmt":"2021-11-30T15:39:25","slug":"situacao-de-calamidade-saiba-o-que-muda-a-partir-de-quarta-feira-1dez21","status":"publish","type":"post","link":"https:\/\/www.radioclubedodao.pt\/site\/2021\/11\/30\/situacao-de-calamidade-saiba-o-que-muda-a-partir-de-quarta-feira-1dez21\/","title":{"rendered":"Situa\u00e7\u00e3o de calamidade. Saiba o que muda a partir de quarta-feira, 1DEZ21"},"content":{"rendered":"\n<p>A partir da meia-noite Portugal passa a estar em situa\u00e7\u00e3o de calamidade e entram em vigor novas regras para combate \u00e0 Covid-19.<\/p>\n\n\n\n<p>O objetivo das autoridades \u00e9 travar o aumento de novos casos, num cen\u00e1rio agravado agora pela presen\u00e7a da variante \u00d3micron, cujos efeitos n\u00e3o s\u00e3o ainda conhecidos, e impedir que a \u00e9poca do Natal e do Ano Novo seja marcada por uma grande prolifera\u00e7\u00e3o do v\u00edrus.<\/p>\n\n\n\n<p>Assim,<strong>&nbsp;a primeira medida \u00e9 aposta no refor\u00e7o da vacina\u00e7\u00e3o<\/strong>, sendo que o Governo pretende que todos os maiores de 65 anos, bem como os maiores de 50 que tenham tomado a vacina da Janssen, estejam&nbsp;<strong>todos vacinados com a dose de refor\u00e7o da Pfizer, at\u00e9 ao dia 19 de dezembro<\/strong>.<\/p>\n\n\n\n<h2 class=\"wp-block-heading\">O regresso das m\u00e1scaras e dos testes<\/h2>\n\n\n\n<p>Em termos de regras propriamente ditas, e restri\u00e7\u00f5es, a partir desta quarta-feira&nbsp;<strong>v<\/strong><strong>olta a ser obrigat\u00f3rio usar m\u00e1scara em espa\u00e7os fechados e em todos os recintos<\/strong>&nbsp;n\u00e3o excecionados pela DGS.<\/p>\n\n\n\n<p>O&nbsp;<strong>certificado digital passa a ser obrigat\u00f3rio para&nbsp;<a href=\"https:\/\/rr.sapo.pt\/noticia\/pais\/2021\/11\/25\/covid-19-hoteis-e-restaurantes-satisfeitos-com-alcance-das-novas-restricoes\/262151\/\" target=\"_blank\" rel=\"noreferrer noopener\">aceder a restaurantes, estabelecimentos tur\u00edsticos<\/a>, alojamento local, eventos com lugares marcados e gin\u00e1sios<\/strong>.<\/p>\n\n\n\n<p>Tamb\u00e9m ser\u00e1 necess\u00e1rio&nbsp;<strong>teste negativo, at\u00e9 para vacinados, para&nbsp;<a href=\"https:\/\/rr.sapo.pt\/noticia\/pais\/2021\/11\/25\/covid-19-acesso-a-lares-estabelecimentos-de-saude-e-grandes-eventos-com-teste-obrigatorio\/262130\/\" target=\"_blank\" rel=\"noreferrer noopener\">visitas a lares ou a pacientes internados em estabelecimentos de sa\u00fade<\/a>, para aceder a grandes eventos sem lugares marcados ou recintos desportivos e ainda para entrar em discotecas e bares<\/strong>.<\/p>\n\n\n\n<p>Assim, por exemplo, os adeptos de futebol que pretendam assistir ao Benfica-Sporting, no dia 3 de dezembro no Est\u00e1dio da Luz, t\u00eam de apresentar, para al\u00e9m do certificado digital, um teste negativo feito nas 48 horas antes do desafio.<\/p>\n\n\n\n<p>Al\u00e9m destas medidas, o Governo tamb\u00e9m recomenda o regresso ao teletrabalho nas empresas que em isso seja poss\u00edvel.<\/p>\n\n\n\n<h2 class=\"wp-block-heading\">Viagens condicionadas<\/h2>\n\n\n\n<p>Para entrar em Portugal por via a\u00e9rea&nbsp;<strong>passa a ser obrigat\u00f3ria a&nbsp;<a href=\"https:\/\/rr.sapo.pt\/noticia\/pais\/2021\/11\/30\/teste-obrigatorio-o-que-muda-nos-aeroportos-a-partir-de-1-de-dezembro\/262714\/\" target=\"_blank\" rel=\"noreferrer noopener\">apresenta\u00e7\u00e3o de certificado de recupera\u00e7\u00e3o ou de teste<\/a>, seja atrav\u00e9s do certificado digital, seja de outro comprovativo de teste negativo feito at\u00e9 48 horas antes do embarque<\/strong>. Antes, na maioria dos casos, bastava apresentar um certificado digital de vacina\u00e7\u00e3o, mas isso j\u00e1 n\u00e3o chega.<\/p>\n\n\n\n<p>O Governo endureceu as san\u00e7\u00f5es \u00e0s&nbsp;<a href=\"https:\/\/rr.sapo.pt\/noticia\/pais\/2021\/11\/25\/covid-19-companhias-aereas-arriscam-multa-de-20-mil-euros-por-cada-passageiro-nao-testado\/262134\/?utm_source=cxultimas\" target=\"_blank\" rel=\"noreferrer noopener\">companhias a\u00e9reas<\/a>&nbsp;no caso de incumprimento. As&nbsp;<strong>companhias a\u00e9reas que admitam o embarque de passageiros sem teste negativo \u00e0 Covid-19 arriscam uma multa at\u00e9 20 mil euros por passageiro<\/strong>. As san\u00e7\u00f5es acess\u00f3rias podem ainda culminar \u201cna suspens\u00e3o das licen\u00e7as de voo para territ\u00f3rio nacional\u201d, indicou Ant\u00f3nio Costa, no dia em que apresentou as medidas.<\/p>\n\n\n\n<p><strong>As novas regras tamb\u00e9m se aplicam \u00e0s fronteiras terrestres, mar\u00edtimas e fluviais<\/strong>.&nbsp;<a href=\"https:\/\/rr.sapo.pt\/noticia\/pais\/2021\/11\/30\/cidadaos-fora-da-ue-precisam-de-teste-para-entrar-em-portugal-por-via-terrestre\/262712\/\" target=\"_blank\" rel=\"noreferrer noopener\">No caso das fronteiras terrestres<\/a>, de acordo com uma nota do Minist\u00e9rio da Administra\u00e7\u00e3o Interna, \u201cTodos os cidad\u00e3os oriundos dos pa\u00edses exteriores \u00e0 Uni\u00e3o Europeia (UE) e dos pa\u00edses considerados de n\u00edvel de risco vermelho ou vermelho escuro, quando n\u00e3o tenham Certificado Digital Covid da UE (CDCUE) nas modalidades de teste ou de recupera\u00e7\u00e3o, devem apresentar uma de duas alternativas: a) Comprovativo laboratorial de teste PCR negativo realizado nas \u00faltimas 72 horas; b) Comprovativo laboratorial de teste r\u00e1pido de antig\u00e9nio realizado nas \u00faltimas 48 horas e com resultado negativo.\u201d<\/p>\n\n\n\n<p>Fonte: https:\/\/rr.sapo.pt\/noticia\/pais\/2021\/11\/30\/situacao-de-calamidade-saiba-o-que-muda-a-partir-de-quarta-feira\/262704\/?fbclid=IwAR2nvSK8DEJKctALqRaWqDFEJlBygFWg08HO3Q5JLKhChZDszBR1EOPD0WU<\/p>\n","protected":false},"excerpt":{"rendered":"<p>A partir da meia-noite Portugal passa a estar em situa\u00e7\u00e3o de calamidade e entram em vigor novas regras para combate \u00e0 Covid-19. O objetivo das autoridades \u00e9 travar o aumento de novos casos, num cen\u00e1rio&#8230;<\/p>\n","protected":false},"author":1,"featured_media":2863,"comment_status":"open","ping_status":"open","sticky":false,"template":"","format":"standard","meta":{"podcast_url":"","podcast_explicit":"no","podcast_captioned":false,"podcast_duration":"","podcast_filesize":0,"podcast_mime":"","enclosure":"","podcast_season_number":"","podcast_episode_number":"","podcast_episode_type":"none","podcast_transcript":"","sfsi_plus_gutenberg_text_before_share":"","sfsi_plus_gutenberg_show_text_before_share":"","sfsi_plus_gutenberg_icon_type":"","sfsi_plus_gutenberg_icon_alignemt":"","sfsi_plus_gutenburg_max_per_row":"","sapo_feed_post_nuts":"","footnotes":""},"categories":[1],"tags":[],"podcasting_podcasts":[],"class_list":["post-2862","post","type-post","status-publish","format-standard","has-post-thumbnail","hentry","category-uncategorized"],"yoast_head":"<!-- This site is optimized with the Yoast SEO plugin v24.1 - https:\/\/yoast.com\/wordpress\/plugins\/seo\/ -->\n<title>Situa\u00e7\u00e3o de calamidade. Saiba o que muda a partir de quarta-feira, 1DEZ21 - R\u00e1dio Clube do D\u00e3o<\/title>\n<meta name=\"robots\" content=\"index, follow, max-snippet:-1, max-image-preview:large, max-video-preview:-1\" \/>\n<link rel=\"canonical\" href=\"https:\/\/www.radioclubedodao.pt\/site\/2021\/11\/30\/situacao-de-calamidade-saiba-o-que-muda-a-partir-de-quarta-feira-1dez21\/\" \/>\n<meta property=\"og:locale\" content=\"pt_PT\" \/>\n<meta property=\"og:type\" content=\"article\" \/>\n<meta property=\"og:title\" content=\"Situa\u00e7\u00e3o de calamidade. Saiba o que muda a partir de quarta-feira, 1DEZ21 - R\u00e1dio Clube do D\u00e3o\" \/>\n<meta property=\"og:description\" content=\"A partir da meia-noite Portugal passa a estar em situa\u00e7\u00e3o de calamidade e entram em vigor novas regras para combate \u00e0 Covid-19. O objetivo das autoridades \u00e9 travar o aumento de novos casos, num cen\u00e1rio...\" \/>\n<meta property=\"og:url\" content=\"https:\/\/www.radioclubedodao.pt\/site\/2021\/11\/30\/situacao-de-calamidade-saiba-o-que-muda-a-partir-de-quarta-feira-1dez21\/\" \/>\n<meta property=\"og:site_name\" content=\"R\u00e1dio Clube do D\u00e3o\" \/>\n<meta property=\"article:publisher\" content=\"https:\/\/www.facebook.com\/radioclubedodao\/\" \/>\n<meta property=\"article:published_time\" content=\"2021-11-30T15:38:42+00:00\" \/>\n<meta property=\"article:modified_time\" content=\"2021-11-30T15:39:25+00:00\" \/>\n<meta property=\"og:image\" content=\"https:\/\/www.radioclubedodao.pt\/site\/wp-content\/uploads\/transferir.png\" \/>\n\t<meta property=\"og:image:width\" content=\"334\" \/>\n\t<meta property=\"og:image:height\" content=\"151\" \/>\n\t<meta property=\"og:image:type\" content=\"image\/png\" \/>\n<meta name=\"author\" content=\"admin\" \/>\n<meta name=\"twitter:card\" content=\"summary_large_image\" \/>\n<meta name=\"twitter:creator\" content=\"@ClubeDao\" \/>\n<meta name=\"twitter:site\" content=\"@ClubeDao\" \/>\n<meta name=\"twitter:label1\" content=\"Escrito por\" \/>\n\t<meta name=\"twitter:data1\" content=\"admin\" \/>\n\t<meta name=\"twitter:label2\" content=\"Tempo estimado de leitura\" \/>\n\t<meta name=\"twitter:data2\" content=\"3 minutos\" \/>\n<script type=\"application\/ld+json\" class=\"yoast-schema-graph\">{\"@context\":\"https:\/\/schema.org\",\"@graph\":[{\"@type\":\"Article\",\"@id\":\"https:\/\/www.radioclubedodao.pt\/site\/2021\/11\/30\/situacao-de-calamidade-saiba-o-que-muda-a-partir-de-quarta-feira-1dez21\/#article\",\"isPartOf\":{\"@id\":\"https:\/\/www.radioclubedodao.pt\/site\/2021\/11\/30\/situacao-de-calamidade-saiba-o-que-muda-a-partir-de-quarta-feira-1dez21\/\"},\"author\":{\"name\":\"admin\",\"@id\":\"https:\/\/www.radioclubedodao.pt\/site\/#\/schema\/person\/cd7a28554f264c1876d790fedfddf499\"},\"headline\":\"Situa\u00e7\u00e3o de calamidade. Saiba o que muda a partir de quarta-feira, 1DEZ21\",\"datePublished\":\"2021-11-30T15:38:42+00:00\",\"dateModified\":\"2021-11-30T15:39:25+00:00\",\"mainEntityOfPage\":{\"@id\":\"https:\/\/www.radioclubedodao.pt\/site\/2021\/11\/30\/situacao-de-calamidade-saiba-o-que-muda-a-partir-de-quarta-feira-1dez21\/\"},\"wordCount\":579,\"commentCount\":0,\"publisher\":{\"@id\":\"https:\/\/www.radioclubedodao.pt\/site\/#organization\"},\"image\":{\"@id\":\"https:\/\/www.radioclubedodao.pt\/site\/2021\/11\/30\/situacao-de-calamidade-saiba-o-que-muda-a-partir-de-quarta-feira-1dez21\/#primaryimage\"},\"thumbnailUrl\":\"https:\/\/www.radioclubedodao.pt\/site\/wp-content\/uploads\/transferir.png\",\"articleSection\":[\"Uncategorized\"],\"inLanguage\":\"pt-PT\",\"potentialAction\":[{\"@type\":\"CommentAction\",\"name\":\"Comment\",\"target\":[\"https:\/\/www.radioclubedodao.pt\/site\/2021\/11\/30\/situacao-de-calamidade-saiba-o-que-muda-a-partir-de-quarta-feira-1dez21\/#respond\"]}]},{\"@type\":\"WebPage\",\"@id\":\"https:\/\/www.radioclubedodao.pt\/site\/2021\/11\/30\/situacao-de-calamidade-saiba-o-que-muda-a-partir-de-quarta-feira-1dez21\/\",\"url\":\"https:\/\/www.radioclubedodao.pt\/site\/2021\/11\/30\/situacao-de-calamidade-saiba-o-que-muda-a-partir-de-quarta-feira-1dez21\/\",\"name\":\"Situa\u00e7\u00e3o de calamidade. Saiba o que muda a partir de quarta-feira, 1DEZ21 - R\u00e1dio Clube do D\u00e3o\",\"isPartOf\":{\"@id\":\"https:\/\/www.radioclubedodao.pt\/site\/#website\"},\"primaryImageOfPage\":{\"@id\":\"https:\/\/www.radioclubedodao.pt\/site\/2021\/11\/30\/situacao-de-calamidade-saiba-o-que-muda-a-partir-de-quarta-feira-1dez21\/#primaryimage\"},\"image\":{\"@id\":\"https:\/\/www.radioclubedodao.pt\/site\/2021\/11\/30\/situacao-de-calamidade-saiba-o-que-muda-a-partir-de-quarta-feira-1dez21\/#primaryimage\"},\"thumbnailUrl\":\"https:\/\/www.radioclubedodao.pt\/site\/wp-content\/uploads\/transferir.png\",\"datePublished\":\"2021-11-30T15:38:42+00:00\",\"dateModified\":\"2021-11-30T15:39:25+00:00\",\"breadcrumb\":{\"@id\":\"https:\/\/www.radioclubedodao.pt\/site\/2021\/11\/30\/situacao-de-calamidade-saiba-o-que-muda-a-partir-de-quarta-feira-1dez21\/#breadcrumb\"},\"inLanguage\":\"pt-PT\",\"potentialAction\":[{\"@type\":\"ReadAction\",\"target\":[\"https:\/\/www.radioclubedodao.pt\/site\/2021\/11\/30\/situacao-de-calamidade-saiba-o-que-muda-a-partir-de-quarta-feira-1dez21\/\"]}]},{\"@type\":\"ImageObject\",\"inLanguage\":\"pt-PT\",\"@id\":\"https:\/\/www.radioclubedodao.pt\/site\/2021\/11\/30\/situacao-de-calamidade-saiba-o-que-muda-a-partir-de-quarta-feira-1dez21\/#primaryimage\",\"url\":\"https:\/\/www.radioclubedodao.pt\/site\/wp-content\/uploads\/transferir.png\",\"contentUrl\":\"https:\/\/www.radioclubedodao.pt\/site\/wp-content\/uploads\/transferir.png\",\"width\":334,\"height\":151},{\"@type\":\"BreadcrumbList\",\"@id\":\"https:\/\/www.radioclubedodao.pt\/site\/2021\/11\/30\/situacao-de-calamidade-saiba-o-que-muda-a-partir-de-quarta-feira-1dez21\/#breadcrumb\",\"itemListElement\":[{\"@type\":\"ListItem\",\"position\":1,\"name\":\"In\u00edcio\",\"item\":\"https:\/\/www.radioclubedodao.pt\/site\/\"},{\"@type\":\"ListItem\",\"position\":2,\"name\":\"Situa\u00e7\u00e3o de calamidade. Saiba o que muda a partir de quarta-feira, 1DEZ21\"}]},{\"@type\":\"WebSite\",\"@id\":\"https:\/\/www.radioclubedodao.pt\/site\/#website\",\"url\":\"https:\/\/www.radioclubedodao.pt\/site\/\",\"name\":\"R\u00e1dio Clube do D\u00e3o\",\"description\":\"webr\u00e1dio\",\"publisher\":{\"@id\":\"https:\/\/www.radioclubedodao.pt\/site\/#organization\"},\"potentialAction\":[{\"@type\":\"SearchAction\",\"target\":{\"@type\":\"EntryPoint\",\"urlTemplate\":\"https:\/\/www.radioclubedodao.pt\/site\/?s={search_term_string}\"},\"query-input\":{\"@type\":\"PropertyValueSpecification\",\"valueRequired\":true,\"valueName\":\"search_term_string\"}}],\"inLanguage\":\"pt-PT\"},{\"@type\":\"Organization\",\"@id\":\"https:\/\/www.radioclubedodao.pt\/site\/#organization\",\"name\":\"R\u00e1dio Clube do D\u00e3o\",\"url\":\"https:\/\/www.radioclubedodao.pt\/site\/\",\"logo\":{\"@type\":\"ImageObject\",\"inLanguage\":\"pt-PT\",\"@id\":\"https:\/\/www.radioclubedodao.pt\/site\/#\/schema\/logo\/image\/\",\"url\":\"https:\/\/www.radioclubedodao.pt\/site\/wp-content\/uploads\/2018\/09\/10959501_1528800417385471_8159620885825168864_n.png\",\"contentUrl\":\"https:\/\/www.radioclubedodao.pt\/site\/wp-content\/uploads\/2018\/09\/10959501_1528800417385471_8159620885825168864_n.png\",\"width\":960,\"height\":678,\"caption\":\"R\u00e1dio Clube do D\u00e3o\"},\"image\":{\"@id\":\"https:\/\/www.radioclubedodao.pt\/site\/#\/schema\/logo\/image\/\"},\"sameAs\":[\"https:\/\/www.facebook.com\/radioclubedodao\/\",\"https:\/\/x.com\/ClubeDao\",\"https:\/\/www.instagram.com\/rcdao\/?hl=pt\"]},{\"@type\":\"Person\",\"@id\":\"https:\/\/www.radioclubedodao.pt\/site\/#\/schema\/person\/cd7a28554f264c1876d790fedfddf499\",\"name\":\"admin\",\"image\":{\"@type\":\"ImageObject\",\"inLanguage\":\"pt-PT\",\"@id\":\"https:\/\/www.radioclubedodao.pt\/site\/#\/schema\/person\/image\/\",\"url\":\"https:\/\/secure.gravatar.com\/avatar\/34c95391003e4d74dd8a7ac6916f4230?s=96&d=mm&r=g\",\"contentUrl\":\"https:\/\/secure.gravatar.com\/avatar\/34c95391003e4d74dd8a7ac6916f4230?s=96&d=mm&r=g\",\"caption\":\"admin\"}}]}<\/script>\n<!-- \/ Yoast SEO plugin. -->","yoast_head_json":{"title":"Situa\u00e7\u00e3o de calamidade. Saiba o que muda a partir de quarta-feira, 1DEZ21 - R\u00e1dio Clube do D\u00e3o","robots":{"index":"index","follow":"follow","max-snippet":"max-snippet:-1","max-image-preview":"max-image-preview:large","max-video-preview":"max-video-preview:-1"},"canonical":"https:\/\/www.radioclubedodao.pt\/site\/2021\/11\/30\/situacao-de-calamidade-saiba-o-que-muda-a-partir-de-quarta-feira-1dez21\/","og_locale":"pt_PT","og_type":"article","og_title":"Situa\u00e7\u00e3o de calamidade. Saiba o que muda a partir de quarta-feira, 1DEZ21 - R\u00e1dio Clube do D\u00e3o","og_description":"A partir da meia-noite Portugal passa a estar em situa\u00e7\u00e3o de calamidade e entram em vigor novas regras para combate \u00e0 Covid-19. O objetivo das autoridades \u00e9 travar o aumento de novos casos, num cen\u00e1rio...","og_url":"https:\/\/www.radioclubedodao.pt\/site\/2021\/11\/30\/situacao-de-calamidade-saiba-o-que-muda-a-partir-de-quarta-feira-1dez21\/","og_site_name":"R\u00e1dio Clube do D\u00e3o","article_publisher":"https:\/\/www.facebook.com\/radioclubedodao\/","article_published_time":"2021-11-30T15:38:42+00:00","article_modified_time":"2021-11-30T15:39:25+00:00","og_image":[{"width":334,"height":151,"url":"https:\/\/www.radioclubedodao.pt\/site\/wp-content\/uploads\/transferir.png","type":"image\/png"}],"author":"admin","twitter_card":"summary_large_image","twitter_creator":"@ClubeDao","twitter_site":"@ClubeDao","twitter_misc":{"Escrito por":"admin","Tempo estimado de leitura":"3 minutos"},"schema":{"@context":"https:\/\/schema.org","@graph":[{"@type":"Article","@id":"https:\/\/www.radioclubedodao.pt\/site\/2021\/11\/30\/situacao-de-calamidade-saiba-o-que-muda-a-partir-de-quarta-feira-1dez21\/#article","isPartOf":{"@id":"https:\/\/www.radioclubedodao.pt\/site\/2021\/11\/30\/situacao-de-calamidade-saiba-o-que-muda-a-partir-de-quarta-feira-1dez21\/"},"author":{"name":"admin","@id":"https:\/\/www.radioclubedodao.pt\/site\/#\/schema\/person\/cd7a28554f264c1876d790fedfddf499"},"headline":"Situa\u00e7\u00e3o de calamidade. Saiba o que muda a partir de quarta-feira, 1DEZ21","datePublished":"2021-11-30T15:38:42+00:00","dateModified":"2021-11-30T15:39:25+00:00","mainEntityOfPage":{"@id":"https:\/\/www.radioclubedodao.pt\/site\/2021\/11\/30\/situacao-de-calamidade-saiba-o-que-muda-a-partir-de-quarta-feira-1dez21\/"},"wordCount":579,"commentCount":0,"publisher":{"@id":"https:\/\/www.radioclubedodao.pt\/site\/#organization"},"image":{"@id":"https:\/\/www.radioclubedodao.pt\/site\/2021\/11\/30\/situacao-de-calamidade-saiba-o-que-muda-a-partir-de-quarta-feira-1dez21\/#primaryimage"},"thumbnailUrl":"https:\/\/www.radioclubedodao.pt\/site\/wp-content\/uploads\/transferir.png","articleSection":["Uncategorized"],"inLanguage":"pt-PT","potentialAction":[{"@type":"CommentAction","name":"Comment","target":["https:\/\/www.radioclubedodao.pt\/site\/2021\/11\/30\/situacao-de-calamidade-saiba-o-que-muda-a-partir-de-quarta-feira-1dez21\/#respond"]}]},{"@type":"WebPage","@id":"https:\/\/www.radioclubedodao.pt\/site\/2021\/11\/30\/situacao-de-calamidade-saiba-o-que-muda-a-partir-de-quarta-feira-1dez21\/","url":"https:\/\/www.radioclubedodao.pt\/site\/2021\/11\/30\/situacao-de-calamidade-saiba-o-que-muda-a-partir-de-quarta-feira-1dez21\/","name":"Situa\u00e7\u00e3o de calamidade. Saiba o que muda a partir de quarta-feira, 1DEZ21 - R\u00e1dio Clube do D\u00e3o","isPartOf":{"@id":"https:\/\/www.radioclubedodao.pt\/site\/#website"},"primaryImageOfPage":{"@id":"https:\/\/www.radioclubedodao.pt\/site\/2021\/11\/30\/situacao-de-calamidade-saiba-o-que-muda-a-partir-de-quarta-feira-1dez21\/#primaryimage"},"image":{"@id":"https:\/\/www.radioclubedodao.pt\/site\/2021\/11\/30\/situacao-de-calamidade-saiba-o-que-muda-a-partir-de-quarta-feira-1dez21\/#primaryimage"},"thumbnailUrl":"https:\/\/www.radioclubedodao.pt\/site\/wp-content\/uploads\/transferir.png","datePublished":"2021-11-30T15:38:42+00:00","dateModified":"2021-11-30T15:39:25+00:00","breadcrumb":{"@id":"https:\/\/www.radioclubedodao.pt\/site\/2021\/11\/30\/situacao-de-calamidade-saiba-o-que-muda-a-partir-de-quarta-feira-1dez21\/#breadcrumb"},"inLanguage":"pt-PT","potentialAction":[{"@type":"ReadAction","target":["https:\/\/www.radioclubedodao.pt\/site\/2021\/11\/30\/situacao-de-calamidade-saiba-o-que-muda-a-partir-de-quarta-feira-1dez21\/"]}]},{"@type":"ImageObject","inLanguage":"pt-PT","@id":"https:\/\/www.radioclubedodao.pt\/site\/2021\/11\/30\/situacao-de-calamidade-saiba-o-que-muda-a-partir-de-quarta-feira-1dez21\/#primaryimage","url":"https:\/\/www.radioclubedodao.pt\/site\/wp-content\/uploads\/transferir.png","contentUrl":"https:\/\/www.radioclubedodao.pt\/site\/wp-content\/uploads\/transferir.png","width":334,"height":151},{"@type":"BreadcrumbList","@id":"https:\/\/www.radioclubedodao.pt\/site\/2021\/11\/30\/situacao-de-calamidade-saiba-o-que-muda-a-partir-de-quarta-feira-1dez21\/#breadcrumb","itemListElement":[{"@type":"ListItem","position":1,"name":"In\u00edcio","item":"https:\/\/www.radioclubedodao.pt\/site\/"},{"@type":"ListItem","position":2,"name":"Situa\u00e7\u00e3o de calamidade. Saiba o que muda a partir de quarta-feira, 1DEZ21"}]},{"@type":"WebSite","@id":"https:\/\/www.radioclubedodao.pt\/site\/#website","url":"https:\/\/www.radioclubedodao.pt\/site\/","name":"R\u00e1dio Clube do D\u00e3o","description":"webr\u00e1dio","publisher":{"@id":"https:\/\/www.radioclubedodao.pt\/site\/#organization"},"potentialAction":[{"@type":"SearchAction","target":{"@type":"EntryPoint","urlTemplate":"https:\/\/www.radioclubedodao.pt\/site\/?s={search_term_string}"},"query-input":{"@type":"PropertyValueSpecification","valueRequired":true,"valueName":"search_term_string"}}],"inLanguage":"pt-PT"},{"@type":"Organization","@id":"https:\/\/www.radioclubedodao.pt\/site\/#organization","name":"R\u00e1dio Clube do D\u00e3o","url":"https:\/\/www.radioclubedodao.pt\/site\/","logo":{"@type":"ImageObject","inLanguage":"pt-PT","@id":"https:\/\/www.radioclubedodao.pt\/site\/#\/schema\/logo\/image\/","url":"https:\/\/www.radioclubedodao.pt\/site\/wp-content\/uploads\/2018\/09\/10959501_1528800417385471_8159620885825168864_n.png","contentUrl":"https:\/\/www.radioclubedodao.pt\/site\/wp-content\/uploads\/2018\/09\/10959501_1528800417385471_8159620885825168864_n.png","width":960,"height":678,"caption":"R\u00e1dio Clube do D\u00e3o"},"image":{"@id":"https:\/\/www.radioclubedodao.pt\/site\/#\/schema\/logo\/image\/"},"sameAs":["https:\/\/www.facebook.com\/radioclubedodao\/","https:\/\/x.com\/ClubeDao","https:\/\/www.instagram.com\/rcdao\/?hl=pt"]},{"@type":"Person","@id":"https:\/\/www.radioclubedodao.pt\/site\/#\/schema\/person\/cd7a28554f264c1876d790fedfddf499","name":"admin","image":{"@type":"ImageObject","inLanguage":"pt-PT","@id":"https:\/\/www.radioclubedodao.pt\/site\/#\/schema\/person\/image\/","url":"https:\/\/secure.gravatar.com\/avatar\/34c95391003e4d74dd8a7ac6916f4230?s=96&d=mm&r=g","contentUrl":"https:\/\/secure.gravatar.com\/avatar\/34c95391003e4d74dd8a7ac6916f4230?s=96&d=mm&r=g","caption":"admin"}}]}},"_links":{"self":[{"href":"https:\/\/www.radioclubedodao.pt\/site\/wp-json\/wp\/v2\/posts\/2862","targetHints":{"allow":["GET"]}}],"collection":[{"href":"https:\/\/www.radioclubedodao.pt\/site\/wp-json\/wp\/v2\/posts"}],"about":[{"href":"https:\/\/www.radioclubedodao.pt\/site\/wp-json\/wp\/v2\/types\/post"}],"author":[{"embeddable":true,"href":"https:\/\/www.radioclubedodao.pt\/site\/wp-json\/wp\/v2\/users\/1"}],"replies":[{"embeddable":true,"href":"https:\/\/www.radioclubedodao.pt\/site\/wp-json\/wp\/v2\/comments?post=2862"}],"version-history":[{"count":2,"href":"https:\/\/www.radioclubedodao.pt\/site\/wp-json\/wp\/v2\/posts\/2862\/revisions"}],"predecessor-version":[{"id":2865,"href":"https:\/\/www.radioclubedodao.pt\/site\/wp-json\/wp\/v2\/posts\/2862\/revisions\/2865"}],"wp:featuredmedia":[{"embeddable":true,"href":"https:\/\/www.radioclubedodao.pt\/site\/wp-json\/wp\/v2\/media\/2863"}],"wp:attachment":[{"href":"https:\/\/www.radioclubedodao.pt\/site\/wp-json\/wp\/v2\/media?parent=2862"}],"wp:term":[{"taxonomy":"category","embeddable":true,"href":"https:\/\/www.radioclubedodao.pt\/site\/wp-json\/wp\/v2\/categories?post=2862"},{"taxonomy":"post_tag","embeddable":true,"href":"https:\/\/www.radioclubedodao.pt\/site\/wp-json\/wp\/v2\/tags?post=2862"},{"taxonomy":"podcasting_podcasts","embeddable":true,"href":"https:\/\/www.radioclubedodao.pt\/site\/wp-json\/wp\/v2\/podcasting_podcasts?post=2862"}],"curies":[{"name":"wp","href":"https:\/\/api.w.org\/{rel}","templated":true}]}}