{"id":2871,"date":"2021-12-07T22:35:42","date_gmt":"2021-12-07T22:35:42","guid":{"rendered":"https:\/\/www.radioclubedodao.pt\/site\/?p=2871"},"modified":"2021-12-07T22:55:51","modified_gmt":"2021-12-07T22:55:51","slug":"municipio-ee-melas-declara-situacao-de-alerta-municipal-e-ativa-plano-municipal-de-emergencia-e-protecao-civil-coronavirus-covid-19","status":"publish","type":"post","link":"https:\/\/www.radioclubedodao.pt\/site\/2021\/12\/07\/municipio-ee-melas-declara-situacao-de-alerta-municipal-e-ativa-plano-municipal-de-emergencia-e-protecao-civil-coronavirus-covid-19\/","title":{"rendered":"MUNICIPIO DE NELAS DECLARA SITUA\u00c7\u00c3O DE ALERTA MUNICIPAL E ATIVA PLANO MUNICIPAL DE EMERG\u00caNCIA E PROTE\u00c7\u00c3O CIVIL . CORONAV\u00cdRUS \u2013 COVID-19"},"content":{"rendered":"\n<p>Considerando:<\/p>\n\n\n\n<ul class=\"wp-block-list\"><li>A atual situa\u00e7\u00e3o epidemiol\u00f3gica de \u00e2mbito mundial, relacionada com o coronav\u00edrus\/COVID-19, declarada a 30 de janeiro de 2020, pela Organiza\u00e7\u00e3o Mundial de Sa\u00fade e o estado de pandemia, declarado em 11 de mar\u00e7o de 2020;<\/li><li>O previsto na Resolu\u00e7\u00e3o do Conselho de Ministros n.\u00ba 157\/2021, de 27 de novembro, atrav\u00e9s da qual se declara, na sequ\u00eancia da situa\u00e7\u00e3o epidemiol\u00f3gica da doen\u00e7a COVID-19, at\u00e9 \u00e0s 23:59h do dia 20 de mar\u00e7o de 2022, a Situa\u00e7\u00e3o de Calamidade em todo o territ\u00f3rio nacional continental e o Decreto-Lei n.\u00ba 104\/2021, de 27 de novembro, que altera as medidas no \u00e2mbito da pandemia da doen\u00e7a COVID-19;<\/li><li>Que se verifica um aumento de casos de infe\u00e7\u00e3o do referido v\u00edrus em Portugal, \u00e9 fundamental minimizar e conter poss\u00edveis linhas de cont\u00e1gio no Concelho de Nelas;<\/li><\/ul>\n\n\n\n<p>Imp\u00f5e-se:<\/p>\n\n\n\n<p>Que o Presidente da C\u00e2mara Municipal de Nelas, Joaquim Amaral, no \u00e2mbito das suas compet\u00eancias, ao abrigo do artigo 6.\u00ba, n.\u00ba 3 da Lei n.\u00ba 65\/2007, de 12 de novembro, na sua atual reda\u00e7\u00e3o, ap\u00f3s audi\u00e7\u00e3o da Comiss\u00e3o Municipal de Prote\u00e7\u00e3o Civil, na sua composi\u00e7\u00e3o reduzida (al\u00e9m do Presidente da C\u00e2mara Municipal, um elemento de cada um dos Comandos dos Corpos de Bombeiros de Nelas e de Canas de Senhorim e dos Comandos da GNR dos Postos Territoriais de Nelas de Canas de Senhorim), determine o seguinte:<\/p>\n\n\n\n<p>A declara\u00e7\u00e3o da situa\u00e7\u00e3o de alerta de \u00e2mbito municipal, nos termos do artigo 13.\u00ba da Lei n.\u00ba 27\/2006, de 3 de junho, na sua atual reda\u00e7\u00e3o, com o \u00e2mbito previsto no artigo 14.\u00ba do mesmo diploma legal, situa\u00e7\u00e3o de alerta justificada pelos considerando acima descritos;<\/p>\n\n\n\n<ul class=\"wp-block-list\"><li>A ativa\u00e7\u00e3o do Plano Municipal de Emerg\u00eancia de Prote\u00e7\u00e3o Civil de Nelas, que se manter\u00e1 em vigor, pelo menos, enquanto estiver declarado a situa\u00e7\u00e3o de Calamidade;<\/li><\/ul>\n\n\n\n<p>Desta decis\u00e3o, e sem preju\u00edzo do que, quer em composi\u00e7\u00e3o reduzida, quer em plen\u00e1rio, vier a ser determinado pela Comiss\u00e3o Municipal de Prote\u00e7\u00e3o Civil, decorrem imediatamente as seguintes medidas:<\/p>\n\n\n\n<ul class=\"wp-block-list\"><li>O Posto de Comando Operacional Municipal funciona, em perman\u00eancia, no Edif\u00edcio da C\u00e2mara Municipal, e sob coordena\u00e7\u00e3o do Presidente da C\u00e2mara Municipal e da Coordenadora Municipal de Prote\u00e7\u00e3o Civil, dos representantes da Sa\u00fade P\u00fablica e das Unidades de Sa\u00fade do Concelho de Nelas, dos Bombeiros Volunt\u00e1rios, da Guarda Nacional Republicana e Instituto da Seguran\u00e7a Social;<\/li><li>Caber\u00e1 a esta estrutura de coordena\u00e7\u00e3o a defini\u00e7\u00e3o urgente de medidas relativas \u00e0 fase de emerg\u00eancia e reabilita\u00e7\u00e3o m\u00e9dicas, apoio social e psicol\u00f3gico \u00e0 eventual popula\u00e7\u00e3o afetada e minimiza\u00e7\u00e3o ou conten\u00e7\u00e3o da propaga\u00e7\u00e3o da epidemia;<\/li><\/ul>\n\n\n\n<p>Pelo exposto e em consequ\u00eancia do decidido:<\/p>\n\n\n\n<ol class=\"wp-block-list\"><li>D\u00ea imediato conhecimento da ativa\u00e7\u00e3o do Plano Municipal de Emerg\u00eancia e Prote\u00e7\u00e3o Civil de Nelas ao Senhor Comandante Distrital de Opera\u00e7\u00f5es de Socorro (CDOS) de Viseu e aos Servi\u00e7os Municipais de Prote\u00e7\u00e3o Civil dos Municipais vizinhos de Viseu, Mangualde, Seia, Oliveira do Hospital e Carregal do Sal;<\/li><li>Publique no s\u00edtio da C\u00e2mara Municipal de Nelas (<a href=\"https:\/\/www.cm-nelas.pt\/\">cm-nelas.pt<\/a>);<\/li><li>Publiquem-se editais (nas Juntas de Freguesia e locais de estilo).<\/li><\/ol>\n\n\n\n<p><strong>Nelas, 07 de dezembro de 2021<\/strong><\/p>\n\n\n\n<p>O Presidente da C\u00e2mara<\/p>\n\n\n\n<p>(Dr. Joaquim Amaral)<\/p>\n\n\n\n<p>FONTE: FACEBOOK MUNICIPIO DE NELAS<\/p>\n","protected":false},"excerpt":{"rendered":"<p>Considerando: A atual situa\u00e7\u00e3o epidemiol\u00f3gica de \u00e2mbito mundial, relacionada com o coronav\u00edrus\/COVID-19, declarada a 30 de janeiro de 2020, pela Organiza\u00e7\u00e3o Mundial de Sa\u00fade e o estado de pandemia, declarado em 11 de mar\u00e7o de&#8230;<\/p>\n","protected":false},"author":1,"featured_media":0,"comment_status":"open","ping_status":"open","sticky":false,"template":"","format":"standard","meta":{"podcast_url":"","podcast_explicit":"no","podcast_captioned":false,"podcast_duration":"","podcast_filesize":0,"podcast_mime":"","enclosure":"","podcast_season_number":"","podcast_episode_number":"","podcast_episode_type":"none","podcast_transcript":"","sfsi_plus_gutenberg_text_before_share":"","sfsi_plus_gutenberg_show_text_before_share":"","sfsi_plus_gutenberg_icon_type":"","sfsi_plus_gutenberg_icon_alignemt":"","sfsi_plus_gutenburg_max_per_row":"","sapo_feed_post_nuts":"","footnotes":""},"categories":[1],"tags":[],"podcasting_podcasts":[],"class_list":["post-2871","post","type-post","status-publish","format-standard","hentry","category-uncategorized"],"yoast_head":"<!-- This site is optimized with the Yoast SEO plugin v24.1 - https:\/\/yoast.com\/wordpress\/plugins\/seo\/ -->\n<title>MUNICIPIO DE NELAS DECLARA SITUA\u00c7\u00c3O DE ALERTA MUNICIPAL E ATIVA PLANO MUNICIPAL DE EMERG\u00caNCIA E PROTE\u00c7\u00c3O CIVIL . CORONAV\u00cdRUS \u2013 COVID-19 - R\u00e1dio Clube do D\u00e3o<\/title>\n<meta name=\"robots\" content=\"index, follow, max-snippet:-1, max-image-preview:large, max-video-preview:-1\" \/>\n<link rel=\"canonical\" href=\"https:\/\/www.radioclubedodao.pt\/site\/2021\/12\/07\/municipio-ee-melas-declara-situacao-de-alerta-municipal-e-ativa-plano-municipal-de-emergencia-e-protecao-civil-coronavirus-covid-19\/\" \/>\n<meta property=\"og:locale\" content=\"pt_PT\" \/>\n<meta property=\"og:type\" content=\"article\" \/>\n<meta property=\"og:title\" content=\"MUNICIPIO DE NELAS DECLARA SITUA\u00c7\u00c3O DE ALERTA MUNICIPAL E ATIVA PLANO MUNICIPAL DE EMERG\u00caNCIA E PROTE\u00c7\u00c3O CIVIL . CORONAV\u00cdRUS \u2013 COVID-19 - R\u00e1dio Clube do D\u00e3o\" \/>\n<meta property=\"og:description\" content=\"Considerando: A atual situa\u00e7\u00e3o epidemiol\u00f3gica de \u00e2mbito mundial, relacionada com o coronav\u00edrus\/COVID-19, declarada a 30 de janeiro de 2020, pela Organiza\u00e7\u00e3o Mundial de Sa\u00fade e o estado de pandemia, declarado em 11 de mar\u00e7o de...\" \/>\n<meta property=\"og:url\" content=\"https:\/\/www.radioclubedodao.pt\/site\/2021\/12\/07\/municipio-ee-melas-declara-situacao-de-alerta-municipal-e-ativa-plano-municipal-de-emergencia-e-protecao-civil-coronavirus-covid-19\/\" \/>\n<meta property=\"og:site_name\" content=\"R\u00e1dio Clube do D\u00e3o\" \/>\n<meta property=\"article:publisher\" content=\"https:\/\/www.facebook.com\/radioclubedodao\/\" \/>\n<meta property=\"article:published_time\" content=\"2021-12-07T22:35:42+00:00\" \/>\n<meta property=\"article:modified_time\" content=\"2021-12-07T22:55:51+00:00\" \/>\n<meta name=\"author\" content=\"admin\" \/>\n<meta name=\"twitter:card\" content=\"summary_large_image\" \/>\n<meta name=\"twitter:creator\" content=\"@ClubeDao\" \/>\n<meta name=\"twitter:site\" content=\"@ClubeDao\" \/>\n<meta name=\"twitter:label1\" content=\"Escrito por\" \/>\n\t<meta name=\"twitter:data1\" content=\"admin\" \/>\n\t<meta name=\"twitter:label2\" content=\"Tempo estimado de leitura\" \/>\n\t<meta name=\"twitter:data2\" content=\"3 minutos\" \/>\n<script type=\"application\/ld+json\" class=\"yoast-schema-graph\">{\"@context\":\"https:\/\/schema.org\",\"@graph\":[{\"@type\":\"Article\",\"@id\":\"https:\/\/www.radioclubedodao.pt\/site\/2021\/12\/07\/municipio-ee-melas-declara-situacao-de-alerta-municipal-e-ativa-plano-municipal-de-emergencia-e-protecao-civil-coronavirus-covid-19\/#article\",\"isPartOf\":{\"@id\":\"https:\/\/www.radioclubedodao.pt\/site\/2021\/12\/07\/municipio-ee-melas-declara-situacao-de-alerta-municipal-e-ativa-plano-municipal-de-emergencia-e-protecao-civil-coronavirus-covid-19\/\"},\"author\":{\"name\":\"admin\",\"@id\":\"https:\/\/www.radioclubedodao.pt\/site\/#\/schema\/person\/cd7a28554f264c1876d790fedfddf499\"},\"headline\":\"MUNICIPIO DE NELAS DECLARA SITUA\u00c7\u00c3O DE ALERTA MUNICIPAL E ATIVA PLANO MUNICIPAL DE EMERG\u00caNCIA E PROTE\u00c7\u00c3O CIVIL . CORONAV\u00cdRUS \u2013 COVID-19\",\"datePublished\":\"2021-12-07T22:35:42+00:00\",\"dateModified\":\"2021-12-07T22:55:51+00:00\",\"mainEntityOfPage\":{\"@id\":\"https:\/\/www.radioclubedodao.pt\/site\/2021\/12\/07\/municipio-ee-melas-declara-situacao-de-alerta-municipal-e-ativa-plano-municipal-de-emergencia-e-protecao-civil-coronavirus-covid-19\/\"},\"wordCount\":577,\"commentCount\":0,\"publisher\":{\"@id\":\"https:\/\/www.radioclubedodao.pt\/site\/#organization\"},\"articleSection\":[\"Uncategorized\"],\"inLanguage\":\"pt-PT\",\"potentialAction\":[{\"@type\":\"CommentAction\",\"name\":\"Comment\",\"target\":[\"https:\/\/www.radioclubedodao.pt\/site\/2021\/12\/07\/municipio-ee-melas-declara-situacao-de-alerta-municipal-e-ativa-plano-municipal-de-emergencia-e-protecao-civil-coronavirus-covid-19\/#respond\"]}]},{\"@type\":\"WebPage\",\"@id\":\"https:\/\/www.radioclubedodao.pt\/site\/2021\/12\/07\/municipio-ee-melas-declara-situacao-de-alerta-municipal-e-ativa-plano-municipal-de-emergencia-e-protecao-civil-coronavirus-covid-19\/\",\"url\":\"https:\/\/www.radioclubedodao.pt\/site\/2021\/12\/07\/municipio-ee-melas-declara-situacao-de-alerta-municipal-e-ativa-plano-municipal-de-emergencia-e-protecao-civil-coronavirus-covid-19\/\",\"name\":\"MUNICIPIO DE NELAS DECLARA SITUA\u00c7\u00c3O DE ALERTA MUNICIPAL E ATIVA PLANO MUNICIPAL DE EMERG\u00caNCIA E PROTE\u00c7\u00c3O CIVIL . CORONAV\u00cdRUS \u2013 COVID-19 - R\u00e1dio Clube do D\u00e3o\",\"isPartOf\":{\"@id\":\"https:\/\/www.radioclubedodao.pt\/site\/#website\"},\"datePublished\":\"2021-12-07T22:35:42+00:00\",\"dateModified\":\"2021-12-07T22:55:51+00:00\",\"breadcrumb\":{\"@id\":\"https:\/\/www.radioclubedodao.pt\/site\/2021\/12\/07\/municipio-ee-melas-declara-situacao-de-alerta-municipal-e-ativa-plano-municipal-de-emergencia-e-protecao-civil-coronavirus-covid-19\/#breadcrumb\"},\"inLanguage\":\"pt-PT\",\"potentialAction\":[{\"@type\":\"ReadAction\",\"target\":[\"https:\/\/www.radioclubedodao.pt\/site\/2021\/12\/07\/municipio-ee-melas-declara-situacao-de-alerta-municipal-e-ativa-plano-municipal-de-emergencia-e-protecao-civil-coronavirus-covid-19\/\"]}]},{\"@type\":\"BreadcrumbList\",\"@id\":\"https:\/\/www.radioclubedodao.pt\/site\/2021\/12\/07\/municipio-ee-melas-declara-situacao-de-alerta-municipal-e-ativa-plano-municipal-de-emergencia-e-protecao-civil-coronavirus-covid-19\/#breadcrumb\",\"itemListElement\":[{\"@type\":\"ListItem\",\"position\":1,\"name\":\"In\u00edcio\",\"item\":\"https:\/\/www.radioclubedodao.pt\/site\/\"},{\"@type\":\"ListItem\",\"position\":2,\"name\":\"MUNICIPIO DE NELAS DECLARA SITUA\u00c7\u00c3O DE ALERTA MUNICIPAL E ATIVA PLANO MUNICIPAL DE EMERG\u00caNCIA E PROTE\u00c7\u00c3O CIVIL . CORONAV\u00cdRUS \u2013 COVID-19\"}]},{\"@type\":\"WebSite\",\"@id\":\"https:\/\/www.radioclubedodao.pt\/site\/#website\",\"url\":\"https:\/\/www.radioclubedodao.pt\/site\/\",\"name\":\"R\u00e1dio Clube do D\u00e3o\",\"description\":\"webr\u00e1dio\",\"publisher\":{\"@id\":\"https:\/\/www.radioclubedodao.pt\/site\/#organization\"},\"potentialAction\":[{\"@type\":\"SearchAction\",\"target\":{\"@type\":\"EntryPoint\",\"urlTemplate\":\"https:\/\/www.radioclubedodao.pt\/site\/?s={search_term_string}\"},\"query-input\":{\"@type\":\"PropertyValueSpecification\",\"valueRequired\":true,\"valueName\":\"search_term_string\"}}],\"inLanguage\":\"pt-PT\"},{\"@type\":\"Organization\",\"@id\":\"https:\/\/www.radioclubedodao.pt\/site\/#organization\",\"name\":\"R\u00e1dio Clube do D\u00e3o\",\"url\":\"https:\/\/www.radioclubedodao.pt\/site\/\",\"logo\":{\"@type\":\"ImageObject\",\"inLanguage\":\"pt-PT\",\"@id\":\"https:\/\/www.radioclubedodao.pt\/site\/#\/schema\/logo\/image\/\",\"url\":\"https:\/\/www.radioclubedodao.pt\/site\/wp-content\/uploads\/2018\/09\/10959501_1528800417385471_8159620885825168864_n.png\",\"contentUrl\":\"https:\/\/www.radioclubedodao.pt\/site\/wp-content\/uploads\/2018\/09\/10959501_1528800417385471_8159620885825168864_n.png\",\"width\":960,\"height\":678,\"caption\":\"R\u00e1dio Clube do D\u00e3o\"},\"image\":{\"@id\":\"https:\/\/www.radioclubedodao.pt\/site\/#\/schema\/logo\/image\/\"},\"sameAs\":[\"https:\/\/www.facebook.com\/radioclubedodao\/\",\"https:\/\/x.com\/ClubeDao\",\"https:\/\/www.instagram.com\/rcdao\/?hl=pt\"]},{\"@type\":\"Person\",\"@id\":\"https:\/\/www.radioclubedodao.pt\/site\/#\/schema\/person\/cd7a28554f264c1876d790fedfddf499\",\"name\":\"admin\",\"image\":{\"@type\":\"ImageObject\",\"inLanguage\":\"pt-PT\",\"@id\":\"https:\/\/www.radioclubedodao.pt\/site\/#\/schema\/person\/image\/\",\"url\":\"https:\/\/secure.gravatar.com\/avatar\/34c95391003e4d74dd8a7ac6916f4230?s=96&d=mm&r=g\",\"contentUrl\":\"https:\/\/secure.gravatar.com\/avatar\/34c95391003e4d74dd8a7ac6916f4230?s=96&d=mm&r=g\",\"caption\":\"admin\"}}]}<\/script>\n<!-- \/ Yoast SEO plugin. -->","yoast_head_json":{"title":"MUNICIPIO DE NELAS DECLARA SITUA\u00c7\u00c3O DE ALERTA MUNICIPAL E ATIVA PLANO MUNICIPAL DE EMERG\u00caNCIA E PROTE\u00c7\u00c3O CIVIL . CORONAV\u00cdRUS \u2013 COVID-19 - R\u00e1dio Clube do D\u00e3o","robots":{"index":"index","follow":"follow","max-snippet":"max-snippet:-1","max-image-preview":"max-image-preview:large","max-video-preview":"max-video-preview:-1"},"canonical":"https:\/\/www.radioclubedodao.pt\/site\/2021\/12\/07\/municipio-ee-melas-declara-situacao-de-alerta-municipal-e-ativa-plano-municipal-de-emergencia-e-protecao-civil-coronavirus-covid-19\/","og_locale":"pt_PT","og_type":"article","og_title":"MUNICIPIO DE NELAS DECLARA SITUA\u00c7\u00c3O DE ALERTA MUNICIPAL E ATIVA PLANO MUNICIPAL DE EMERG\u00caNCIA E PROTE\u00c7\u00c3O CIVIL . CORONAV\u00cdRUS \u2013 COVID-19 - R\u00e1dio Clube do D\u00e3o","og_description":"Considerando: A atual situa\u00e7\u00e3o epidemiol\u00f3gica de \u00e2mbito mundial, relacionada com o coronav\u00edrus\/COVID-19, declarada a 30 de janeiro de 2020, pela Organiza\u00e7\u00e3o Mundial de Sa\u00fade e o estado de pandemia, declarado em 11 de mar\u00e7o de...","og_url":"https:\/\/www.radioclubedodao.pt\/site\/2021\/12\/07\/municipio-ee-melas-declara-situacao-de-alerta-municipal-e-ativa-plano-municipal-de-emergencia-e-protecao-civil-coronavirus-covid-19\/","og_site_name":"R\u00e1dio Clube do D\u00e3o","article_publisher":"https:\/\/www.facebook.com\/radioclubedodao\/","article_published_time":"2021-12-07T22:35:42+00:00","article_modified_time":"2021-12-07T22:55:51+00:00","author":"admin","twitter_card":"summary_large_image","twitter_creator":"@ClubeDao","twitter_site":"@ClubeDao","twitter_misc":{"Escrito por":"admin","Tempo estimado de leitura":"3 minutos"},"schema":{"@context":"https:\/\/schema.org","@graph":[{"@type":"Article","@id":"https:\/\/www.radioclubedodao.pt\/site\/2021\/12\/07\/municipio-ee-melas-declara-situacao-de-alerta-municipal-e-ativa-plano-municipal-de-emergencia-e-protecao-civil-coronavirus-covid-19\/#article","isPartOf":{"@id":"https:\/\/www.radioclubedodao.pt\/site\/2021\/12\/07\/municipio-ee-melas-declara-situacao-de-alerta-municipal-e-ativa-plano-municipal-de-emergencia-e-protecao-civil-coronavirus-covid-19\/"},"author":{"name":"admin","@id":"https:\/\/www.radioclubedodao.pt\/site\/#\/schema\/person\/cd7a28554f264c1876d790fedfddf499"},"headline":"MUNICIPIO DE NELAS DECLARA SITUA\u00c7\u00c3O DE ALERTA MUNICIPAL E ATIVA PLANO MUNICIPAL DE EMERG\u00caNCIA E PROTE\u00c7\u00c3O CIVIL . CORONAV\u00cdRUS \u2013 COVID-19","datePublished":"2021-12-07T22:35:42+00:00","dateModified":"2021-12-07T22:55:51+00:00","mainEntityOfPage":{"@id":"https:\/\/www.radioclubedodao.pt\/site\/2021\/12\/07\/municipio-ee-melas-declara-situacao-de-alerta-municipal-e-ativa-plano-municipal-de-emergencia-e-protecao-civil-coronavirus-covid-19\/"},"wordCount":577,"commentCount":0,"publisher":{"@id":"https:\/\/www.radioclubedodao.pt\/site\/#organization"},"articleSection":["Uncategorized"],"inLanguage":"pt-PT","potentialAction":[{"@type":"CommentAction","name":"Comment","target":["https:\/\/www.radioclubedodao.pt\/site\/2021\/12\/07\/municipio-ee-melas-declara-situacao-de-alerta-municipal-e-ativa-plano-municipal-de-emergencia-e-protecao-civil-coronavirus-covid-19\/#respond"]}]},{"@type":"WebPage","@id":"https:\/\/www.radioclubedodao.pt\/site\/2021\/12\/07\/municipio-ee-melas-declara-situacao-de-alerta-municipal-e-ativa-plano-municipal-de-emergencia-e-protecao-civil-coronavirus-covid-19\/","url":"https:\/\/www.radioclubedodao.pt\/site\/2021\/12\/07\/municipio-ee-melas-declara-situacao-de-alerta-municipal-e-ativa-plano-municipal-de-emergencia-e-protecao-civil-coronavirus-covid-19\/","name":"MUNICIPIO DE NELAS DECLARA SITUA\u00c7\u00c3O DE ALERTA MUNICIPAL E ATIVA PLANO MUNICIPAL DE EMERG\u00caNCIA E PROTE\u00c7\u00c3O CIVIL . CORONAV\u00cdRUS \u2013 COVID-19 - R\u00e1dio Clube do D\u00e3o","isPartOf":{"@id":"https:\/\/www.radioclubedodao.pt\/site\/#website"},"datePublished":"2021-12-07T22:35:42+00:00","dateModified":"2021-12-07T22:55:51+00:00","breadcrumb":{"@id":"https:\/\/www.radioclubedodao.pt\/site\/2021\/12\/07\/municipio-ee-melas-declara-situacao-de-alerta-municipal-e-ativa-plano-municipal-de-emergencia-e-protecao-civil-coronavirus-covid-19\/#breadcrumb"},"inLanguage":"pt-PT","potentialAction":[{"@type":"ReadAction","target":["https:\/\/www.radioclubedodao.pt\/site\/2021\/12\/07\/municipio-ee-melas-declara-situacao-de-alerta-municipal-e-ativa-plano-municipal-de-emergencia-e-protecao-civil-coronavirus-covid-19\/"]}]},{"@type":"BreadcrumbList","@id":"https:\/\/www.radioclubedodao.pt\/site\/2021\/12\/07\/municipio-ee-melas-declara-situacao-de-alerta-municipal-e-ativa-plano-municipal-de-emergencia-e-protecao-civil-coronavirus-covid-19\/#breadcrumb","itemListElement":[{"@type":"ListItem","position":1,"name":"In\u00edcio","item":"https:\/\/www.radioclubedodao.pt\/site\/"},{"@type":"ListItem","position":2,"name":"MUNICIPIO DE NELAS DECLARA SITUA\u00c7\u00c3O DE ALERTA MUNICIPAL E ATIVA PLANO MUNICIPAL DE EMERG\u00caNCIA E PROTE\u00c7\u00c3O CIVIL . CORONAV\u00cdRUS \u2013 COVID-19"}]},{"@type":"WebSite","@id":"https:\/\/www.radioclubedodao.pt\/site\/#website","url":"https:\/\/www.radioclubedodao.pt\/site\/","name":"R\u00e1dio Clube do D\u00e3o","description":"webr\u00e1dio","publisher":{"@id":"https:\/\/www.radioclubedodao.pt\/site\/#organization"},"potentialAction":[{"@type":"SearchAction","target":{"@type":"EntryPoint","urlTemplate":"https:\/\/www.radioclubedodao.pt\/site\/?s={search_term_string}"},"query-input":{"@type":"PropertyValueSpecification","valueRequired":true,"valueName":"search_term_string"}}],"inLanguage":"pt-PT"},{"@type":"Organization","@id":"https:\/\/www.radioclubedodao.pt\/site\/#organization","name":"R\u00e1dio Clube do D\u00e3o","url":"https:\/\/www.radioclubedodao.pt\/site\/","logo":{"@type":"ImageObject","inLanguage":"pt-PT","@id":"https:\/\/www.radioclubedodao.pt\/site\/#\/schema\/logo\/image\/","url":"https:\/\/www.radioclubedodao.pt\/site\/wp-content\/uploads\/2018\/09\/10959501_1528800417385471_8159620885825168864_n.png","contentUrl":"https:\/\/www.radioclubedodao.pt\/site\/wp-content\/uploads\/2018\/09\/10959501_1528800417385471_8159620885825168864_n.png","width":960,"height":678,"caption":"R\u00e1dio Clube do D\u00e3o"},"image":{"@id":"https:\/\/www.radioclubedodao.pt\/site\/#\/schema\/logo\/image\/"},"sameAs":["https:\/\/www.facebook.com\/radioclubedodao\/","https:\/\/x.com\/ClubeDao","https:\/\/www.instagram.com\/rcdao\/?hl=pt"]},{"@type":"Person","@id":"https:\/\/www.radioclubedodao.pt\/site\/#\/schema\/person\/cd7a28554f264c1876d790fedfddf499","name":"admin","image":{"@type":"ImageObject","inLanguage":"pt-PT","@id":"https:\/\/www.radioclubedodao.pt\/site\/#\/schema\/person\/image\/","url":"https:\/\/secure.gravatar.com\/avatar\/34c95391003e4d74dd8a7ac6916f4230?s=96&d=mm&r=g","contentUrl":"https:\/\/secure.gravatar.com\/avatar\/34c95391003e4d74dd8a7ac6916f4230?s=96&d=mm&r=g","caption":"admin"}}]}},"_links":{"self":[{"href":"https:\/\/www.radioclubedodao.pt\/site\/wp-json\/wp\/v2\/posts\/2871","targetHints":{"allow":["GET"]}}],"collection":[{"href":"https:\/\/www.radioclubedodao.pt\/site\/wp-json\/wp\/v2\/posts"}],"about":[{"href":"https:\/\/www.radioclubedodao.pt\/site\/wp-json\/wp\/v2\/types\/post"}],"author":[{"embeddable":true,"href":"https:\/\/www.radioclubedodao.pt\/site\/wp-json\/wp\/v2\/users\/1"}],"replies":[{"embeddable":true,"href":"https:\/\/www.radioclubedodao.pt\/site\/wp-json\/wp\/v2\/comments?post=2871"}],"version-history":[{"count":2,"href":"https:\/\/www.radioclubedodao.pt\/site\/wp-json\/wp\/v2\/posts\/2871\/revisions"}],"predecessor-version":[{"id":2874,"href":"https:\/\/www.radioclubedodao.pt\/site\/wp-json\/wp\/v2\/posts\/2871\/revisions\/2874"}],"wp:attachment":[{"href":"https:\/\/www.radioclubedodao.pt\/site\/wp-json\/wp\/v2\/media?parent=2871"}],"wp:term":[{"taxonomy":"category","embeddable":true,"href":"https:\/\/www.radioclubedodao.pt\/site\/wp-json\/wp\/v2\/categories?post=2871"},{"taxonomy":"post_tag","embeddable":true,"href":"https:\/\/www.radioclubedodao.pt\/site\/wp-json\/wp\/v2\/tags?post=2871"},{"taxonomy":"podcasting_podcasts","embeddable":true,"href":"https:\/\/www.radioclubedodao.pt\/site\/wp-json\/wp\/v2\/podcasting_podcasts?post=2871"}],"curies":[{"name":"wp","href":"https:\/\/api.w.org\/{rel}","templated":true}]}}