{"id":2888,"date":"2021-12-21T18:06:47","date_gmt":"2021-12-21T18:06:47","guid":{"rendered":"https:\/\/www.radioclubedodao.pt\/site\/?p=2888"},"modified":"2021-12-21T18:09:54","modified_gmt":"2021-12-21T18:09:54","slug":"2888","status":"publish","type":"post","link":"https:\/\/www.radioclubedodao.pt\/site\/2021\/12\/21\/2888\/","title":{"rendered":"Medidas de Controlo da pandemia \u2013 22 de dezembro 2021"},"content":{"rendered":"\n<p>A pandemia Covid-19 tem estado a evoluir de forma acentuada em Portugal ao longo das \u00faltimas semanas. Olhando para os indicadores de sa\u00fade p\u00fablica, observa-se que a variante \u00d3micron tem estado a ser o principal motor deste crescimento, antecipando-se que nas pr\u00f3ximas semanas venha a ser substancialmente mais predominante do que as restantes.<\/p>\n\n\n\n<p>Atendendo a estes dados, e sabendo de antem\u00e3o que as \u00e9pocas de Natal e de Ano Novo s\u00e3o, pela sua natureza, momentos de confraterniza\u00e7\u00e3o e de conv\u00edvio social, o Governo decidiu refor\u00e7ar as medidas de combate \u00e0 pandemia, de forma preventiva, para mitigar os riscos potencialmente associados a esta quadra.<\/p>\n\n\n\n<p>Assim, e al\u00e9m das&nbsp;<a href=\"https:\/\/covid19estamoson.gov.pt\/medidas-de-controlo-da-pandemia-1-de-dezembro-de-2021\/\">medidas j\u00e1 anunciadas ou em vigor<\/a>, o Conselho de Ministros decidiu adotar as seguintes medidas para fazer face a estas semanas:<\/p>\n\n\n\n<p><strong>Testes gratuitos<\/strong>&nbsp;nas farm\u00e1cias&nbsp;<strong>passam de 4 a 6<\/strong>, por pessoa, em todo o Portugal continental.<\/p>\n\n\n\n<p><strong>Redu\u00e7\u00e3o de lota\u00e7\u00e3o&nbsp;<\/strong>em todos os espa\u00e7os comerciais: 1 pessoa \/ 5 m\u00b2.<\/p>\n\n\n\n<p><strong>Antecipa\u00e7\u00e3o do per\u00edodo de conten\u00e7\u00e3o a partir da meia-noite de 25 de dezembro:<\/strong><\/p>\n\n\n\n<ul class=\"wp-block-list\"><li>teletrabalho obrigat\u00f3rio;<\/li><li>encerramento de discotecas e bares;<\/li><li>encerramento de creches e ATL;<\/li><\/ul>\n\n\n\n<p><strong>Teste negativo obrigat\u00f3rio para acesso a:<\/strong><\/p>\n\n\n\n<ul class=\"wp-block-list\"><li>estabelecimentos tur\u00edsticos e alojamento local;<\/li><li>casamentos e batizados;<\/li><li>eventos corporativos;<\/li><li>espet\u00e1culos culturais;<\/li><li>recintos desportivos, salvo decis\u00e3o da DGS.<\/li><\/ul>\n\n\n\n<p><strong>Para o per\u00edodo de Natal e Ano Novo (24 e 25, 30, 31 de dezembro e 1 de janeiro):<\/strong><\/p>\n\n\n\n<ul class=\"wp-block-list\"><li>teste negativo obrigat\u00f3rio para acesso a restaurantes, casinos e festas de passagem de ano;<\/li><li>proibi\u00e7\u00e3o de ajuntamentos na via p\u00fablica de mais de 10 pessoas na passagem de ano;<\/li><li>proibi\u00e7\u00e3o de consumo de bebidas alco\u00f3licas na via p\u00fablica.<\/li><\/ul>\n","protected":false},"excerpt":{"rendered":"<p>A pandemia Covid-19 tem estado a evoluir de forma acentuada em Portugal ao longo das \u00faltimas semanas. Olhando para os indicadores de sa\u00fade p\u00fablica, observa-se que a variante \u00d3micron tem estado a ser o principal&#8230;<\/p>\n","protected":false},"author":1,"featured_media":0,"comment_status":"open","ping_status":"open","sticky":false,"template":"","format":"standard","meta":{"podcast_url":"","podcast_explicit":"no","podcast_captioned":false,"podcast_duration":"","podcast_filesize":0,"podcast_mime":"","enclosure":"","podcast_season_number":"","podcast_episode_number":"","podcast_episode_type":"none","podcast_transcript":"","sfsi_plus_gutenberg_text_before_share":"","sfsi_plus_gutenberg_show_text_before_share":"","sfsi_plus_gutenberg_icon_type":"","sfsi_plus_gutenberg_icon_alignemt":"","sfsi_plus_gutenburg_max_per_row":"","sapo_feed_post_nuts":"","footnotes":""},"categories":[1],"tags":[],"podcasting_podcasts":[],"class_list":["post-2888","post","type-post","status-publish","format-standard","hentry","category-uncategorized"],"yoast_head":"<!-- This site is optimized with the Yoast SEO plugin v24.1 - https:\/\/yoast.com\/wordpress\/plugins\/seo\/ -->\n<title>Medidas de Controlo da pandemia \u2013 22 de dezembro 2021 - R\u00e1dio Clube do D\u00e3o<\/title>\n<meta name=\"robots\" content=\"index, follow, max-snippet:-1, max-image-preview:large, max-video-preview:-1\" \/>\n<link rel=\"canonical\" href=\"https:\/\/www.radioclubedodao.pt\/site\/2021\/12\/21\/2888\/\" \/>\n<meta property=\"og:locale\" content=\"pt_PT\" \/>\n<meta property=\"og:type\" content=\"article\" \/>\n<meta property=\"og:title\" content=\"Medidas de Controlo da pandemia \u2013 22 de dezembro 2021 - R\u00e1dio Clube do D\u00e3o\" \/>\n<meta property=\"og:description\" content=\"A pandemia Covid-19 tem estado a evoluir de forma acentuada em Portugal ao longo das \u00faltimas semanas. Olhando para os indicadores de sa\u00fade p\u00fablica, observa-se que a variante \u00d3micron tem estado a ser o principal...\" \/>\n<meta property=\"og:url\" content=\"https:\/\/www.radioclubedodao.pt\/site\/2021\/12\/21\/2888\/\" \/>\n<meta property=\"og:site_name\" content=\"R\u00e1dio Clube do D\u00e3o\" \/>\n<meta property=\"article:publisher\" content=\"https:\/\/www.facebook.com\/radioclubedodao\/\" \/>\n<meta property=\"article:published_time\" content=\"2021-12-21T18:06:47+00:00\" \/>\n<meta property=\"article:modified_time\" content=\"2021-12-21T18:09:54+00:00\" \/>\n<meta name=\"author\" content=\"admin\" \/>\n<meta name=\"twitter:card\" content=\"summary_large_image\" \/>\n<meta name=\"twitter:creator\" content=\"@ClubeDao\" \/>\n<meta name=\"twitter:site\" content=\"@ClubeDao\" \/>\n<meta name=\"twitter:label1\" content=\"Escrito por\" \/>\n\t<meta name=\"twitter:data1\" content=\"admin\" \/>\n\t<meta name=\"twitter:label2\" content=\"Tempo estimado de leitura\" \/>\n\t<meta name=\"twitter:data2\" content=\"1 minuto\" \/>\n<script type=\"application\/ld+json\" class=\"yoast-schema-graph\">{\"@context\":\"https:\/\/schema.org\",\"@graph\":[{\"@type\":\"Article\",\"@id\":\"https:\/\/www.radioclubedodao.pt\/site\/2021\/12\/21\/2888\/#article\",\"isPartOf\":{\"@id\":\"https:\/\/www.radioclubedodao.pt\/site\/2021\/12\/21\/2888\/\"},\"author\":{\"name\":\"admin\",\"@id\":\"https:\/\/www.radioclubedodao.pt\/site\/#\/schema\/person\/cd7a28554f264c1876d790fedfddf499\"},\"headline\":\"Medidas de Controlo da pandemia \u2013 22 de dezembro 2021\",\"datePublished\":\"2021-12-21T18:06:47+00:00\",\"dateModified\":\"2021-12-21T18:09:54+00:00\",\"mainEntityOfPage\":{\"@id\":\"https:\/\/www.radioclubedodao.pt\/site\/2021\/12\/21\/2888\/\"},\"wordCount\":289,\"commentCount\":0,\"publisher\":{\"@id\":\"https:\/\/www.radioclubedodao.pt\/site\/#organization\"},\"articleSection\":[\"Uncategorized\"],\"inLanguage\":\"pt-PT\",\"potentialAction\":[{\"@type\":\"CommentAction\",\"name\":\"Comment\",\"target\":[\"https:\/\/www.radioclubedodao.pt\/site\/2021\/12\/21\/2888\/#respond\"]}]},{\"@type\":\"WebPage\",\"@id\":\"https:\/\/www.radioclubedodao.pt\/site\/2021\/12\/21\/2888\/\",\"url\":\"https:\/\/www.radioclubedodao.pt\/site\/2021\/12\/21\/2888\/\",\"name\":\"Medidas de Controlo da pandemia \u2013 22 de dezembro 2021 - R\u00e1dio Clube do D\u00e3o\",\"isPartOf\":{\"@id\":\"https:\/\/www.radioclubedodao.pt\/site\/#website\"},\"datePublished\":\"2021-12-21T18:06:47+00:00\",\"dateModified\":\"2021-12-21T18:09:54+00:00\",\"breadcrumb\":{\"@id\":\"https:\/\/www.radioclubedodao.pt\/site\/2021\/12\/21\/2888\/#breadcrumb\"},\"inLanguage\":\"pt-PT\",\"potentialAction\":[{\"@type\":\"ReadAction\",\"target\":[\"https:\/\/www.radioclubedodao.pt\/site\/2021\/12\/21\/2888\/\"]}]},{\"@type\":\"BreadcrumbList\",\"@id\":\"https:\/\/www.radioclubedodao.pt\/site\/2021\/12\/21\/2888\/#breadcrumb\",\"itemListElement\":[{\"@type\":\"ListItem\",\"position\":1,\"name\":\"In\u00edcio\",\"item\":\"https:\/\/www.radioclubedodao.pt\/site\/\"},{\"@type\":\"ListItem\",\"position\":2,\"name\":\"Medidas de Controlo da pandemia \u2013 22 de dezembro 2021\"}]},{\"@type\":\"WebSite\",\"@id\":\"https:\/\/www.radioclubedodao.pt\/site\/#website\",\"url\":\"https:\/\/www.radioclubedodao.pt\/site\/\",\"name\":\"R\u00e1dio Clube do D\u00e3o\",\"description\":\"webr\u00e1dio\",\"publisher\":{\"@id\":\"https:\/\/www.radioclubedodao.pt\/site\/#organization\"},\"potentialAction\":[{\"@type\":\"SearchAction\",\"target\":{\"@type\":\"EntryPoint\",\"urlTemplate\":\"https:\/\/www.radioclubedodao.pt\/site\/?s={search_term_string}\"},\"query-input\":{\"@type\":\"PropertyValueSpecification\",\"valueRequired\":true,\"valueName\":\"search_term_string\"}}],\"inLanguage\":\"pt-PT\"},{\"@type\":\"Organization\",\"@id\":\"https:\/\/www.radioclubedodao.pt\/site\/#organization\",\"name\":\"R\u00e1dio Clube do D\u00e3o\",\"url\":\"https:\/\/www.radioclubedodao.pt\/site\/\",\"logo\":{\"@type\":\"ImageObject\",\"inLanguage\":\"pt-PT\",\"@id\":\"https:\/\/www.radioclubedodao.pt\/site\/#\/schema\/logo\/image\/\",\"url\":\"https:\/\/www.radioclubedodao.pt\/site\/wp-content\/uploads\/2018\/09\/10959501_1528800417385471_8159620885825168864_n.png\",\"contentUrl\":\"https:\/\/www.radioclubedodao.pt\/site\/wp-content\/uploads\/2018\/09\/10959501_1528800417385471_8159620885825168864_n.png\",\"width\":960,\"height\":678,\"caption\":\"R\u00e1dio Clube do D\u00e3o\"},\"image\":{\"@id\":\"https:\/\/www.radioclubedodao.pt\/site\/#\/schema\/logo\/image\/\"},\"sameAs\":[\"https:\/\/www.facebook.com\/radioclubedodao\/\",\"https:\/\/x.com\/ClubeDao\",\"https:\/\/www.instagram.com\/rcdao\/?hl=pt\"]},{\"@type\":\"Person\",\"@id\":\"https:\/\/www.radioclubedodao.pt\/site\/#\/schema\/person\/cd7a28554f264c1876d790fedfddf499\",\"name\":\"admin\",\"image\":{\"@type\":\"ImageObject\",\"inLanguage\":\"pt-PT\",\"@id\":\"https:\/\/www.radioclubedodao.pt\/site\/#\/schema\/person\/image\/\",\"url\":\"https:\/\/secure.gravatar.com\/avatar\/34c95391003e4d74dd8a7ac6916f4230?s=96&d=mm&r=g\",\"contentUrl\":\"https:\/\/secure.gravatar.com\/avatar\/34c95391003e4d74dd8a7ac6916f4230?s=96&d=mm&r=g\",\"caption\":\"admin\"}}]}<\/script>\n<!-- \/ Yoast SEO plugin. -->","yoast_head_json":{"title":"Medidas de Controlo da pandemia \u2013 22 de dezembro 2021 - R\u00e1dio Clube do D\u00e3o","robots":{"index":"index","follow":"follow","max-snippet":"max-snippet:-1","max-image-preview":"max-image-preview:large","max-video-preview":"max-video-preview:-1"},"canonical":"https:\/\/www.radioclubedodao.pt\/site\/2021\/12\/21\/2888\/","og_locale":"pt_PT","og_type":"article","og_title":"Medidas de Controlo da pandemia \u2013 22 de dezembro 2021 - R\u00e1dio Clube do D\u00e3o","og_description":"A pandemia Covid-19 tem estado a evoluir de forma acentuada em Portugal ao longo das \u00faltimas semanas. Olhando para os indicadores de sa\u00fade p\u00fablica, observa-se que a variante \u00d3micron tem estado a ser o principal...","og_url":"https:\/\/www.radioclubedodao.pt\/site\/2021\/12\/21\/2888\/","og_site_name":"R\u00e1dio Clube do D\u00e3o","article_publisher":"https:\/\/www.facebook.com\/radioclubedodao\/","article_published_time":"2021-12-21T18:06:47+00:00","article_modified_time":"2021-12-21T18:09:54+00:00","author":"admin","twitter_card":"summary_large_image","twitter_creator":"@ClubeDao","twitter_site":"@ClubeDao","twitter_misc":{"Escrito por":"admin","Tempo estimado de leitura":"1 minuto"},"schema":{"@context":"https:\/\/schema.org","@graph":[{"@type":"Article","@id":"https:\/\/www.radioclubedodao.pt\/site\/2021\/12\/21\/2888\/#article","isPartOf":{"@id":"https:\/\/www.radioclubedodao.pt\/site\/2021\/12\/21\/2888\/"},"author":{"name":"admin","@id":"https:\/\/www.radioclubedodao.pt\/site\/#\/schema\/person\/cd7a28554f264c1876d790fedfddf499"},"headline":"Medidas de Controlo da pandemia \u2013 22 de dezembro 2021","datePublished":"2021-12-21T18:06:47+00:00","dateModified":"2021-12-21T18:09:54+00:00","mainEntityOfPage":{"@id":"https:\/\/www.radioclubedodao.pt\/site\/2021\/12\/21\/2888\/"},"wordCount":289,"commentCount":0,"publisher":{"@id":"https:\/\/www.radioclubedodao.pt\/site\/#organization"},"articleSection":["Uncategorized"],"inLanguage":"pt-PT","potentialAction":[{"@type":"CommentAction","name":"Comment","target":["https:\/\/www.radioclubedodao.pt\/site\/2021\/12\/21\/2888\/#respond"]}]},{"@type":"WebPage","@id":"https:\/\/www.radioclubedodao.pt\/site\/2021\/12\/21\/2888\/","url":"https:\/\/www.radioclubedodao.pt\/site\/2021\/12\/21\/2888\/","name":"Medidas de Controlo da pandemia \u2013 22 de dezembro 2021 - R\u00e1dio Clube do D\u00e3o","isPartOf":{"@id":"https:\/\/www.radioclubedodao.pt\/site\/#website"},"datePublished":"2021-12-21T18:06:47+00:00","dateModified":"2021-12-21T18:09:54+00:00","breadcrumb":{"@id":"https:\/\/www.radioclubedodao.pt\/site\/2021\/12\/21\/2888\/#breadcrumb"},"inLanguage":"pt-PT","potentialAction":[{"@type":"ReadAction","target":["https:\/\/www.radioclubedodao.pt\/site\/2021\/12\/21\/2888\/"]}]},{"@type":"BreadcrumbList","@id":"https:\/\/www.radioclubedodao.pt\/site\/2021\/12\/21\/2888\/#breadcrumb","itemListElement":[{"@type":"ListItem","position":1,"name":"In\u00edcio","item":"https:\/\/www.radioclubedodao.pt\/site\/"},{"@type":"ListItem","position":2,"name":"Medidas de Controlo da pandemia \u2013 22 de dezembro 2021"}]},{"@type":"WebSite","@id":"https:\/\/www.radioclubedodao.pt\/site\/#website","url":"https:\/\/www.radioclubedodao.pt\/site\/","name":"R\u00e1dio Clube do D\u00e3o","description":"webr\u00e1dio","publisher":{"@id":"https:\/\/www.radioclubedodao.pt\/site\/#organization"},"potentialAction":[{"@type":"SearchAction","target":{"@type":"EntryPoint","urlTemplate":"https:\/\/www.radioclubedodao.pt\/site\/?s={search_term_string}"},"query-input":{"@type":"PropertyValueSpecification","valueRequired":true,"valueName":"search_term_string"}}],"inLanguage":"pt-PT"},{"@type":"Organization","@id":"https:\/\/www.radioclubedodao.pt\/site\/#organization","name":"R\u00e1dio Clube do D\u00e3o","url":"https:\/\/www.radioclubedodao.pt\/site\/","logo":{"@type":"ImageObject","inLanguage":"pt-PT","@id":"https:\/\/www.radioclubedodao.pt\/site\/#\/schema\/logo\/image\/","url":"https:\/\/www.radioclubedodao.pt\/site\/wp-content\/uploads\/2018\/09\/10959501_1528800417385471_8159620885825168864_n.png","contentUrl":"https:\/\/www.radioclubedodao.pt\/site\/wp-content\/uploads\/2018\/09\/10959501_1528800417385471_8159620885825168864_n.png","width":960,"height":678,"caption":"R\u00e1dio Clube do D\u00e3o"},"image":{"@id":"https:\/\/www.radioclubedodao.pt\/site\/#\/schema\/logo\/image\/"},"sameAs":["https:\/\/www.facebook.com\/radioclubedodao\/","https:\/\/x.com\/ClubeDao","https:\/\/www.instagram.com\/rcdao\/?hl=pt"]},{"@type":"Person","@id":"https:\/\/www.radioclubedodao.pt\/site\/#\/schema\/person\/cd7a28554f264c1876d790fedfddf499","name":"admin","image":{"@type":"ImageObject","inLanguage":"pt-PT","@id":"https:\/\/www.radioclubedodao.pt\/site\/#\/schema\/person\/image\/","url":"https:\/\/secure.gravatar.com\/avatar\/34c95391003e4d74dd8a7ac6916f4230?s=96&d=mm&r=g","contentUrl":"https:\/\/secure.gravatar.com\/avatar\/34c95391003e4d74dd8a7ac6916f4230?s=96&d=mm&r=g","caption":"admin"}}]}},"_links":{"self":[{"href":"https:\/\/www.radioclubedodao.pt\/site\/wp-json\/wp\/v2\/posts\/2888","targetHints":{"allow":["GET"]}}],"collection":[{"href":"https:\/\/www.radioclubedodao.pt\/site\/wp-json\/wp\/v2\/posts"}],"about":[{"href":"https:\/\/www.radioclubedodao.pt\/site\/wp-json\/wp\/v2\/types\/post"}],"author":[{"embeddable":true,"href":"https:\/\/www.radioclubedodao.pt\/site\/wp-json\/wp\/v2\/users\/1"}],"replies":[{"embeddable":true,"href":"https:\/\/www.radioclubedodao.pt\/site\/wp-json\/wp\/v2\/comments?post=2888"}],"version-history":[{"count":2,"href":"https:\/\/www.radioclubedodao.pt\/site\/wp-json\/wp\/v2\/posts\/2888\/revisions"}],"predecessor-version":[{"id":2890,"href":"https:\/\/www.radioclubedodao.pt\/site\/wp-json\/wp\/v2\/posts\/2888\/revisions\/2890"}],"wp:attachment":[{"href":"https:\/\/www.radioclubedodao.pt\/site\/wp-json\/wp\/v2\/media?parent=2888"}],"wp:term":[{"taxonomy":"category","embeddable":true,"href":"https:\/\/www.radioclubedodao.pt\/site\/wp-json\/wp\/v2\/categories?post=2888"},{"taxonomy":"post_tag","embeddable":true,"href":"https:\/\/www.radioclubedodao.pt\/site\/wp-json\/wp\/v2\/tags?post=2888"},{"taxonomy":"podcasting_podcasts","embeddable":true,"href":"https:\/\/www.radioclubedodao.pt\/site\/wp-json\/wp\/v2\/podcasting_podcasts?post=2888"}],"curies":[{"name":"wp","href":"https:\/\/api.w.org\/{rel}","templated":true}]}}