{"id":2893,"date":"2021-12-23T17:15:45","date_gmt":"2021-12-23T17:15:45","guid":{"rendered":"https:\/\/www.radioclubedodao.pt\/site\/?p=2893"},"modified":"2021-12-23T17:15:46","modified_gmt":"2021-12-23T17:15:46","slug":"aviso-a-populacao","status":"publish","type":"post","link":"https:\/\/www.radioclubedodao.pt\/site\/2021\/12\/23\/aviso-a-populacao\/","title":{"rendered":"AVISO \u00c0 POPULA\u00c7\u00c3O"},"content":{"rendered":"\n<h1 class=\"wp-block-heading\">CONDI\u00c7\u00d5ES METEOROL\u00d3GICAS ADVERSAS: CHUVA, VENTO E AGITA\u00c7\u00c3O MAR\u00cdTIMA<\/h1>\n\n\n\n<figure class=\"wp-block-image\"><img decoding=\"async\" src=\".\/images\/0.png\" alt=\"\" title=\"Toque duas vezes para inserir o lightbox de imagem. No lightbox, toque duas vezes para sair.\"\/><\/figure>\n\n\n\n<hr class=\"wp-block-separator\"\/>\n\n\n\n<h1 class=\"wp-block-heading\">1. SITUA\u00c7\u00c3O<\/h1>\n\n\n\n<p>De acordo com a informa\u00e7\u00e3o meteorol\u00f3gica disponibilizada pelo Instituto Portugu\u00eas do Mar e da Atmosfera (IPMA), prev\u00ea-se um agravamento das condi\u00e7\u00f5es meteorol\u00f3gicas nos pr\u00f3ximos dias, salientando-se:<\/p>\n\n\n\n<h2 class=\"wp-block-heading\"><strong>Sexta-feira, 24 de dezembro:<\/strong><\/h2>\n\n\n\n<ul class=\"wp-block-list\"><li>Per\u00edodos de chuva em todo o territ\u00f3rio, por vezes forte no litoral Norte e Centro (distritos de Viana do Castelo, Braga, Porto, Vila Real, Viseu, Aveiro e Coimbra);<\/li><li>Agita\u00e7\u00e3o mar\u00edtima na costa ocidental com ondas de noroeste entre 4 e 5 metros de altura significativa.<\/li><\/ul>\n\n\n\n<h2 class=\"wp-block-heading\"><strong>S\u00e1bado, 25 de dezembro:<\/strong><\/h2>\n\n\n\n<ul class=\"wp-block-list\"><li>Per\u00edodos de chuva, por vezes forte e persistente, em especial nas regi\u00f5es Centro e Sul, passando a regime de aguaceiros e diminuindo de intensidade e frequ\u00eancia durante a tarde;<\/li><li>Vento forte do quadrante sul, soprando at\u00e9 45 km\/h no litoral e at\u00e9 50 km\/h nas terras altas, com rajadas at\u00e9 65 km\/h e 80 km\/h respetivamente, rodando para quadrante oeste no final do dia;<\/li><li>Agita\u00e7\u00e3o mar\u00edtima na costa ocidental com ondas de noroeste, temporariamente de oeste, entre 4 e 5 metros de altura significativa.<\/li><\/ul>\n\n\n\n<h2 class=\"wp-block-heading\"><strong>Domingo, dia 26 dezembro:<\/strong><\/h2>\n\n\n\n<ul class=\"wp-block-list\"><li>Chuva mais intensa durante a tarde;<\/li><li>Vento do quadrante oeste, por vezes forte no litoral (at\u00e9 45 km\/h, com rajadas at\u00e9 65 km\/h) e nas terras altas (at\u00e9 55 km\/h, com rajadas at\u00e9 80 km\/h), sendo temporariamente do quadrante sul durante a manh\u00e3 e a tarde;<\/li><li>Agita\u00e7\u00e3o mar\u00edtima na costa ocidental com ondas de noroeste, entre 4 e 5 metros de altura significativa, no per\u00edodo da madrugada, nos distritos de Set\u00fabal, Beja e Faro.<\/li><\/ul>\n\n\n\n<p>Acompanhe as previs\u00f5es meteorol\u00f3gicas em <a href=\"http:\/\/www.ipma.pt\/\">www.ipma.pt <\/a><a href=\"http:\/\/www.prociv.pt\/_layouts\/listfeed.aspx?List=%7b9CC8534A-C753-4410-BBD6-B85ED7F357DE%7d\"><\/a><\/p>\n\n\n\n<p>N.\u00ba<\/p>\n\n\n\n<hr class=\"wp-block-separator\"\/>\n\n\n\n<h1 class=\"wp-block-heading\">2. EFEITOS EXPECT\u00c1VEIS<\/h1>\n\n\n\n<p>Em fun\u00e7\u00e3o das condi\u00e7\u00f5es meteorol\u00f3gicas presentes e previstas \u00e9 expect\u00e1vel:<\/p>\n\n\n\n<ul class=\"wp-block-list\"><li>Piso rodovi\u00e1rio escorregadio e eventual de forma\u00e7\u00e3o de len\u00e7\u00f3is de \u00e1gua;<\/li><li>Possibilidade de cheias r\u00e1pidas em meio urbano, por acumula\u00e7\u00e3o de \u00e1guas pluviais ou insufici\u00eancias dos sistemas de drenagem;<\/li><li>Possibilidade de inunda\u00e7\u00e3o por transbordo de linhas de \u00e1gua nas zonas historicamente mais vulner\u00e1veis;<\/li><li>Inunda\u00e7\u00f5es de estruturas urbanas subterr\u00e2neas com defici\u00eancias de drenagem;<\/li><li>Dificuldades de drenagem em sistemas urbanos, nomeadamente as verificadas em per\u00edodos de preia-mar, podendo causar inunda\u00e7\u00f5es nos locais historicamente mais vulner\u00e1veis;<\/li><li>Danos em estruturas montadas ou suspensas;<\/li><li>Possibilidade de queda de ramos ou \u00e1rvores, bem como de afeta\u00e7\u00e3o de infraestruturas associadas \u00e0s redes de comunica\u00e7\u00f5es e energia.<\/li><\/ul>\n\n\n\n<hr class=\"wp-block-separator\"\/>\n\n\n\n<h1 class=\"wp-block-heading\">3. MEDIDAS PREVENTIVAS<\/h1>\n\n\n\n<p>A ANEPC recomenda \u00e0 popula\u00e7\u00e3o a tomada das necess\u00e1rias medidas de preven\u00e7\u00e3o, nomeadamente:<\/p>\n\n\n\n<ul class=\"wp-block-list\"><li>Garantir a desobstru\u00e7\u00e3o dos sistemas de escoamento das \u00e1guas pluviais e retirada de inertes e outros objetos que possam ser arrastados ou criem obst\u00e1culos ao livre escoamento das \u00e1guas;<\/li><li>Adotar uma condu\u00e7\u00e3o defensiva, reduzindo a velocidade e tendo especial cuidado com a poss\u00edvel forma\u00e7\u00e3o de len\u00e7\u00f3is de \u00e1gua nas vias rodovi\u00e1rias;<\/li><li>N\u00e3o atravessar zonas inundadas, de modo a precaver o arrastamento de pessoas ou viaturas para buracos no pavimento ou caixas de esgoto abertas;<\/li><li>Ter especial cuidado na circula\u00e7\u00e3o e perman\u00eancia junto de \u00e1reas arborizadas, estando atenta para a possibilidade de queda de ramos ou \u00e1rvores, em locais de vento mais forte;<\/li><li>Ter especial cuidado na circula\u00e7\u00e3o junto da orla costeira e zonas ribeirinhas historicamente mais vulner\u00e1veis a estes fen\u00f3menos;<\/li><li>Estar atento \u00e0s informa\u00e7\u00f5es da meteorologia e \u00e0s indica\u00e7\u00f5es da Prote\u00e7\u00e3o Civil e For\u00e7as de Seguran\u00e7a<\/li><\/ul>\n","protected":false},"excerpt":{"rendered":"<p>CONDI\u00c7\u00d5ES METEOROL\u00d3GICAS ADVERSAS: CHUVA, VENTO E AGITA\u00c7\u00c3O MAR\u00cdTIMA 1. SITUA\u00c7\u00c3O De acordo com a informa\u00e7\u00e3o meteorol\u00f3gica disponibilizada pelo Instituto Portugu\u00eas do Mar e da Atmosfera (IPMA), prev\u00ea-se um agravamento das condi\u00e7\u00f5es meteorol\u00f3gicas nos pr\u00f3ximos dias,&#8230;<\/p>\n","protected":false},"author":1,"featured_media":2164,"comment_status":"open","ping_status":"open","sticky":false,"template":"","format":"standard","meta":{"podcast_url":"","podcast_explicit":"no","podcast_captioned":false,"podcast_duration":"","podcast_filesize":0,"podcast_mime":"","enclosure":"","podcast_season_number":"","podcast_episode_number":"","podcast_episode_type":"none","podcast_transcript":"","sfsi_plus_gutenberg_text_before_share":"","sfsi_plus_gutenberg_show_text_before_share":"","sfsi_plus_gutenberg_icon_type":"","sfsi_plus_gutenberg_icon_alignemt":"","sfsi_plus_gutenburg_max_per_row":"","sapo_feed_post_nuts":"","footnotes":""},"categories":[1],"tags":[],"podcasting_podcasts":[],"class_list":["post-2893","post","type-post","status-publish","format-standard","has-post-thumbnail","hentry","category-uncategorized"],"yoast_head":"<!-- This site is optimized with the Yoast SEO plugin v24.1 - https:\/\/yoast.com\/wordpress\/plugins\/seo\/ -->\n<title>AVISO \u00c0 POPULA\u00c7\u00c3O - R\u00e1dio Clube do D\u00e3o<\/title>\n<meta name=\"robots\" content=\"index, follow, max-snippet:-1, max-image-preview:large, max-video-preview:-1\" \/>\n<link rel=\"canonical\" href=\"https:\/\/www.radioclubedodao.pt\/site\/2021\/12\/23\/aviso-a-populacao\/\" \/>\n<meta property=\"og:locale\" content=\"pt_PT\" \/>\n<meta property=\"og:type\" content=\"article\" \/>\n<meta property=\"og:title\" content=\"AVISO \u00c0 POPULA\u00c7\u00c3O - R\u00e1dio Clube do D\u00e3o\" \/>\n<meta property=\"og:description\" content=\"CONDI\u00c7\u00d5ES METEOROL\u00d3GICAS ADVERSAS: CHUVA, VENTO E AGITA\u00c7\u00c3O MAR\u00cdTIMA 1. SITUA\u00c7\u00c3O De acordo com a informa\u00e7\u00e3o meteorol\u00f3gica disponibilizada pelo Instituto Portugu\u00eas do Mar e da Atmosfera (IPMA), prev\u00ea-se um agravamento das condi\u00e7\u00f5es meteorol\u00f3gicas nos pr\u00f3ximos dias,...\" \/>\n<meta property=\"og:url\" content=\"https:\/\/www.radioclubedodao.pt\/site\/2021\/12\/23\/aviso-a-populacao\/\" \/>\n<meta property=\"og:site_name\" content=\"R\u00e1dio Clube do D\u00e3o\" \/>\n<meta property=\"article:publisher\" content=\"https:\/\/www.facebook.com\/radioclubedodao\/\" \/>\n<meta property=\"article:published_time\" content=\"2021-12-23T17:15:45+00:00\" \/>\n<meta property=\"article:modified_time\" content=\"2021-12-23T17:15:46+00:00\" \/>\n<meta property=\"og:image\" content=\"https:\/\/www.radioclubedodao.pt\/site\/wp-content\/uploads\/PicsArt_12-03-10.32.56-1024x388-1.jpg\" \/>\n\t<meta property=\"og:image:width\" content=\"699\" \/>\n\t<meta property=\"og:image:height\" content=\"265\" \/>\n\t<meta property=\"og:image:type\" content=\"image\/jpeg\" \/>\n<meta name=\"author\" content=\"admin\" \/>\n<meta name=\"twitter:card\" content=\"summary_large_image\" \/>\n<meta name=\"twitter:creator\" content=\"@ClubeDao\" \/>\n<meta name=\"twitter:site\" content=\"@ClubeDao\" \/>\n<meta name=\"twitter:label1\" content=\"Escrito por\" \/>\n\t<meta name=\"twitter:data1\" content=\"admin\" \/>\n\t<meta name=\"twitter:label2\" content=\"Tempo estimado de leitura\" \/>\n\t<meta name=\"twitter:data2\" content=\"3 minutos\" \/>\n<script type=\"application\/ld+json\" class=\"yoast-schema-graph\">{\"@context\":\"https:\/\/schema.org\",\"@graph\":[{\"@type\":\"Article\",\"@id\":\"https:\/\/www.radioclubedodao.pt\/site\/2021\/12\/23\/aviso-a-populacao\/#article\",\"isPartOf\":{\"@id\":\"https:\/\/www.radioclubedodao.pt\/site\/2021\/12\/23\/aviso-a-populacao\/\"},\"author\":{\"name\":\"admin\",\"@id\":\"https:\/\/www.radioclubedodao.pt\/site\/#\/schema\/person\/cd7a28554f264c1876d790fedfddf499\"},\"headline\":\"AVISO \u00c0 POPULA\u00c7\u00c3O\",\"datePublished\":\"2021-12-23T17:15:45+00:00\",\"dateModified\":\"2021-12-23T17:15:46+00:00\",\"mainEntityOfPage\":{\"@id\":\"https:\/\/www.radioclubedodao.pt\/site\/2021\/12\/23\/aviso-a-populacao\/\"},\"wordCount\":583,\"commentCount\":0,\"publisher\":{\"@id\":\"https:\/\/www.radioclubedodao.pt\/site\/#organization\"},\"image\":{\"@id\":\"https:\/\/www.radioclubedodao.pt\/site\/2021\/12\/23\/aviso-a-populacao\/#primaryimage\"},\"thumbnailUrl\":\"https:\/\/www.radioclubedodao.pt\/site\/wp-content\/uploads\/PicsArt_12-03-10.32.56-1024x388-1.jpg\",\"articleSection\":[\"Uncategorized\"],\"inLanguage\":\"pt-PT\",\"potentialAction\":[{\"@type\":\"CommentAction\",\"name\":\"Comment\",\"target\":[\"https:\/\/www.radioclubedodao.pt\/site\/2021\/12\/23\/aviso-a-populacao\/#respond\"]}]},{\"@type\":\"WebPage\",\"@id\":\"https:\/\/www.radioclubedodao.pt\/site\/2021\/12\/23\/aviso-a-populacao\/\",\"url\":\"https:\/\/www.radioclubedodao.pt\/site\/2021\/12\/23\/aviso-a-populacao\/\",\"name\":\"AVISO \u00c0 POPULA\u00c7\u00c3O - R\u00e1dio Clube do D\u00e3o\",\"isPartOf\":{\"@id\":\"https:\/\/www.radioclubedodao.pt\/site\/#website\"},\"primaryImageOfPage\":{\"@id\":\"https:\/\/www.radioclubedodao.pt\/site\/2021\/12\/23\/aviso-a-populacao\/#primaryimage\"},\"image\":{\"@id\":\"https:\/\/www.radioclubedodao.pt\/site\/2021\/12\/23\/aviso-a-populacao\/#primaryimage\"},\"thumbnailUrl\":\"https:\/\/www.radioclubedodao.pt\/site\/wp-content\/uploads\/PicsArt_12-03-10.32.56-1024x388-1.jpg\",\"datePublished\":\"2021-12-23T17:15:45+00:00\",\"dateModified\":\"2021-12-23T17:15:46+00:00\",\"breadcrumb\":{\"@id\":\"https:\/\/www.radioclubedodao.pt\/site\/2021\/12\/23\/aviso-a-populacao\/#breadcrumb\"},\"inLanguage\":\"pt-PT\",\"potentialAction\":[{\"@type\":\"ReadAction\",\"target\":[\"https:\/\/www.radioclubedodao.pt\/site\/2021\/12\/23\/aviso-a-populacao\/\"]}]},{\"@type\":\"ImageObject\",\"inLanguage\":\"pt-PT\",\"@id\":\"https:\/\/www.radioclubedodao.pt\/site\/2021\/12\/23\/aviso-a-populacao\/#primaryimage\",\"url\":\"https:\/\/www.radioclubedodao.pt\/site\/wp-content\/uploads\/PicsArt_12-03-10.32.56-1024x388-1.jpg\",\"contentUrl\":\"https:\/\/www.radioclubedodao.pt\/site\/wp-content\/uploads\/PicsArt_12-03-10.32.56-1024x388-1.jpg\",\"width\":699,\"height\":265},{\"@type\":\"BreadcrumbList\",\"@id\":\"https:\/\/www.radioclubedodao.pt\/site\/2021\/12\/23\/aviso-a-populacao\/#breadcrumb\",\"itemListElement\":[{\"@type\":\"ListItem\",\"position\":1,\"name\":\"In\u00edcio\",\"item\":\"https:\/\/www.radioclubedodao.pt\/site\/\"},{\"@type\":\"ListItem\",\"position\":2,\"name\":\"AVISO \u00c0 POPULA\u00c7\u00c3O\"}]},{\"@type\":\"WebSite\",\"@id\":\"https:\/\/www.radioclubedodao.pt\/site\/#website\",\"url\":\"https:\/\/www.radioclubedodao.pt\/site\/\",\"name\":\"R\u00e1dio Clube do D\u00e3o\",\"description\":\"webr\u00e1dio\",\"publisher\":{\"@id\":\"https:\/\/www.radioclubedodao.pt\/site\/#organization\"},\"potentialAction\":[{\"@type\":\"SearchAction\",\"target\":{\"@type\":\"EntryPoint\",\"urlTemplate\":\"https:\/\/www.radioclubedodao.pt\/site\/?s={search_term_string}\"},\"query-input\":{\"@type\":\"PropertyValueSpecification\",\"valueRequired\":true,\"valueName\":\"search_term_string\"}}],\"inLanguage\":\"pt-PT\"},{\"@type\":\"Organization\",\"@id\":\"https:\/\/www.radioclubedodao.pt\/site\/#organization\",\"name\":\"R\u00e1dio Clube do D\u00e3o\",\"url\":\"https:\/\/www.radioclubedodao.pt\/site\/\",\"logo\":{\"@type\":\"ImageObject\",\"inLanguage\":\"pt-PT\",\"@id\":\"https:\/\/www.radioclubedodao.pt\/site\/#\/schema\/logo\/image\/\",\"url\":\"https:\/\/www.radioclubedodao.pt\/site\/wp-content\/uploads\/2018\/09\/10959501_1528800417385471_8159620885825168864_n.png\",\"contentUrl\":\"https:\/\/www.radioclubedodao.pt\/site\/wp-content\/uploads\/2018\/09\/10959501_1528800417385471_8159620885825168864_n.png\",\"width\":960,\"height\":678,\"caption\":\"R\u00e1dio Clube do D\u00e3o\"},\"image\":{\"@id\":\"https:\/\/www.radioclubedodao.pt\/site\/#\/schema\/logo\/image\/\"},\"sameAs\":[\"https:\/\/www.facebook.com\/radioclubedodao\/\",\"https:\/\/x.com\/ClubeDao\",\"https:\/\/www.instagram.com\/rcdao\/?hl=pt\"]},{\"@type\":\"Person\",\"@id\":\"https:\/\/www.radioclubedodao.pt\/site\/#\/schema\/person\/cd7a28554f264c1876d790fedfddf499\",\"name\":\"admin\",\"image\":{\"@type\":\"ImageObject\",\"inLanguage\":\"pt-PT\",\"@id\":\"https:\/\/www.radioclubedodao.pt\/site\/#\/schema\/person\/image\/\",\"url\":\"https:\/\/secure.gravatar.com\/avatar\/34c95391003e4d74dd8a7ac6916f4230?s=96&d=mm&r=g\",\"contentUrl\":\"https:\/\/secure.gravatar.com\/avatar\/34c95391003e4d74dd8a7ac6916f4230?s=96&d=mm&r=g\",\"caption\":\"admin\"}}]}<\/script>\n<!-- \/ Yoast SEO plugin. -->","yoast_head_json":{"title":"AVISO \u00c0 POPULA\u00c7\u00c3O - R\u00e1dio Clube do D\u00e3o","robots":{"index":"index","follow":"follow","max-snippet":"max-snippet:-1","max-image-preview":"max-image-preview:large","max-video-preview":"max-video-preview:-1"},"canonical":"https:\/\/www.radioclubedodao.pt\/site\/2021\/12\/23\/aviso-a-populacao\/","og_locale":"pt_PT","og_type":"article","og_title":"AVISO \u00c0 POPULA\u00c7\u00c3O - R\u00e1dio Clube do D\u00e3o","og_description":"CONDI\u00c7\u00d5ES METEOROL\u00d3GICAS ADVERSAS: CHUVA, VENTO E AGITA\u00c7\u00c3O MAR\u00cdTIMA 1. SITUA\u00c7\u00c3O De acordo com a informa\u00e7\u00e3o meteorol\u00f3gica disponibilizada pelo Instituto Portugu\u00eas do Mar e da Atmosfera (IPMA), prev\u00ea-se um agravamento das condi\u00e7\u00f5es meteorol\u00f3gicas nos pr\u00f3ximos dias,...","og_url":"https:\/\/www.radioclubedodao.pt\/site\/2021\/12\/23\/aviso-a-populacao\/","og_site_name":"R\u00e1dio Clube do D\u00e3o","article_publisher":"https:\/\/www.facebook.com\/radioclubedodao\/","article_published_time":"2021-12-23T17:15:45+00:00","article_modified_time":"2021-12-23T17:15:46+00:00","og_image":[{"width":699,"height":265,"url":"https:\/\/www.radioclubedodao.pt\/site\/wp-content\/uploads\/PicsArt_12-03-10.32.56-1024x388-1.jpg","type":"image\/jpeg"}],"author":"admin","twitter_card":"summary_large_image","twitter_creator":"@ClubeDao","twitter_site":"@ClubeDao","twitter_misc":{"Escrito por":"admin","Tempo estimado de leitura":"3 minutos"},"schema":{"@context":"https:\/\/schema.org","@graph":[{"@type":"Article","@id":"https:\/\/www.radioclubedodao.pt\/site\/2021\/12\/23\/aviso-a-populacao\/#article","isPartOf":{"@id":"https:\/\/www.radioclubedodao.pt\/site\/2021\/12\/23\/aviso-a-populacao\/"},"author":{"name":"admin","@id":"https:\/\/www.radioclubedodao.pt\/site\/#\/schema\/person\/cd7a28554f264c1876d790fedfddf499"},"headline":"AVISO \u00c0 POPULA\u00c7\u00c3O","datePublished":"2021-12-23T17:15:45+00:00","dateModified":"2021-12-23T17:15:46+00:00","mainEntityOfPage":{"@id":"https:\/\/www.radioclubedodao.pt\/site\/2021\/12\/23\/aviso-a-populacao\/"},"wordCount":583,"commentCount":0,"publisher":{"@id":"https:\/\/www.radioclubedodao.pt\/site\/#organization"},"image":{"@id":"https:\/\/www.radioclubedodao.pt\/site\/2021\/12\/23\/aviso-a-populacao\/#primaryimage"},"thumbnailUrl":"https:\/\/www.radioclubedodao.pt\/site\/wp-content\/uploads\/PicsArt_12-03-10.32.56-1024x388-1.jpg","articleSection":["Uncategorized"],"inLanguage":"pt-PT","potentialAction":[{"@type":"CommentAction","name":"Comment","target":["https:\/\/www.radioclubedodao.pt\/site\/2021\/12\/23\/aviso-a-populacao\/#respond"]}]},{"@type":"WebPage","@id":"https:\/\/www.radioclubedodao.pt\/site\/2021\/12\/23\/aviso-a-populacao\/","url":"https:\/\/www.radioclubedodao.pt\/site\/2021\/12\/23\/aviso-a-populacao\/","name":"AVISO \u00c0 POPULA\u00c7\u00c3O - R\u00e1dio Clube do D\u00e3o","isPartOf":{"@id":"https:\/\/www.radioclubedodao.pt\/site\/#website"},"primaryImageOfPage":{"@id":"https:\/\/www.radioclubedodao.pt\/site\/2021\/12\/23\/aviso-a-populacao\/#primaryimage"},"image":{"@id":"https:\/\/www.radioclubedodao.pt\/site\/2021\/12\/23\/aviso-a-populacao\/#primaryimage"},"thumbnailUrl":"https:\/\/www.radioclubedodao.pt\/site\/wp-content\/uploads\/PicsArt_12-03-10.32.56-1024x388-1.jpg","datePublished":"2021-12-23T17:15:45+00:00","dateModified":"2021-12-23T17:15:46+00:00","breadcrumb":{"@id":"https:\/\/www.radioclubedodao.pt\/site\/2021\/12\/23\/aviso-a-populacao\/#breadcrumb"},"inLanguage":"pt-PT","potentialAction":[{"@type":"ReadAction","target":["https:\/\/www.radioclubedodao.pt\/site\/2021\/12\/23\/aviso-a-populacao\/"]}]},{"@type":"ImageObject","inLanguage":"pt-PT","@id":"https:\/\/www.radioclubedodao.pt\/site\/2021\/12\/23\/aviso-a-populacao\/#primaryimage","url":"https:\/\/www.radioclubedodao.pt\/site\/wp-content\/uploads\/PicsArt_12-03-10.32.56-1024x388-1.jpg","contentUrl":"https:\/\/www.radioclubedodao.pt\/site\/wp-content\/uploads\/PicsArt_12-03-10.32.56-1024x388-1.jpg","width":699,"height":265},{"@type":"BreadcrumbList","@id":"https:\/\/www.radioclubedodao.pt\/site\/2021\/12\/23\/aviso-a-populacao\/#breadcrumb","itemListElement":[{"@type":"ListItem","position":1,"name":"In\u00edcio","item":"https:\/\/www.radioclubedodao.pt\/site\/"},{"@type":"ListItem","position":2,"name":"AVISO \u00c0 POPULA\u00c7\u00c3O"}]},{"@type":"WebSite","@id":"https:\/\/www.radioclubedodao.pt\/site\/#website","url":"https:\/\/www.radioclubedodao.pt\/site\/","name":"R\u00e1dio Clube do D\u00e3o","description":"webr\u00e1dio","publisher":{"@id":"https:\/\/www.radioclubedodao.pt\/site\/#organization"},"potentialAction":[{"@type":"SearchAction","target":{"@type":"EntryPoint","urlTemplate":"https:\/\/www.radioclubedodao.pt\/site\/?s={search_term_string}"},"query-input":{"@type":"PropertyValueSpecification","valueRequired":true,"valueName":"search_term_string"}}],"inLanguage":"pt-PT"},{"@type":"Organization","@id":"https:\/\/www.radioclubedodao.pt\/site\/#organization","name":"R\u00e1dio Clube do D\u00e3o","url":"https:\/\/www.radioclubedodao.pt\/site\/","logo":{"@type":"ImageObject","inLanguage":"pt-PT","@id":"https:\/\/www.radioclubedodao.pt\/site\/#\/schema\/logo\/image\/","url":"https:\/\/www.radioclubedodao.pt\/site\/wp-content\/uploads\/2018\/09\/10959501_1528800417385471_8159620885825168864_n.png","contentUrl":"https:\/\/www.radioclubedodao.pt\/site\/wp-content\/uploads\/2018\/09\/10959501_1528800417385471_8159620885825168864_n.png","width":960,"height":678,"caption":"R\u00e1dio Clube do D\u00e3o"},"image":{"@id":"https:\/\/www.radioclubedodao.pt\/site\/#\/schema\/logo\/image\/"},"sameAs":["https:\/\/www.facebook.com\/radioclubedodao\/","https:\/\/x.com\/ClubeDao","https:\/\/www.instagram.com\/rcdao\/?hl=pt"]},{"@type":"Person","@id":"https:\/\/www.radioclubedodao.pt\/site\/#\/schema\/person\/cd7a28554f264c1876d790fedfddf499","name":"admin","image":{"@type":"ImageObject","inLanguage":"pt-PT","@id":"https:\/\/www.radioclubedodao.pt\/site\/#\/schema\/person\/image\/","url":"https:\/\/secure.gravatar.com\/avatar\/34c95391003e4d74dd8a7ac6916f4230?s=96&d=mm&r=g","contentUrl":"https:\/\/secure.gravatar.com\/avatar\/34c95391003e4d74dd8a7ac6916f4230?s=96&d=mm&r=g","caption":"admin"}}]}},"_links":{"self":[{"href":"https:\/\/www.radioclubedodao.pt\/site\/wp-json\/wp\/v2\/posts\/2893","targetHints":{"allow":["GET"]}}],"collection":[{"href":"https:\/\/www.radioclubedodao.pt\/site\/wp-json\/wp\/v2\/posts"}],"about":[{"href":"https:\/\/www.radioclubedodao.pt\/site\/wp-json\/wp\/v2\/types\/post"}],"author":[{"embeddable":true,"href":"https:\/\/www.radioclubedodao.pt\/site\/wp-json\/wp\/v2\/users\/1"}],"replies":[{"embeddable":true,"href":"https:\/\/www.radioclubedodao.pt\/site\/wp-json\/wp\/v2\/comments?post=2893"}],"version-history":[{"count":1,"href":"https:\/\/www.radioclubedodao.pt\/site\/wp-json\/wp\/v2\/posts\/2893\/revisions"}],"predecessor-version":[{"id":2894,"href":"https:\/\/www.radioclubedodao.pt\/site\/wp-json\/wp\/v2\/posts\/2893\/revisions\/2894"}],"wp:featuredmedia":[{"embeddable":true,"href":"https:\/\/www.radioclubedodao.pt\/site\/wp-json\/wp\/v2\/media\/2164"}],"wp:attachment":[{"href":"https:\/\/www.radioclubedodao.pt\/site\/wp-json\/wp\/v2\/media?parent=2893"}],"wp:term":[{"taxonomy":"category","embeddable":true,"href":"https:\/\/www.radioclubedodao.pt\/site\/wp-json\/wp\/v2\/categories?post=2893"},{"taxonomy":"post_tag","embeddable":true,"href":"https:\/\/www.radioclubedodao.pt\/site\/wp-json\/wp\/v2\/tags?post=2893"},{"taxonomy":"podcasting_podcasts","embeddable":true,"href":"https:\/\/www.radioclubedodao.pt\/site\/wp-json\/wp\/v2\/podcasting_podcasts?post=2893"}],"curies":[{"name":"wp","href":"https:\/\/api.w.org\/{rel}","templated":true}]}}