{"id":2923,"date":"2022-01-30T11:46:39","date_gmt":"2022-01-30T11:46:39","guid":{"rendered":"https:\/\/www.radioclubedodao.pt\/site\/?p=2923"},"modified":"2022-01-30T11:48:11","modified_gmt":"2022-01-30T11:48:11","slug":"suspensao-das-queimas-e-queimadas-para-os-proximos-dias","status":"publish","type":"post","link":"https:\/\/www.radioclubedodao.pt\/site\/2022\/01\/30\/suspensao-das-queimas-e-queimadas-para-os-proximos-dias\/","title":{"rendered":"Suspens\u00e3o das queimas e queimadas para os pr\u00f3ximos dias"},"content":{"rendered":"\n<p>De acordo com a informa\u00e7\u00e3o disponibilizada pelo Instituto Portugu\u00eas do Mar e da Atmosfera (IPMA) para os pr\u00f3ximos dias, prev\u00ea-se um aumento da intensidade do vento que, em combina\u00e7\u00e3o com a continua\u00e7\u00e3o de tempo quente e seco, com temperaturas acima da m\u00e9dia para esta \u00e9poca do ano, &nbsp;conjugado com o n\u00famero de comunica\u00e7\u00f5es para a realiza\u00e7\u00e3o de queimas de amontoados e queimadas, podem dar origem a inc\u00eandios rurais.<\/p>\n\n\n\n<p><strong>EFEITOS EXPECT\u00c1VEIS<\/strong><\/p>\n\n\n\n<p>Aumento da dificuldade das a\u00e7\u00f5es de supress\u00e3o aos inc\u00eandios rurais em consequ\u00eancia do aumento da intensidade do vento e da baixa humidade relativa do ar.<\/p>\n\n\n\n<p><strong>MEDIDAS PREVENTIVAS<\/strong><\/p>\n\n\n\n<p>Assim, nos termos do n.\u00ba <a href=\"geo:0,0?q=5 artigo 43 do Decreto-lei n\u00ba 82 de 13 de outubro 2021\">5 artigo 43 do Decreto-lei n\u00ba 82, de 13 de outubro 2021<\/a>, o Centro de Coordena\u00e7\u00e3o Operacional Nacional (CCON) em reuni\u00e3o extraordin\u00e1ria realizada hoje, dia 29 de janeiro, deliberou a suspens\u00e3o de todos os pedidos de autoriza\u00e7\u00e3o para realiza\u00e7\u00e3o de queimas e queimadas entre \u00e0s <a href=\"geo:0,0?q=00H00 do dia 30 de janeiro e as 23H59 do dia 1 de fevereiro de 2022\">00H00 do dia 30 de janeiro e as 23H59 do dia 1 de fevereiro de 2022<\/a>.<\/p>\n","protected":false},"excerpt":{"rendered":"<p>De acordo com a informa\u00e7\u00e3o disponibilizada pelo Instituto Portugu\u00eas do Mar e da Atmosfera (IPMA) para os pr\u00f3ximos dias, prev\u00ea-se um aumento da intensidade do vento que, em combina\u00e7\u00e3o com a continua\u00e7\u00e3o de tempo quente&#8230;<\/p>\n","protected":false},"author":1,"featured_media":2925,"comment_status":"open","ping_status":"open","sticky":false,"template":"","format":"standard","meta":{"podcast_url":"","podcast_explicit":"no","podcast_captioned":false,"podcast_duration":"","podcast_filesize":0,"podcast_mime":"","enclosure":"","podcast_season_number":"","podcast_episode_number":"","podcast_episode_type":"none","podcast_transcript":"","sfsi_plus_gutenberg_text_before_share":"","sfsi_plus_gutenberg_show_text_before_share":"","sfsi_plus_gutenberg_icon_type":"","sfsi_plus_gutenberg_icon_alignemt":"","sfsi_plus_gutenburg_max_per_row":"","sapo_feed_post_nuts":"","footnotes":""},"categories":[1],"tags":[],"podcasting_podcasts":[],"class_list":["post-2923","post","type-post","status-publish","format-standard","has-post-thumbnail","hentry","category-uncategorized"],"yoast_head":"<!-- This site is optimized with the Yoast SEO plugin v24.1 - https:\/\/yoast.com\/wordpress\/plugins\/seo\/ -->\n<title>Suspens\u00e3o das queimas e queimadas para os pr\u00f3ximos dias - R\u00e1dio Clube do D\u00e3o<\/title>\n<meta name=\"robots\" content=\"index, follow, max-snippet:-1, max-image-preview:large, max-video-preview:-1\" \/>\n<link rel=\"canonical\" href=\"https:\/\/www.radioclubedodao.pt\/site\/2022\/01\/30\/suspensao-das-queimas-e-queimadas-para-os-proximos-dias\/\" \/>\n<meta property=\"og:locale\" content=\"pt_PT\" \/>\n<meta property=\"og:type\" content=\"article\" \/>\n<meta property=\"og:title\" content=\"Suspens\u00e3o das queimas e queimadas para os pr\u00f3ximos dias - R\u00e1dio Clube do D\u00e3o\" \/>\n<meta property=\"og:description\" content=\"De acordo com a informa\u00e7\u00e3o disponibilizada pelo Instituto Portugu\u00eas do Mar e da Atmosfera (IPMA) para os pr\u00f3ximos dias, prev\u00ea-se um aumento da intensidade do vento que, em combina\u00e7\u00e3o com a continua\u00e7\u00e3o de tempo quente...\" \/>\n<meta property=\"og:url\" content=\"https:\/\/www.radioclubedodao.pt\/site\/2022\/01\/30\/suspensao-das-queimas-e-queimadas-para-os-proximos-dias\/\" \/>\n<meta property=\"og:site_name\" content=\"R\u00e1dio Clube do D\u00e3o\" \/>\n<meta property=\"article:publisher\" content=\"https:\/\/www.facebook.com\/radioclubedodao\/\" \/>\n<meta property=\"article:published_time\" content=\"2022-01-30T11:46:39+00:00\" \/>\n<meta property=\"article:modified_time\" content=\"2022-01-30T11:48:11+00:00\" \/>\n<meta property=\"og:image\" content=\"https:\/\/www.radioclubedodao.pt\/site\/wp-content\/uploads\/images.jpeg\" \/>\n\t<meta property=\"og:image:width\" content=\"245\" \/>\n\t<meta property=\"og:image:height\" content=\"206\" \/>\n\t<meta property=\"og:image:type\" content=\"image\/jpeg\" \/>\n<meta name=\"author\" content=\"admin\" \/>\n<meta name=\"twitter:card\" content=\"summary_large_image\" \/>\n<meta name=\"twitter:creator\" content=\"@ClubeDao\" \/>\n<meta name=\"twitter:site\" content=\"@ClubeDao\" \/>\n<meta name=\"twitter:label1\" content=\"Escrito por\" \/>\n\t<meta name=\"twitter:data1\" content=\"admin\" \/>\n\t<meta name=\"twitter:label2\" content=\"Tempo estimado de leitura\" \/>\n\t<meta name=\"twitter:data2\" content=\"1 minuto\" \/>\n<script type=\"application\/ld+json\" class=\"yoast-schema-graph\">{\"@context\":\"https:\/\/schema.org\",\"@graph\":[{\"@type\":\"Article\",\"@id\":\"https:\/\/www.radioclubedodao.pt\/site\/2022\/01\/30\/suspensao-das-queimas-e-queimadas-para-os-proximos-dias\/#article\",\"isPartOf\":{\"@id\":\"https:\/\/www.radioclubedodao.pt\/site\/2022\/01\/30\/suspensao-das-queimas-e-queimadas-para-os-proximos-dias\/\"},\"author\":{\"name\":\"admin\",\"@id\":\"https:\/\/www.radioclubedodao.pt\/site\/#\/schema\/person\/cd7a28554f264c1876d790fedfddf499\"},\"headline\":\"Suspens\u00e3o das queimas e queimadas para os pr\u00f3ximos dias\",\"datePublished\":\"2022-01-30T11:46:39+00:00\",\"dateModified\":\"2022-01-30T11:48:11+00:00\",\"mainEntityOfPage\":{\"@id\":\"https:\/\/www.radioclubedodao.pt\/site\/2022\/01\/30\/suspensao-das-queimas-e-queimadas-para-os-proximos-dias\/\"},\"wordCount\":188,\"commentCount\":0,\"publisher\":{\"@id\":\"https:\/\/www.radioclubedodao.pt\/site\/#organization\"},\"image\":{\"@id\":\"https:\/\/www.radioclubedodao.pt\/site\/2022\/01\/30\/suspensao-das-queimas-e-queimadas-para-os-proximos-dias\/#primaryimage\"},\"thumbnailUrl\":\"https:\/\/www.radioclubedodao.pt\/site\/wp-content\/uploads\/images.jpeg\",\"articleSection\":[\"Uncategorized\"],\"inLanguage\":\"pt-PT\",\"potentialAction\":[{\"@type\":\"CommentAction\",\"name\":\"Comment\",\"target\":[\"https:\/\/www.radioclubedodao.pt\/site\/2022\/01\/30\/suspensao-das-queimas-e-queimadas-para-os-proximos-dias\/#respond\"]}]},{\"@type\":\"WebPage\",\"@id\":\"https:\/\/www.radioclubedodao.pt\/site\/2022\/01\/30\/suspensao-das-queimas-e-queimadas-para-os-proximos-dias\/\",\"url\":\"https:\/\/www.radioclubedodao.pt\/site\/2022\/01\/30\/suspensao-das-queimas-e-queimadas-para-os-proximos-dias\/\",\"name\":\"Suspens\u00e3o das queimas e queimadas para os pr\u00f3ximos dias - R\u00e1dio Clube do D\u00e3o\",\"isPartOf\":{\"@id\":\"https:\/\/www.radioclubedodao.pt\/site\/#website\"},\"primaryImageOfPage\":{\"@id\":\"https:\/\/www.radioclubedodao.pt\/site\/2022\/01\/30\/suspensao-das-queimas-e-queimadas-para-os-proximos-dias\/#primaryimage\"},\"image\":{\"@id\":\"https:\/\/www.radioclubedodao.pt\/site\/2022\/01\/30\/suspensao-das-queimas-e-queimadas-para-os-proximos-dias\/#primaryimage\"},\"thumbnailUrl\":\"https:\/\/www.radioclubedodao.pt\/site\/wp-content\/uploads\/images.jpeg\",\"datePublished\":\"2022-01-30T11:46:39+00:00\",\"dateModified\":\"2022-01-30T11:48:11+00:00\",\"breadcrumb\":{\"@id\":\"https:\/\/www.radioclubedodao.pt\/site\/2022\/01\/30\/suspensao-das-queimas-e-queimadas-para-os-proximos-dias\/#breadcrumb\"},\"inLanguage\":\"pt-PT\",\"potentialAction\":[{\"@type\":\"ReadAction\",\"target\":[\"https:\/\/www.radioclubedodao.pt\/site\/2022\/01\/30\/suspensao-das-queimas-e-queimadas-para-os-proximos-dias\/\"]}]},{\"@type\":\"ImageObject\",\"inLanguage\":\"pt-PT\",\"@id\":\"https:\/\/www.radioclubedodao.pt\/site\/2022\/01\/30\/suspensao-das-queimas-e-queimadas-para-os-proximos-dias\/#primaryimage\",\"url\":\"https:\/\/www.radioclubedodao.pt\/site\/wp-content\/uploads\/images.jpeg\",\"contentUrl\":\"https:\/\/www.radioclubedodao.pt\/site\/wp-content\/uploads\/images.jpeg\",\"width\":245,\"height\":206},{\"@type\":\"BreadcrumbList\",\"@id\":\"https:\/\/www.radioclubedodao.pt\/site\/2022\/01\/30\/suspensao-das-queimas-e-queimadas-para-os-proximos-dias\/#breadcrumb\",\"itemListElement\":[{\"@type\":\"ListItem\",\"position\":1,\"name\":\"In\u00edcio\",\"item\":\"https:\/\/www.radioclubedodao.pt\/site\/\"},{\"@type\":\"ListItem\",\"position\":2,\"name\":\"Suspens\u00e3o das queimas e queimadas para os pr\u00f3ximos dias\"}]},{\"@type\":\"WebSite\",\"@id\":\"https:\/\/www.radioclubedodao.pt\/site\/#website\",\"url\":\"https:\/\/www.radioclubedodao.pt\/site\/\",\"name\":\"R\u00e1dio Clube do D\u00e3o\",\"description\":\"webr\u00e1dio\",\"publisher\":{\"@id\":\"https:\/\/www.radioclubedodao.pt\/site\/#organization\"},\"potentialAction\":[{\"@type\":\"SearchAction\",\"target\":{\"@type\":\"EntryPoint\",\"urlTemplate\":\"https:\/\/www.radioclubedodao.pt\/site\/?s={search_term_string}\"},\"query-input\":{\"@type\":\"PropertyValueSpecification\",\"valueRequired\":true,\"valueName\":\"search_term_string\"}}],\"inLanguage\":\"pt-PT\"},{\"@type\":\"Organization\",\"@id\":\"https:\/\/www.radioclubedodao.pt\/site\/#organization\",\"name\":\"R\u00e1dio Clube do D\u00e3o\",\"url\":\"https:\/\/www.radioclubedodao.pt\/site\/\",\"logo\":{\"@type\":\"ImageObject\",\"inLanguage\":\"pt-PT\",\"@id\":\"https:\/\/www.radioclubedodao.pt\/site\/#\/schema\/logo\/image\/\",\"url\":\"https:\/\/www.radioclubedodao.pt\/site\/wp-content\/uploads\/2018\/09\/10959501_1528800417385471_8159620885825168864_n.png\",\"contentUrl\":\"https:\/\/www.radioclubedodao.pt\/site\/wp-content\/uploads\/2018\/09\/10959501_1528800417385471_8159620885825168864_n.png\",\"width\":960,\"height\":678,\"caption\":\"R\u00e1dio Clube do D\u00e3o\"},\"image\":{\"@id\":\"https:\/\/www.radioclubedodao.pt\/site\/#\/schema\/logo\/image\/\"},\"sameAs\":[\"https:\/\/www.facebook.com\/radioclubedodao\/\",\"https:\/\/x.com\/ClubeDao\",\"https:\/\/www.instagram.com\/rcdao\/?hl=pt\"]},{\"@type\":\"Person\",\"@id\":\"https:\/\/www.radioclubedodao.pt\/site\/#\/schema\/person\/cd7a28554f264c1876d790fedfddf499\",\"name\":\"admin\",\"image\":{\"@type\":\"ImageObject\",\"inLanguage\":\"pt-PT\",\"@id\":\"https:\/\/www.radioclubedodao.pt\/site\/#\/schema\/person\/image\/\",\"url\":\"https:\/\/secure.gravatar.com\/avatar\/34c95391003e4d74dd8a7ac6916f4230?s=96&d=mm&r=g\",\"contentUrl\":\"https:\/\/secure.gravatar.com\/avatar\/34c95391003e4d74dd8a7ac6916f4230?s=96&d=mm&r=g\",\"caption\":\"admin\"}}]}<\/script>\n<!-- \/ Yoast SEO plugin. -->","yoast_head_json":{"title":"Suspens\u00e3o das queimas e queimadas para os pr\u00f3ximos dias - R\u00e1dio Clube do D\u00e3o","robots":{"index":"index","follow":"follow","max-snippet":"max-snippet:-1","max-image-preview":"max-image-preview:large","max-video-preview":"max-video-preview:-1"},"canonical":"https:\/\/www.radioclubedodao.pt\/site\/2022\/01\/30\/suspensao-das-queimas-e-queimadas-para-os-proximos-dias\/","og_locale":"pt_PT","og_type":"article","og_title":"Suspens\u00e3o das queimas e queimadas para os pr\u00f3ximos dias - R\u00e1dio Clube do D\u00e3o","og_description":"De acordo com a informa\u00e7\u00e3o disponibilizada pelo Instituto Portugu\u00eas do Mar e da Atmosfera (IPMA) para os pr\u00f3ximos dias, prev\u00ea-se um aumento da intensidade do vento que, em combina\u00e7\u00e3o com a continua\u00e7\u00e3o de tempo quente...","og_url":"https:\/\/www.radioclubedodao.pt\/site\/2022\/01\/30\/suspensao-das-queimas-e-queimadas-para-os-proximos-dias\/","og_site_name":"R\u00e1dio Clube do D\u00e3o","article_publisher":"https:\/\/www.facebook.com\/radioclubedodao\/","article_published_time":"2022-01-30T11:46:39+00:00","article_modified_time":"2022-01-30T11:48:11+00:00","og_image":[{"width":245,"height":206,"url":"https:\/\/www.radioclubedodao.pt\/site\/wp-content\/uploads\/images.jpeg","type":"image\/jpeg"}],"author":"admin","twitter_card":"summary_large_image","twitter_creator":"@ClubeDao","twitter_site":"@ClubeDao","twitter_misc":{"Escrito por":"admin","Tempo estimado de leitura":"1 minuto"},"schema":{"@context":"https:\/\/schema.org","@graph":[{"@type":"Article","@id":"https:\/\/www.radioclubedodao.pt\/site\/2022\/01\/30\/suspensao-das-queimas-e-queimadas-para-os-proximos-dias\/#article","isPartOf":{"@id":"https:\/\/www.radioclubedodao.pt\/site\/2022\/01\/30\/suspensao-das-queimas-e-queimadas-para-os-proximos-dias\/"},"author":{"name":"admin","@id":"https:\/\/www.radioclubedodao.pt\/site\/#\/schema\/person\/cd7a28554f264c1876d790fedfddf499"},"headline":"Suspens\u00e3o das queimas e queimadas para os pr\u00f3ximos dias","datePublished":"2022-01-30T11:46:39+00:00","dateModified":"2022-01-30T11:48:11+00:00","mainEntityOfPage":{"@id":"https:\/\/www.radioclubedodao.pt\/site\/2022\/01\/30\/suspensao-das-queimas-e-queimadas-para-os-proximos-dias\/"},"wordCount":188,"commentCount":0,"publisher":{"@id":"https:\/\/www.radioclubedodao.pt\/site\/#organization"},"image":{"@id":"https:\/\/www.radioclubedodao.pt\/site\/2022\/01\/30\/suspensao-das-queimas-e-queimadas-para-os-proximos-dias\/#primaryimage"},"thumbnailUrl":"https:\/\/www.radioclubedodao.pt\/site\/wp-content\/uploads\/images.jpeg","articleSection":["Uncategorized"],"inLanguage":"pt-PT","potentialAction":[{"@type":"CommentAction","name":"Comment","target":["https:\/\/www.radioclubedodao.pt\/site\/2022\/01\/30\/suspensao-das-queimas-e-queimadas-para-os-proximos-dias\/#respond"]}]},{"@type":"WebPage","@id":"https:\/\/www.radioclubedodao.pt\/site\/2022\/01\/30\/suspensao-das-queimas-e-queimadas-para-os-proximos-dias\/","url":"https:\/\/www.radioclubedodao.pt\/site\/2022\/01\/30\/suspensao-das-queimas-e-queimadas-para-os-proximos-dias\/","name":"Suspens\u00e3o das queimas e queimadas para os pr\u00f3ximos dias - R\u00e1dio Clube do D\u00e3o","isPartOf":{"@id":"https:\/\/www.radioclubedodao.pt\/site\/#website"},"primaryImageOfPage":{"@id":"https:\/\/www.radioclubedodao.pt\/site\/2022\/01\/30\/suspensao-das-queimas-e-queimadas-para-os-proximos-dias\/#primaryimage"},"image":{"@id":"https:\/\/www.radioclubedodao.pt\/site\/2022\/01\/30\/suspensao-das-queimas-e-queimadas-para-os-proximos-dias\/#primaryimage"},"thumbnailUrl":"https:\/\/www.radioclubedodao.pt\/site\/wp-content\/uploads\/images.jpeg","datePublished":"2022-01-30T11:46:39+00:00","dateModified":"2022-01-30T11:48:11+00:00","breadcrumb":{"@id":"https:\/\/www.radioclubedodao.pt\/site\/2022\/01\/30\/suspensao-das-queimas-e-queimadas-para-os-proximos-dias\/#breadcrumb"},"inLanguage":"pt-PT","potentialAction":[{"@type":"ReadAction","target":["https:\/\/www.radioclubedodao.pt\/site\/2022\/01\/30\/suspensao-das-queimas-e-queimadas-para-os-proximos-dias\/"]}]},{"@type":"ImageObject","inLanguage":"pt-PT","@id":"https:\/\/www.radioclubedodao.pt\/site\/2022\/01\/30\/suspensao-das-queimas-e-queimadas-para-os-proximos-dias\/#primaryimage","url":"https:\/\/www.radioclubedodao.pt\/site\/wp-content\/uploads\/images.jpeg","contentUrl":"https:\/\/www.radioclubedodao.pt\/site\/wp-content\/uploads\/images.jpeg","width":245,"height":206},{"@type":"BreadcrumbList","@id":"https:\/\/www.radioclubedodao.pt\/site\/2022\/01\/30\/suspensao-das-queimas-e-queimadas-para-os-proximos-dias\/#breadcrumb","itemListElement":[{"@type":"ListItem","position":1,"name":"In\u00edcio","item":"https:\/\/www.radioclubedodao.pt\/site\/"},{"@type":"ListItem","position":2,"name":"Suspens\u00e3o das queimas e queimadas para os pr\u00f3ximos dias"}]},{"@type":"WebSite","@id":"https:\/\/www.radioclubedodao.pt\/site\/#website","url":"https:\/\/www.radioclubedodao.pt\/site\/","name":"R\u00e1dio Clube do D\u00e3o","description":"webr\u00e1dio","publisher":{"@id":"https:\/\/www.radioclubedodao.pt\/site\/#organization"},"potentialAction":[{"@type":"SearchAction","target":{"@type":"EntryPoint","urlTemplate":"https:\/\/www.radioclubedodao.pt\/site\/?s={search_term_string}"},"query-input":{"@type":"PropertyValueSpecification","valueRequired":true,"valueName":"search_term_string"}}],"inLanguage":"pt-PT"},{"@type":"Organization","@id":"https:\/\/www.radioclubedodao.pt\/site\/#organization","name":"R\u00e1dio Clube do D\u00e3o","url":"https:\/\/www.radioclubedodao.pt\/site\/","logo":{"@type":"ImageObject","inLanguage":"pt-PT","@id":"https:\/\/www.radioclubedodao.pt\/site\/#\/schema\/logo\/image\/","url":"https:\/\/www.radioclubedodao.pt\/site\/wp-content\/uploads\/2018\/09\/10959501_1528800417385471_8159620885825168864_n.png","contentUrl":"https:\/\/www.radioclubedodao.pt\/site\/wp-content\/uploads\/2018\/09\/10959501_1528800417385471_8159620885825168864_n.png","width":960,"height":678,"caption":"R\u00e1dio Clube do D\u00e3o"},"image":{"@id":"https:\/\/www.radioclubedodao.pt\/site\/#\/schema\/logo\/image\/"},"sameAs":["https:\/\/www.facebook.com\/radioclubedodao\/","https:\/\/x.com\/ClubeDao","https:\/\/www.instagram.com\/rcdao\/?hl=pt"]},{"@type":"Person","@id":"https:\/\/www.radioclubedodao.pt\/site\/#\/schema\/person\/cd7a28554f264c1876d790fedfddf499","name":"admin","image":{"@type":"ImageObject","inLanguage":"pt-PT","@id":"https:\/\/www.radioclubedodao.pt\/site\/#\/schema\/person\/image\/","url":"https:\/\/secure.gravatar.com\/avatar\/34c95391003e4d74dd8a7ac6916f4230?s=96&d=mm&r=g","contentUrl":"https:\/\/secure.gravatar.com\/avatar\/34c95391003e4d74dd8a7ac6916f4230?s=96&d=mm&r=g","caption":"admin"}}]}},"_links":{"self":[{"href":"https:\/\/www.radioclubedodao.pt\/site\/wp-json\/wp\/v2\/posts\/2923","targetHints":{"allow":["GET"]}}],"collection":[{"href":"https:\/\/www.radioclubedodao.pt\/site\/wp-json\/wp\/v2\/posts"}],"about":[{"href":"https:\/\/www.radioclubedodao.pt\/site\/wp-json\/wp\/v2\/types\/post"}],"author":[{"embeddable":true,"href":"https:\/\/www.radioclubedodao.pt\/site\/wp-json\/wp\/v2\/users\/1"}],"replies":[{"embeddable":true,"href":"https:\/\/www.radioclubedodao.pt\/site\/wp-json\/wp\/v2\/comments?post=2923"}],"version-history":[{"count":1,"href":"https:\/\/www.radioclubedodao.pt\/site\/wp-json\/wp\/v2\/posts\/2923\/revisions"}],"predecessor-version":[{"id":2924,"href":"https:\/\/www.radioclubedodao.pt\/site\/wp-json\/wp\/v2\/posts\/2923\/revisions\/2924"}],"wp:featuredmedia":[{"embeddable":true,"href":"https:\/\/www.radioclubedodao.pt\/site\/wp-json\/wp\/v2\/media\/2925"}],"wp:attachment":[{"href":"https:\/\/www.radioclubedodao.pt\/site\/wp-json\/wp\/v2\/media?parent=2923"}],"wp:term":[{"taxonomy":"category","embeddable":true,"href":"https:\/\/www.radioclubedodao.pt\/site\/wp-json\/wp\/v2\/categories?post=2923"},{"taxonomy":"post_tag","embeddable":true,"href":"https:\/\/www.radioclubedodao.pt\/site\/wp-json\/wp\/v2\/tags?post=2923"},{"taxonomy":"podcasting_podcasts","embeddable":true,"href":"https:\/\/www.radioclubedodao.pt\/site\/wp-json\/wp\/v2\/podcasting_podcasts?post=2923"}],"curies":[{"name":"wp","href":"https:\/\/api.w.org\/{rel}","templated":true}]}}