{"id":3535,"date":"2023-09-02T12:07:21","date_gmt":"2023-09-02T11:07:21","guid":{"rendered":"https:\/\/www.radioclubedodao.pt\/site\/?p=3535"},"modified":"2023-09-02T12:07:21","modified_gmt":"2023-09-02T11:07:21","slug":"aviso-a-populacao-chuva-vento-e-trovoadas","status":"publish","type":"post","link":"https:\/\/www.radioclubedodao.pt\/site\/2023\/09\/02\/aviso-a-populacao-chuva-vento-e-trovoadas\/","title":{"rendered":"Aviso \u00e0 popula\u00e7\u00e3o &#8211; Chuva, vento e trovoadas"},"content":{"rendered":"\n<p><\/p>\n\n\n\n<p><\/p>\n\n\n\n<p>\u2139\ufe0f \u26a0\ufe0f AVISO \u00c0 POPULA\u00c7\u00c3O <\/p>\n\n\n\n<p>\ud835\udfed. SITUA\u00c7\u00c3O <\/p>\n\n\n\n<p>De acordo com a informa\u00e7\u00e3o disponibilizada pelo Instituto Portugu\u00eas do Mar e da Atmosfera (IPMA), \u00e9 expect\u00e1vel a partir da tarde de hoje, 2 de setembro, uma mudan\u00e7a gradual das condi\u00e7\u00f5es meteorol\u00f3gicas, do Interior Este para o Litoral, com a ocorr\u00eancia de precipita\u00e7\u00e3o, por vezes forte, acompanhada de granizo, trovoada e rajadas convectivas, em especial durante a tarde de hoje e o dia de amanh\u00e3, 3 de setembro. .<\/p>\n\n\n\n<p>\ud835\udfee. EFEITOS ESPECTAVEIS <\/p>\n\n\n\n<p>Os epis\u00f3dios t\u00edpicos das esta\u00e7\u00f5es de transi\u00e7\u00e3o, com a ocorr\u00eancia das primeiras chuvas, s\u00e3o prop\u00edcios:<\/p>\n\n\n\n<p>\u27a1\ufe0f\u00c0 ocorr\u00eancia de inunda\u00e7\u00f5es em zonas urbanas, causadas por acumula\u00e7\u00e3o de \u00e1guas pluviais por obstru\u00e7\u00e3o dos sistemas de escoamento;<\/p>\n\n\n\n<p>\u27a1\ufe0fA ocorr\u00eancia de cheias, potenciadas pelo transbordo do leito de alguns cursos de \u00e1gua, rios e ribeiras;<\/p>\n\n\n\n<p>\u27a1\ufe0fA originar instabilidade de vertentes, conduzindo a movimentos de massa (deslizamentos, derrocadas e outros) motivados pela infiltra\u00e7\u00e3o da \u00e1gua, fen\u00f3meno que pode ser potenciado pela remo\u00e7\u00e3o do coberto vegetal na sequ\u00eancia de inc\u00eandios rurais, ou por artificializa\u00e7\u00e3o do solo;<\/p>\n\n\n\n<p>\u27a1\ufe0f\u00c0 contamina\u00e7\u00e3o de fontes de \u00e1gua pot\u00e1vel por inertes resultantes de inc\u00eandios rurais;<\/p>\n\n\n\n<p>\u27a1\ufe0fAo arrastamento para as vias rodovi\u00e1rias de objetos soltos, ou ao desprendimento de estruturas m\u00f3veis ou deficientemente fixadas, por efeito de epis\u00f3dios de vento forte, que podem causar acidentes com ve\u00edculos em circula\u00e7\u00e3o ou transeuntes na via p\u00fablica.<\/p>\n\n\n\n<p>\ud835\udfef. \ud835\udde0\ud835\uddd8\ud835\uddd7\ud835\udddc\ud835\uddd7\ud835\uddd4\ud835\udde6 \ud835\udde3\ud835\udde5\ud835\uddd8\ud835\udde9\ud835\uddd8\ud835\udde1\ud835\udde7\ud835\udddc\ud835\udde9\ud835\uddd4\ud835\udde6<\/p>\n\n\n\n<p>A Autoridade Nacional de Emerg\u00eancia e Prote\u00e7\u00e3o Civil (ANEPC) recorda que o eventual impacto destes efeitos pode ser minimizado, sobretudo atrav\u00e9s da ado\u00e7\u00e3o de comportamentos adequados, pelo que, e em particular nas zonas historicamente mais vulner\u00e1veis, se recomenda a ado\u00e7\u00e3o das principais medidas preventivas para estas situa\u00e7\u00f5es, nomeadamente:<\/p>\n\n\n\n<p>\u2705Garantir a desobstru\u00e7\u00e3o dos sistemas de escoamento das \u00e1guas pluviais e retirada de inertes e outros objetos que possam ser arrastados ou criem obst\u00e1culos ao livre escoamento das \u00e1guas;<\/p>\n\n\n\n<p>\u2705Garantir uma adequada fixa\u00e7\u00e3o de estruturas soltas, nomeadamente, andaimes, placards e outras estruturas suspensas;<\/p>\n\n\n\n<p>\u2705Ter especial cuidado na circula\u00e7\u00e3o e perman\u00eancia junto de \u00e1reas arborizadas, estando atento para a possibilidade de queda de ramos e \u00e1rvores, em virtude de vento mais forte;<\/p>\n\n\n\n<p>\u2705Ter especial cuidado na circula\u00e7\u00e3o junto da orla costeira e zonas ribeirinhas historicamente mais vulner\u00e1veis a galgamentos costeiros, evitando a circula\u00e7\u00e3o e perman\u00eancia nestes locais;<\/p>\n\n\n\n<p>\u2705N\u00e3o praticar atividades relacionadas com o mar, nomeadamente pesca desportiva, desportos n\u00e1uticos e passeios \u00e0 beira-mar, evitando ainda o estacionamento de ve\u00edculos muito pr\u00f3ximos da orla mar\u00edtima;<\/p>\n\n\n\n<p>\u2705Adotar uma condu\u00e7\u00e3o defensiva, reduzindo a velocidade e tendo especial cuidado com a poss\u00edvel acumula\u00e7\u00e3o de neve e forma\u00e7\u00e3o de len\u00e7\u00f3is de \u00e1gua nas vias;<\/p>\n\n\n\n<p>\u2705N\u00e3o atravessar zonas inundadas, de modo a precaver o arrastamento de pessoas ou viaturas para buracos no pavimento ou caixas de esgoto abertas;<\/p>\n\n\n\n<p>\u2705Estar atento \u00e0s informa\u00e7\u00f5es da meteorologia e \u00e0s indica\u00e7\u00f5es da Prote\u00e7\u00e3o Civil e For\u00e7as de Seguran\u00e7a.<\/p>\n","protected":false},"excerpt":{"rendered":"<p>\u2139\ufe0f \u26a0\ufe0f AVISO \u00c0 POPULA\u00c7\u00c3O \ud835\udfed. SITUA\u00c7\u00c3O De acordo com a informa\u00e7\u00e3o disponibilizada pelo Instituto Portugu\u00eas do Mar e da Atmosfera (IPMA), \u00e9 expect\u00e1vel a partir da tarde de hoje, 2 de setembro, uma mudan\u00e7a&#8230;<\/p>\n","protected":false},"author":1,"featured_media":2164,"comment_status":"open","ping_status":"open","sticky":false,"template":"","format":"standard","meta":{"podcast_url":"","podcast_explicit":"no","podcast_captioned":false,"podcast_duration":"","podcast_filesize":0,"podcast_mime":"","enclosure":"","podcast_season_number":"","podcast_episode_number":"","podcast_episode_type":"none","podcast_transcript":"","sfsi_plus_gutenberg_text_before_share":"","sfsi_plus_gutenberg_show_text_before_share":"","sfsi_plus_gutenberg_icon_type":"","sfsi_plus_gutenberg_icon_alignemt":"","sfsi_plus_gutenburg_max_per_row":"","sapo_feed_post_nuts":"","footnotes":""},"categories":[1],"tags":[],"podcasting_podcasts":[],"class_list":["post-3535","post","type-post","status-publish","format-standard","has-post-thumbnail","hentry","category-uncategorized"],"yoast_head":"<!-- This site is optimized with the Yoast SEO plugin v24.1 - https:\/\/yoast.com\/wordpress\/plugins\/seo\/ -->\n<title>Aviso \u00e0 popula\u00e7\u00e3o - Chuva, vento e trovoadas - R\u00e1dio Clube do D\u00e3o<\/title>\n<meta name=\"robots\" content=\"index, follow, max-snippet:-1, max-image-preview:large, max-video-preview:-1\" \/>\n<link rel=\"canonical\" href=\"https:\/\/www.radioclubedodao.pt\/site\/2023\/09\/02\/aviso-a-populacao-chuva-vento-e-trovoadas\/\" \/>\n<meta property=\"og:locale\" content=\"pt_PT\" \/>\n<meta property=\"og:type\" content=\"article\" \/>\n<meta property=\"og:title\" content=\"Aviso \u00e0 popula\u00e7\u00e3o - Chuva, vento e trovoadas - R\u00e1dio Clube do D\u00e3o\" \/>\n<meta property=\"og:description\" content=\"\u2139\ufe0f \u26a0\ufe0f AVISO \u00c0 POPULA\u00c7\u00c3O \ud835\udfed. SITUA\u00c7\u00c3O De acordo com a informa\u00e7\u00e3o disponibilizada pelo Instituto Portugu\u00eas do Mar e da Atmosfera (IPMA), \u00e9 expect\u00e1vel a partir da tarde de hoje, 2 de setembro, uma mudan\u00e7a...\" \/>\n<meta property=\"og:url\" content=\"https:\/\/www.radioclubedodao.pt\/site\/2023\/09\/02\/aviso-a-populacao-chuva-vento-e-trovoadas\/\" \/>\n<meta property=\"og:site_name\" content=\"R\u00e1dio Clube do D\u00e3o\" \/>\n<meta property=\"article:publisher\" content=\"https:\/\/www.facebook.com\/radioclubedodao\/\" \/>\n<meta property=\"article:published_time\" content=\"2023-09-02T11:07:21+00:00\" \/>\n<meta property=\"og:image\" content=\"https:\/\/www.radioclubedodao.pt\/site\/wp-content\/uploads\/PicsArt_12-03-10.32.56-1024x388-1.jpg\" \/>\n\t<meta property=\"og:image:width\" content=\"699\" \/>\n\t<meta property=\"og:image:height\" content=\"265\" \/>\n\t<meta property=\"og:image:type\" content=\"image\/jpeg\" \/>\n<meta name=\"author\" content=\"admin\" \/>\n<meta name=\"twitter:card\" content=\"summary_large_image\" \/>\n<meta name=\"twitter:creator\" content=\"@ClubeDao\" \/>\n<meta name=\"twitter:site\" content=\"@ClubeDao\" \/>\n<meta name=\"twitter:label1\" content=\"Escrito por\" \/>\n\t<meta name=\"twitter:data1\" content=\"admin\" \/>\n\t<meta name=\"twitter:label2\" content=\"Tempo estimado de leitura\" \/>\n\t<meta name=\"twitter:data2\" content=\"3 minutos\" \/>\n<script type=\"application\/ld+json\" class=\"yoast-schema-graph\">{\"@context\":\"https:\/\/schema.org\",\"@graph\":[{\"@type\":\"Article\",\"@id\":\"https:\/\/www.radioclubedodao.pt\/site\/2023\/09\/02\/aviso-a-populacao-chuva-vento-e-trovoadas\/#article\",\"isPartOf\":{\"@id\":\"https:\/\/www.radioclubedodao.pt\/site\/2023\/09\/02\/aviso-a-populacao-chuva-vento-e-trovoadas\/\"},\"author\":{\"name\":\"admin\",\"@id\":\"https:\/\/www.radioclubedodao.pt\/site\/#\/schema\/person\/cd7a28554f264c1876d790fedfddf499\"},\"headline\":\"Aviso \u00e0 popula\u00e7\u00e3o &#8211; Chuva, vento e trovoadas\",\"datePublished\":\"2023-09-02T11:07:21+00:00\",\"dateModified\":\"2023-09-02T11:07:21+00:00\",\"mainEntityOfPage\":{\"@id\":\"https:\/\/www.radioclubedodao.pt\/site\/2023\/09\/02\/aviso-a-populacao-chuva-vento-e-trovoadas\/\"},\"wordCount\":520,\"commentCount\":0,\"publisher\":{\"@id\":\"https:\/\/www.radioclubedodao.pt\/site\/#organization\"},\"image\":{\"@id\":\"https:\/\/www.radioclubedodao.pt\/site\/2023\/09\/02\/aviso-a-populacao-chuva-vento-e-trovoadas\/#primaryimage\"},\"thumbnailUrl\":\"https:\/\/www.radioclubedodao.pt\/site\/wp-content\/uploads\/PicsArt_12-03-10.32.56-1024x388-1.jpg\",\"articleSection\":[\"Uncategorized\"],\"inLanguage\":\"pt-PT\",\"potentialAction\":[{\"@type\":\"CommentAction\",\"name\":\"Comment\",\"target\":[\"https:\/\/www.radioclubedodao.pt\/site\/2023\/09\/02\/aviso-a-populacao-chuva-vento-e-trovoadas\/#respond\"]}]},{\"@type\":\"WebPage\",\"@id\":\"https:\/\/www.radioclubedodao.pt\/site\/2023\/09\/02\/aviso-a-populacao-chuva-vento-e-trovoadas\/\",\"url\":\"https:\/\/www.radioclubedodao.pt\/site\/2023\/09\/02\/aviso-a-populacao-chuva-vento-e-trovoadas\/\",\"name\":\"Aviso \u00e0 popula\u00e7\u00e3o - Chuva, vento e trovoadas - R\u00e1dio Clube do D\u00e3o\",\"isPartOf\":{\"@id\":\"https:\/\/www.radioclubedodao.pt\/site\/#website\"},\"primaryImageOfPage\":{\"@id\":\"https:\/\/www.radioclubedodao.pt\/site\/2023\/09\/02\/aviso-a-populacao-chuva-vento-e-trovoadas\/#primaryimage\"},\"image\":{\"@id\":\"https:\/\/www.radioclubedodao.pt\/site\/2023\/09\/02\/aviso-a-populacao-chuva-vento-e-trovoadas\/#primaryimage\"},\"thumbnailUrl\":\"https:\/\/www.radioclubedodao.pt\/site\/wp-content\/uploads\/PicsArt_12-03-10.32.56-1024x388-1.jpg\",\"datePublished\":\"2023-09-02T11:07:21+00:00\",\"dateModified\":\"2023-09-02T11:07:21+00:00\",\"breadcrumb\":{\"@id\":\"https:\/\/www.radioclubedodao.pt\/site\/2023\/09\/02\/aviso-a-populacao-chuva-vento-e-trovoadas\/#breadcrumb\"},\"inLanguage\":\"pt-PT\",\"potentialAction\":[{\"@type\":\"ReadAction\",\"target\":[\"https:\/\/www.radioclubedodao.pt\/site\/2023\/09\/02\/aviso-a-populacao-chuva-vento-e-trovoadas\/\"]}]},{\"@type\":\"ImageObject\",\"inLanguage\":\"pt-PT\",\"@id\":\"https:\/\/www.radioclubedodao.pt\/site\/2023\/09\/02\/aviso-a-populacao-chuva-vento-e-trovoadas\/#primaryimage\",\"url\":\"https:\/\/www.radioclubedodao.pt\/site\/wp-content\/uploads\/PicsArt_12-03-10.32.56-1024x388-1.jpg\",\"contentUrl\":\"https:\/\/www.radioclubedodao.pt\/site\/wp-content\/uploads\/PicsArt_12-03-10.32.56-1024x388-1.jpg\",\"width\":699,\"height\":265},{\"@type\":\"BreadcrumbList\",\"@id\":\"https:\/\/www.radioclubedodao.pt\/site\/2023\/09\/02\/aviso-a-populacao-chuva-vento-e-trovoadas\/#breadcrumb\",\"itemListElement\":[{\"@type\":\"ListItem\",\"position\":1,\"name\":\"In\u00edcio\",\"item\":\"https:\/\/www.radioclubedodao.pt\/site\/\"},{\"@type\":\"ListItem\",\"position\":2,\"name\":\"Aviso \u00e0 popula\u00e7\u00e3o &#8211; Chuva, vento e trovoadas\"}]},{\"@type\":\"WebSite\",\"@id\":\"https:\/\/www.radioclubedodao.pt\/site\/#website\",\"url\":\"https:\/\/www.radioclubedodao.pt\/site\/\",\"name\":\"R\u00e1dio Clube do D\u00e3o\",\"description\":\"webr\u00e1dio\",\"publisher\":{\"@id\":\"https:\/\/www.radioclubedodao.pt\/site\/#organization\"},\"potentialAction\":[{\"@type\":\"SearchAction\",\"target\":{\"@type\":\"EntryPoint\",\"urlTemplate\":\"https:\/\/www.radioclubedodao.pt\/site\/?s={search_term_string}\"},\"query-input\":{\"@type\":\"PropertyValueSpecification\",\"valueRequired\":true,\"valueName\":\"search_term_string\"}}],\"inLanguage\":\"pt-PT\"},{\"@type\":\"Organization\",\"@id\":\"https:\/\/www.radioclubedodao.pt\/site\/#organization\",\"name\":\"R\u00e1dio Clube do D\u00e3o\",\"url\":\"https:\/\/www.radioclubedodao.pt\/site\/\",\"logo\":{\"@type\":\"ImageObject\",\"inLanguage\":\"pt-PT\",\"@id\":\"https:\/\/www.radioclubedodao.pt\/site\/#\/schema\/logo\/image\/\",\"url\":\"https:\/\/www.radioclubedodao.pt\/site\/wp-content\/uploads\/2018\/09\/10959501_1528800417385471_8159620885825168864_n.png\",\"contentUrl\":\"https:\/\/www.radioclubedodao.pt\/site\/wp-content\/uploads\/2018\/09\/10959501_1528800417385471_8159620885825168864_n.png\",\"width\":960,\"height\":678,\"caption\":\"R\u00e1dio Clube do D\u00e3o\"},\"image\":{\"@id\":\"https:\/\/www.radioclubedodao.pt\/site\/#\/schema\/logo\/image\/\"},\"sameAs\":[\"https:\/\/www.facebook.com\/radioclubedodao\/\",\"https:\/\/x.com\/ClubeDao\",\"https:\/\/www.instagram.com\/rcdao\/?hl=pt\"]},{\"@type\":\"Person\",\"@id\":\"https:\/\/www.radioclubedodao.pt\/site\/#\/schema\/person\/cd7a28554f264c1876d790fedfddf499\",\"name\":\"admin\",\"image\":{\"@type\":\"ImageObject\",\"inLanguage\":\"pt-PT\",\"@id\":\"https:\/\/www.radioclubedodao.pt\/site\/#\/schema\/person\/image\/\",\"url\":\"https:\/\/secure.gravatar.com\/avatar\/34c95391003e4d74dd8a7ac6916f4230?s=96&d=mm&r=g\",\"contentUrl\":\"https:\/\/secure.gravatar.com\/avatar\/34c95391003e4d74dd8a7ac6916f4230?s=96&d=mm&r=g\",\"caption\":\"admin\"}}]}<\/script>\n<!-- \/ Yoast SEO plugin. -->","yoast_head_json":{"title":"Aviso \u00e0 popula\u00e7\u00e3o - Chuva, vento e trovoadas - R\u00e1dio Clube do D\u00e3o","robots":{"index":"index","follow":"follow","max-snippet":"max-snippet:-1","max-image-preview":"max-image-preview:large","max-video-preview":"max-video-preview:-1"},"canonical":"https:\/\/www.radioclubedodao.pt\/site\/2023\/09\/02\/aviso-a-populacao-chuva-vento-e-trovoadas\/","og_locale":"pt_PT","og_type":"article","og_title":"Aviso \u00e0 popula\u00e7\u00e3o - Chuva, vento e trovoadas - R\u00e1dio Clube do D\u00e3o","og_description":"\u2139\ufe0f \u26a0\ufe0f AVISO \u00c0 POPULA\u00c7\u00c3O \ud835\udfed. SITUA\u00c7\u00c3O De acordo com a informa\u00e7\u00e3o disponibilizada pelo Instituto Portugu\u00eas do Mar e da Atmosfera (IPMA), \u00e9 expect\u00e1vel a partir da tarde de hoje, 2 de setembro, uma mudan\u00e7a...","og_url":"https:\/\/www.radioclubedodao.pt\/site\/2023\/09\/02\/aviso-a-populacao-chuva-vento-e-trovoadas\/","og_site_name":"R\u00e1dio Clube do D\u00e3o","article_publisher":"https:\/\/www.facebook.com\/radioclubedodao\/","article_published_time":"2023-09-02T11:07:21+00:00","og_image":[{"width":699,"height":265,"url":"https:\/\/www.radioclubedodao.pt\/site\/wp-content\/uploads\/PicsArt_12-03-10.32.56-1024x388-1.jpg","type":"image\/jpeg"}],"author":"admin","twitter_card":"summary_large_image","twitter_creator":"@ClubeDao","twitter_site":"@ClubeDao","twitter_misc":{"Escrito por":"admin","Tempo estimado de leitura":"3 minutos"},"schema":{"@context":"https:\/\/schema.org","@graph":[{"@type":"Article","@id":"https:\/\/www.radioclubedodao.pt\/site\/2023\/09\/02\/aviso-a-populacao-chuva-vento-e-trovoadas\/#article","isPartOf":{"@id":"https:\/\/www.radioclubedodao.pt\/site\/2023\/09\/02\/aviso-a-populacao-chuva-vento-e-trovoadas\/"},"author":{"name":"admin","@id":"https:\/\/www.radioclubedodao.pt\/site\/#\/schema\/person\/cd7a28554f264c1876d790fedfddf499"},"headline":"Aviso \u00e0 popula\u00e7\u00e3o &#8211; Chuva, vento e trovoadas","datePublished":"2023-09-02T11:07:21+00:00","dateModified":"2023-09-02T11:07:21+00:00","mainEntityOfPage":{"@id":"https:\/\/www.radioclubedodao.pt\/site\/2023\/09\/02\/aviso-a-populacao-chuva-vento-e-trovoadas\/"},"wordCount":520,"commentCount":0,"publisher":{"@id":"https:\/\/www.radioclubedodao.pt\/site\/#organization"},"image":{"@id":"https:\/\/www.radioclubedodao.pt\/site\/2023\/09\/02\/aviso-a-populacao-chuva-vento-e-trovoadas\/#primaryimage"},"thumbnailUrl":"https:\/\/www.radioclubedodao.pt\/site\/wp-content\/uploads\/PicsArt_12-03-10.32.56-1024x388-1.jpg","articleSection":["Uncategorized"],"inLanguage":"pt-PT","potentialAction":[{"@type":"CommentAction","name":"Comment","target":["https:\/\/www.radioclubedodao.pt\/site\/2023\/09\/02\/aviso-a-populacao-chuva-vento-e-trovoadas\/#respond"]}]},{"@type":"WebPage","@id":"https:\/\/www.radioclubedodao.pt\/site\/2023\/09\/02\/aviso-a-populacao-chuva-vento-e-trovoadas\/","url":"https:\/\/www.radioclubedodao.pt\/site\/2023\/09\/02\/aviso-a-populacao-chuva-vento-e-trovoadas\/","name":"Aviso \u00e0 popula\u00e7\u00e3o - Chuva, vento e trovoadas - R\u00e1dio Clube do D\u00e3o","isPartOf":{"@id":"https:\/\/www.radioclubedodao.pt\/site\/#website"},"primaryImageOfPage":{"@id":"https:\/\/www.radioclubedodao.pt\/site\/2023\/09\/02\/aviso-a-populacao-chuva-vento-e-trovoadas\/#primaryimage"},"image":{"@id":"https:\/\/www.radioclubedodao.pt\/site\/2023\/09\/02\/aviso-a-populacao-chuva-vento-e-trovoadas\/#primaryimage"},"thumbnailUrl":"https:\/\/www.radioclubedodao.pt\/site\/wp-content\/uploads\/PicsArt_12-03-10.32.56-1024x388-1.jpg","datePublished":"2023-09-02T11:07:21+00:00","dateModified":"2023-09-02T11:07:21+00:00","breadcrumb":{"@id":"https:\/\/www.radioclubedodao.pt\/site\/2023\/09\/02\/aviso-a-populacao-chuva-vento-e-trovoadas\/#breadcrumb"},"inLanguage":"pt-PT","potentialAction":[{"@type":"ReadAction","target":["https:\/\/www.radioclubedodao.pt\/site\/2023\/09\/02\/aviso-a-populacao-chuva-vento-e-trovoadas\/"]}]},{"@type":"ImageObject","inLanguage":"pt-PT","@id":"https:\/\/www.radioclubedodao.pt\/site\/2023\/09\/02\/aviso-a-populacao-chuva-vento-e-trovoadas\/#primaryimage","url":"https:\/\/www.radioclubedodao.pt\/site\/wp-content\/uploads\/PicsArt_12-03-10.32.56-1024x388-1.jpg","contentUrl":"https:\/\/www.radioclubedodao.pt\/site\/wp-content\/uploads\/PicsArt_12-03-10.32.56-1024x388-1.jpg","width":699,"height":265},{"@type":"BreadcrumbList","@id":"https:\/\/www.radioclubedodao.pt\/site\/2023\/09\/02\/aviso-a-populacao-chuva-vento-e-trovoadas\/#breadcrumb","itemListElement":[{"@type":"ListItem","position":1,"name":"In\u00edcio","item":"https:\/\/www.radioclubedodao.pt\/site\/"},{"@type":"ListItem","position":2,"name":"Aviso \u00e0 popula\u00e7\u00e3o &#8211; Chuva, vento e trovoadas"}]},{"@type":"WebSite","@id":"https:\/\/www.radioclubedodao.pt\/site\/#website","url":"https:\/\/www.radioclubedodao.pt\/site\/","name":"R\u00e1dio Clube do D\u00e3o","description":"webr\u00e1dio","publisher":{"@id":"https:\/\/www.radioclubedodao.pt\/site\/#organization"},"potentialAction":[{"@type":"SearchAction","target":{"@type":"EntryPoint","urlTemplate":"https:\/\/www.radioclubedodao.pt\/site\/?s={search_term_string}"},"query-input":{"@type":"PropertyValueSpecification","valueRequired":true,"valueName":"search_term_string"}}],"inLanguage":"pt-PT"},{"@type":"Organization","@id":"https:\/\/www.radioclubedodao.pt\/site\/#organization","name":"R\u00e1dio Clube do D\u00e3o","url":"https:\/\/www.radioclubedodao.pt\/site\/","logo":{"@type":"ImageObject","inLanguage":"pt-PT","@id":"https:\/\/www.radioclubedodao.pt\/site\/#\/schema\/logo\/image\/","url":"https:\/\/www.radioclubedodao.pt\/site\/wp-content\/uploads\/2018\/09\/10959501_1528800417385471_8159620885825168864_n.png","contentUrl":"https:\/\/www.radioclubedodao.pt\/site\/wp-content\/uploads\/2018\/09\/10959501_1528800417385471_8159620885825168864_n.png","width":960,"height":678,"caption":"R\u00e1dio Clube do D\u00e3o"},"image":{"@id":"https:\/\/www.radioclubedodao.pt\/site\/#\/schema\/logo\/image\/"},"sameAs":["https:\/\/www.facebook.com\/radioclubedodao\/","https:\/\/x.com\/ClubeDao","https:\/\/www.instagram.com\/rcdao\/?hl=pt"]},{"@type":"Person","@id":"https:\/\/www.radioclubedodao.pt\/site\/#\/schema\/person\/cd7a28554f264c1876d790fedfddf499","name":"admin","image":{"@type":"ImageObject","inLanguage":"pt-PT","@id":"https:\/\/www.radioclubedodao.pt\/site\/#\/schema\/person\/image\/","url":"https:\/\/secure.gravatar.com\/avatar\/34c95391003e4d74dd8a7ac6916f4230?s=96&d=mm&r=g","contentUrl":"https:\/\/secure.gravatar.com\/avatar\/34c95391003e4d74dd8a7ac6916f4230?s=96&d=mm&r=g","caption":"admin"}}]}},"_links":{"self":[{"href":"https:\/\/www.radioclubedodao.pt\/site\/wp-json\/wp\/v2\/posts\/3535","targetHints":{"allow":["GET"]}}],"collection":[{"href":"https:\/\/www.radioclubedodao.pt\/site\/wp-json\/wp\/v2\/posts"}],"about":[{"href":"https:\/\/www.radioclubedodao.pt\/site\/wp-json\/wp\/v2\/types\/post"}],"author":[{"embeddable":true,"href":"https:\/\/www.radioclubedodao.pt\/site\/wp-json\/wp\/v2\/users\/1"}],"replies":[{"embeddable":true,"href":"https:\/\/www.radioclubedodao.pt\/site\/wp-json\/wp\/v2\/comments?post=3535"}],"version-history":[{"count":1,"href":"https:\/\/www.radioclubedodao.pt\/site\/wp-json\/wp\/v2\/posts\/3535\/revisions"}],"predecessor-version":[{"id":3536,"href":"https:\/\/www.radioclubedodao.pt\/site\/wp-json\/wp\/v2\/posts\/3535\/revisions\/3536"}],"wp:featuredmedia":[{"embeddable":true,"href":"https:\/\/www.radioclubedodao.pt\/site\/wp-json\/wp\/v2\/media\/2164"}],"wp:attachment":[{"href":"https:\/\/www.radioclubedodao.pt\/site\/wp-json\/wp\/v2\/media?parent=3535"}],"wp:term":[{"taxonomy":"category","embeddable":true,"href":"https:\/\/www.radioclubedodao.pt\/site\/wp-json\/wp\/v2\/categories?post=3535"},{"taxonomy":"post_tag","embeddable":true,"href":"https:\/\/www.radioclubedodao.pt\/site\/wp-json\/wp\/v2\/tags?post=3535"},{"taxonomy":"podcasting_podcasts","embeddable":true,"href":"https:\/\/www.radioclubedodao.pt\/site\/wp-json\/wp\/v2\/podcasting_podcasts?post=3535"}],"curies":[{"name":"wp","href":"https:\/\/api.w.org\/{rel}","templated":true}]}}