{"id":3556,"date":"2023-10-04T20:58:35","date_gmt":"2023-10-04T19:58:35","guid":{"rendered":"https:\/\/www.radioclubedodao.pt\/site\/?p=3556"},"modified":"2023-10-04T20:58:36","modified_gmt":"2023-10-04T19:58:36","slug":"cristiano-pereira-homenageado-com-monumento","status":"publish","type":"post","link":"https:\/\/www.radioclubedodao.pt\/site\/2023\/10\/04\/cristiano-pereira-homenageado-com-monumento\/","title":{"rendered":"Cristiano Pereira homenageado com monumento"},"content":{"rendered":"\n<p>O Lapense Cristiano Pereira, atleta paral\u00edmpico v\u00ea o seu desempenho desportivo reconhecido. Homenagem decorre esta quinta-feira, feriado nacional.<\/p>\n\n\n\n<p>O monumento prestar\u00e1 tributo ao desempenho desportivo do atleta da Casa do Povo de Mangualde. A homenagem vai decorrer esta quinta-feira, feriado nacional do 5 de outubro, a partir das tr\u00eas e meia da tarde, na Rua do Castel\u00e3o, na Lapa do Lobo.<\/p>\n\n\n\n<p>De relembrar que Cristiano Pereira sagrou-se campe\u00e3o mundial nos 5000 metros, nos Campeonatos do Mundo de Atletismo do Comit\u00e9 Paral\u00edmpico Internacional em 2017, em Londres. Quatro anos mais tarde, em 2021, Cristiano Pereira subiu ao mais alto do p\u00f3dio na prova de 5000 metros de atletismo adaptado, na Pol\u00f3nia.<\/p>\n","protected":false},"excerpt":{"rendered":"<p>O Lapense Cristiano Pereira, atleta paral\u00edmpico v\u00ea o seu desempenho desportivo reconhecido. Homenagem decorre esta quinta-feira, feriado nacional. O monumento prestar\u00e1 tributo ao desempenho desportivo do atleta da Casa do Povo de Mangualde. A homenagem&#8230;<\/p>\n","protected":false},"author":1,"featured_media":2403,"comment_status":"open","ping_status":"open","sticky":false,"template":"","format":"standard","meta":{"podcast_url":"","podcast_explicit":"no","podcast_captioned":false,"podcast_duration":"","podcast_filesize":0,"podcast_mime":"","enclosure":"","podcast_season_number":"","podcast_episode_number":"","podcast_episode_type":"none","podcast_transcript":"","sfsi_plus_gutenberg_text_before_share":"","sfsi_plus_gutenberg_show_text_before_share":"","sfsi_plus_gutenberg_icon_type":"","sfsi_plus_gutenberg_icon_alignemt":"","sfsi_plus_gutenburg_max_per_row":"","sapo_feed_post_nuts":"","footnotes":""},"categories":[1],"tags":[],"podcasting_podcasts":[],"class_list":["post-3556","post","type-post","status-publish","format-standard","has-post-thumbnail","hentry","category-uncategorized"],"yoast_head":"<!-- This site is optimized with the Yoast SEO plugin v24.1 - https:\/\/yoast.com\/wordpress\/plugins\/seo\/ -->\n<title>Cristiano Pereira homenageado com monumento - R\u00e1dio Clube do D\u00e3o<\/title>\n<meta name=\"robots\" content=\"index, follow, max-snippet:-1, max-image-preview:large, max-video-preview:-1\" \/>\n<link rel=\"canonical\" href=\"https:\/\/www.radioclubedodao.pt\/site\/2023\/10\/04\/cristiano-pereira-homenageado-com-monumento\/\" \/>\n<meta property=\"og:locale\" content=\"pt_PT\" \/>\n<meta property=\"og:type\" content=\"article\" \/>\n<meta property=\"og:title\" content=\"Cristiano Pereira homenageado com monumento - R\u00e1dio Clube do D\u00e3o\" \/>\n<meta property=\"og:description\" content=\"O Lapense Cristiano Pereira, atleta paral\u00edmpico v\u00ea o seu desempenho desportivo reconhecido. Homenagem decorre esta quinta-feira, feriado nacional. O monumento prestar\u00e1 tributo ao desempenho desportivo do atleta da Casa do Povo de Mangualde. A homenagem...\" \/>\n<meta property=\"og:url\" content=\"https:\/\/www.radioclubedodao.pt\/site\/2023\/10\/04\/cristiano-pereira-homenageado-com-monumento\/\" \/>\n<meta property=\"og:site_name\" content=\"R\u00e1dio Clube do D\u00e3o\" \/>\n<meta property=\"article:publisher\" content=\"https:\/\/www.facebook.com\/radioclubedodao\/\" \/>\n<meta property=\"article:published_time\" content=\"2023-10-04T19:58:35+00:00\" \/>\n<meta property=\"article:modified_time\" content=\"2023-10-04T19:58:36+00:00\" \/>\n<meta property=\"og:image\" content=\"https:\/\/www.radioclubedodao.pt\/site\/wp-content\/uploads\/criatinano-pereira.jpg\" \/>\n\t<meta property=\"og:image:width\" content=\"1170\" \/>\n\t<meta property=\"og:image:height\" content=\"658\" \/>\n\t<meta property=\"og:image:type\" content=\"image\/jpeg\" \/>\n<meta name=\"author\" content=\"admin\" \/>\n<meta name=\"twitter:card\" content=\"summary_large_image\" \/>\n<meta name=\"twitter:creator\" content=\"@ClubeDao\" \/>\n<meta name=\"twitter:site\" content=\"@ClubeDao\" \/>\n<meta name=\"twitter:label1\" content=\"Escrito por\" \/>\n\t<meta name=\"twitter:data1\" content=\"admin\" \/>\n\t<meta name=\"twitter:label2\" content=\"Tempo estimado de leitura\" \/>\n\t<meta name=\"twitter:data2\" content=\"1 minuto\" \/>\n<script type=\"application\/ld+json\" class=\"yoast-schema-graph\">{\"@context\":\"https:\/\/schema.org\",\"@graph\":[{\"@type\":\"Article\",\"@id\":\"https:\/\/www.radioclubedodao.pt\/site\/2023\/10\/04\/cristiano-pereira-homenageado-com-monumento\/#article\",\"isPartOf\":{\"@id\":\"https:\/\/www.radioclubedodao.pt\/site\/2023\/10\/04\/cristiano-pereira-homenageado-com-monumento\/\"},\"author\":{\"name\":\"admin\",\"@id\":\"https:\/\/www.radioclubedodao.pt\/site\/#\/schema\/person\/cd7a28554f264c1876d790fedfddf499\"},\"headline\":\"Cristiano Pereira homenageado com monumento\",\"datePublished\":\"2023-10-04T19:58:35+00:00\",\"dateModified\":\"2023-10-04T19:58:36+00:00\",\"mainEntityOfPage\":{\"@id\":\"https:\/\/www.radioclubedodao.pt\/site\/2023\/10\/04\/cristiano-pereira-homenageado-com-monumento\/\"},\"wordCount\":117,\"commentCount\":0,\"publisher\":{\"@id\":\"https:\/\/www.radioclubedodao.pt\/site\/#organization\"},\"image\":{\"@id\":\"https:\/\/www.radioclubedodao.pt\/site\/2023\/10\/04\/cristiano-pereira-homenageado-com-monumento\/#primaryimage\"},\"thumbnailUrl\":\"https:\/\/www.radioclubedodao.pt\/site\/wp-content\/uploads\/criatinano-pereira.jpg\",\"articleSection\":[\"Uncategorized\"],\"inLanguage\":\"pt-PT\",\"potentialAction\":[{\"@type\":\"CommentAction\",\"name\":\"Comment\",\"target\":[\"https:\/\/www.radioclubedodao.pt\/site\/2023\/10\/04\/cristiano-pereira-homenageado-com-monumento\/#respond\"]}]},{\"@type\":\"WebPage\",\"@id\":\"https:\/\/www.radioclubedodao.pt\/site\/2023\/10\/04\/cristiano-pereira-homenageado-com-monumento\/\",\"url\":\"https:\/\/www.radioclubedodao.pt\/site\/2023\/10\/04\/cristiano-pereira-homenageado-com-monumento\/\",\"name\":\"Cristiano Pereira homenageado com monumento - R\u00e1dio Clube do D\u00e3o\",\"isPartOf\":{\"@id\":\"https:\/\/www.radioclubedodao.pt\/site\/#website\"},\"primaryImageOfPage\":{\"@id\":\"https:\/\/www.radioclubedodao.pt\/site\/2023\/10\/04\/cristiano-pereira-homenageado-com-monumento\/#primaryimage\"},\"image\":{\"@id\":\"https:\/\/www.radioclubedodao.pt\/site\/2023\/10\/04\/cristiano-pereira-homenageado-com-monumento\/#primaryimage\"},\"thumbnailUrl\":\"https:\/\/www.radioclubedodao.pt\/site\/wp-content\/uploads\/criatinano-pereira.jpg\",\"datePublished\":\"2023-10-04T19:58:35+00:00\",\"dateModified\":\"2023-10-04T19:58:36+00:00\",\"breadcrumb\":{\"@id\":\"https:\/\/www.radioclubedodao.pt\/site\/2023\/10\/04\/cristiano-pereira-homenageado-com-monumento\/#breadcrumb\"},\"inLanguage\":\"pt-PT\",\"potentialAction\":[{\"@type\":\"ReadAction\",\"target\":[\"https:\/\/www.radioclubedodao.pt\/site\/2023\/10\/04\/cristiano-pereira-homenageado-com-monumento\/\"]}]},{\"@type\":\"ImageObject\",\"inLanguage\":\"pt-PT\",\"@id\":\"https:\/\/www.radioclubedodao.pt\/site\/2023\/10\/04\/cristiano-pereira-homenageado-com-monumento\/#primaryimage\",\"url\":\"https:\/\/www.radioclubedodao.pt\/site\/wp-content\/uploads\/criatinano-pereira.jpg\",\"contentUrl\":\"https:\/\/www.radioclubedodao.pt\/site\/wp-content\/uploads\/criatinano-pereira.jpg\",\"width\":1170,\"height\":658},{\"@type\":\"BreadcrumbList\",\"@id\":\"https:\/\/www.radioclubedodao.pt\/site\/2023\/10\/04\/cristiano-pereira-homenageado-com-monumento\/#breadcrumb\",\"itemListElement\":[{\"@type\":\"ListItem\",\"position\":1,\"name\":\"In\u00edcio\",\"item\":\"https:\/\/www.radioclubedodao.pt\/site\/\"},{\"@type\":\"ListItem\",\"position\":2,\"name\":\"Cristiano Pereira homenageado com monumento\"}]},{\"@type\":\"WebSite\",\"@id\":\"https:\/\/www.radioclubedodao.pt\/site\/#website\",\"url\":\"https:\/\/www.radioclubedodao.pt\/site\/\",\"name\":\"R\u00e1dio Clube do D\u00e3o\",\"description\":\"webr\u00e1dio\",\"publisher\":{\"@id\":\"https:\/\/www.radioclubedodao.pt\/site\/#organization\"},\"potentialAction\":[{\"@type\":\"SearchAction\",\"target\":{\"@type\":\"EntryPoint\",\"urlTemplate\":\"https:\/\/www.radioclubedodao.pt\/site\/?s={search_term_string}\"},\"query-input\":{\"@type\":\"PropertyValueSpecification\",\"valueRequired\":true,\"valueName\":\"search_term_string\"}}],\"inLanguage\":\"pt-PT\"},{\"@type\":\"Organization\",\"@id\":\"https:\/\/www.radioclubedodao.pt\/site\/#organization\",\"name\":\"R\u00e1dio Clube do D\u00e3o\",\"url\":\"https:\/\/www.radioclubedodao.pt\/site\/\",\"logo\":{\"@type\":\"ImageObject\",\"inLanguage\":\"pt-PT\",\"@id\":\"https:\/\/www.radioclubedodao.pt\/site\/#\/schema\/logo\/image\/\",\"url\":\"https:\/\/www.radioclubedodao.pt\/site\/wp-content\/uploads\/2018\/09\/10959501_1528800417385471_8159620885825168864_n.png\",\"contentUrl\":\"https:\/\/www.radioclubedodao.pt\/site\/wp-content\/uploads\/2018\/09\/10959501_1528800417385471_8159620885825168864_n.png\",\"width\":960,\"height\":678,\"caption\":\"R\u00e1dio Clube do D\u00e3o\"},\"image\":{\"@id\":\"https:\/\/www.radioclubedodao.pt\/site\/#\/schema\/logo\/image\/\"},\"sameAs\":[\"https:\/\/www.facebook.com\/radioclubedodao\/\",\"https:\/\/x.com\/ClubeDao\",\"https:\/\/www.instagram.com\/rcdao\/?hl=pt\"]},{\"@type\":\"Person\",\"@id\":\"https:\/\/www.radioclubedodao.pt\/site\/#\/schema\/person\/cd7a28554f264c1876d790fedfddf499\",\"name\":\"admin\",\"image\":{\"@type\":\"ImageObject\",\"inLanguage\":\"pt-PT\",\"@id\":\"https:\/\/www.radioclubedodao.pt\/site\/#\/schema\/person\/image\/\",\"url\":\"https:\/\/secure.gravatar.com\/avatar\/34c95391003e4d74dd8a7ac6916f4230?s=96&d=mm&r=g\",\"contentUrl\":\"https:\/\/secure.gravatar.com\/avatar\/34c95391003e4d74dd8a7ac6916f4230?s=96&d=mm&r=g\",\"caption\":\"admin\"}}]}<\/script>\n<!-- \/ Yoast SEO plugin. -->","yoast_head_json":{"title":"Cristiano Pereira homenageado com monumento - R\u00e1dio Clube do D\u00e3o","robots":{"index":"index","follow":"follow","max-snippet":"max-snippet:-1","max-image-preview":"max-image-preview:large","max-video-preview":"max-video-preview:-1"},"canonical":"https:\/\/www.radioclubedodao.pt\/site\/2023\/10\/04\/cristiano-pereira-homenageado-com-monumento\/","og_locale":"pt_PT","og_type":"article","og_title":"Cristiano Pereira homenageado com monumento - R\u00e1dio Clube do D\u00e3o","og_description":"O Lapense Cristiano Pereira, atleta paral\u00edmpico v\u00ea o seu desempenho desportivo reconhecido. Homenagem decorre esta quinta-feira, feriado nacional. O monumento prestar\u00e1 tributo ao desempenho desportivo do atleta da Casa do Povo de Mangualde. A homenagem...","og_url":"https:\/\/www.radioclubedodao.pt\/site\/2023\/10\/04\/cristiano-pereira-homenageado-com-monumento\/","og_site_name":"R\u00e1dio Clube do D\u00e3o","article_publisher":"https:\/\/www.facebook.com\/radioclubedodao\/","article_published_time":"2023-10-04T19:58:35+00:00","article_modified_time":"2023-10-04T19:58:36+00:00","og_image":[{"width":1170,"height":658,"url":"https:\/\/www.radioclubedodao.pt\/site\/wp-content\/uploads\/criatinano-pereira.jpg","type":"image\/jpeg"}],"author":"admin","twitter_card":"summary_large_image","twitter_creator":"@ClubeDao","twitter_site":"@ClubeDao","twitter_misc":{"Escrito por":"admin","Tempo estimado de leitura":"1 minuto"},"schema":{"@context":"https:\/\/schema.org","@graph":[{"@type":"Article","@id":"https:\/\/www.radioclubedodao.pt\/site\/2023\/10\/04\/cristiano-pereira-homenageado-com-monumento\/#article","isPartOf":{"@id":"https:\/\/www.radioclubedodao.pt\/site\/2023\/10\/04\/cristiano-pereira-homenageado-com-monumento\/"},"author":{"name":"admin","@id":"https:\/\/www.radioclubedodao.pt\/site\/#\/schema\/person\/cd7a28554f264c1876d790fedfddf499"},"headline":"Cristiano Pereira homenageado com monumento","datePublished":"2023-10-04T19:58:35+00:00","dateModified":"2023-10-04T19:58:36+00:00","mainEntityOfPage":{"@id":"https:\/\/www.radioclubedodao.pt\/site\/2023\/10\/04\/cristiano-pereira-homenageado-com-monumento\/"},"wordCount":117,"commentCount":0,"publisher":{"@id":"https:\/\/www.radioclubedodao.pt\/site\/#organization"},"image":{"@id":"https:\/\/www.radioclubedodao.pt\/site\/2023\/10\/04\/cristiano-pereira-homenageado-com-monumento\/#primaryimage"},"thumbnailUrl":"https:\/\/www.radioclubedodao.pt\/site\/wp-content\/uploads\/criatinano-pereira.jpg","articleSection":["Uncategorized"],"inLanguage":"pt-PT","potentialAction":[{"@type":"CommentAction","name":"Comment","target":["https:\/\/www.radioclubedodao.pt\/site\/2023\/10\/04\/cristiano-pereira-homenageado-com-monumento\/#respond"]}]},{"@type":"WebPage","@id":"https:\/\/www.radioclubedodao.pt\/site\/2023\/10\/04\/cristiano-pereira-homenageado-com-monumento\/","url":"https:\/\/www.radioclubedodao.pt\/site\/2023\/10\/04\/cristiano-pereira-homenageado-com-monumento\/","name":"Cristiano Pereira homenageado com monumento - R\u00e1dio Clube do D\u00e3o","isPartOf":{"@id":"https:\/\/www.radioclubedodao.pt\/site\/#website"},"primaryImageOfPage":{"@id":"https:\/\/www.radioclubedodao.pt\/site\/2023\/10\/04\/cristiano-pereira-homenageado-com-monumento\/#primaryimage"},"image":{"@id":"https:\/\/www.radioclubedodao.pt\/site\/2023\/10\/04\/cristiano-pereira-homenageado-com-monumento\/#primaryimage"},"thumbnailUrl":"https:\/\/www.radioclubedodao.pt\/site\/wp-content\/uploads\/criatinano-pereira.jpg","datePublished":"2023-10-04T19:58:35+00:00","dateModified":"2023-10-04T19:58:36+00:00","breadcrumb":{"@id":"https:\/\/www.radioclubedodao.pt\/site\/2023\/10\/04\/cristiano-pereira-homenageado-com-monumento\/#breadcrumb"},"inLanguage":"pt-PT","potentialAction":[{"@type":"ReadAction","target":["https:\/\/www.radioclubedodao.pt\/site\/2023\/10\/04\/cristiano-pereira-homenageado-com-monumento\/"]}]},{"@type":"ImageObject","inLanguage":"pt-PT","@id":"https:\/\/www.radioclubedodao.pt\/site\/2023\/10\/04\/cristiano-pereira-homenageado-com-monumento\/#primaryimage","url":"https:\/\/www.radioclubedodao.pt\/site\/wp-content\/uploads\/criatinano-pereira.jpg","contentUrl":"https:\/\/www.radioclubedodao.pt\/site\/wp-content\/uploads\/criatinano-pereira.jpg","width":1170,"height":658},{"@type":"BreadcrumbList","@id":"https:\/\/www.radioclubedodao.pt\/site\/2023\/10\/04\/cristiano-pereira-homenageado-com-monumento\/#breadcrumb","itemListElement":[{"@type":"ListItem","position":1,"name":"In\u00edcio","item":"https:\/\/www.radioclubedodao.pt\/site\/"},{"@type":"ListItem","position":2,"name":"Cristiano Pereira homenageado com monumento"}]},{"@type":"WebSite","@id":"https:\/\/www.radioclubedodao.pt\/site\/#website","url":"https:\/\/www.radioclubedodao.pt\/site\/","name":"R\u00e1dio Clube do D\u00e3o","description":"webr\u00e1dio","publisher":{"@id":"https:\/\/www.radioclubedodao.pt\/site\/#organization"},"potentialAction":[{"@type":"SearchAction","target":{"@type":"EntryPoint","urlTemplate":"https:\/\/www.radioclubedodao.pt\/site\/?s={search_term_string}"},"query-input":{"@type":"PropertyValueSpecification","valueRequired":true,"valueName":"search_term_string"}}],"inLanguage":"pt-PT"},{"@type":"Organization","@id":"https:\/\/www.radioclubedodao.pt\/site\/#organization","name":"R\u00e1dio Clube do D\u00e3o","url":"https:\/\/www.radioclubedodao.pt\/site\/","logo":{"@type":"ImageObject","inLanguage":"pt-PT","@id":"https:\/\/www.radioclubedodao.pt\/site\/#\/schema\/logo\/image\/","url":"https:\/\/www.radioclubedodao.pt\/site\/wp-content\/uploads\/2018\/09\/10959501_1528800417385471_8159620885825168864_n.png","contentUrl":"https:\/\/www.radioclubedodao.pt\/site\/wp-content\/uploads\/2018\/09\/10959501_1528800417385471_8159620885825168864_n.png","width":960,"height":678,"caption":"R\u00e1dio Clube do D\u00e3o"},"image":{"@id":"https:\/\/www.radioclubedodao.pt\/site\/#\/schema\/logo\/image\/"},"sameAs":["https:\/\/www.facebook.com\/radioclubedodao\/","https:\/\/x.com\/ClubeDao","https:\/\/www.instagram.com\/rcdao\/?hl=pt"]},{"@type":"Person","@id":"https:\/\/www.radioclubedodao.pt\/site\/#\/schema\/person\/cd7a28554f264c1876d790fedfddf499","name":"admin","image":{"@type":"ImageObject","inLanguage":"pt-PT","@id":"https:\/\/www.radioclubedodao.pt\/site\/#\/schema\/person\/image\/","url":"https:\/\/secure.gravatar.com\/avatar\/34c95391003e4d74dd8a7ac6916f4230?s=96&d=mm&r=g","contentUrl":"https:\/\/secure.gravatar.com\/avatar\/34c95391003e4d74dd8a7ac6916f4230?s=96&d=mm&r=g","caption":"admin"}}]}},"_links":{"self":[{"href":"https:\/\/www.radioclubedodao.pt\/site\/wp-json\/wp\/v2\/posts\/3556","targetHints":{"allow":["GET"]}}],"collection":[{"href":"https:\/\/www.radioclubedodao.pt\/site\/wp-json\/wp\/v2\/posts"}],"about":[{"href":"https:\/\/www.radioclubedodao.pt\/site\/wp-json\/wp\/v2\/types\/post"}],"author":[{"embeddable":true,"href":"https:\/\/www.radioclubedodao.pt\/site\/wp-json\/wp\/v2\/users\/1"}],"replies":[{"embeddable":true,"href":"https:\/\/www.radioclubedodao.pt\/site\/wp-json\/wp\/v2\/comments?post=3556"}],"version-history":[{"count":1,"href":"https:\/\/www.radioclubedodao.pt\/site\/wp-json\/wp\/v2\/posts\/3556\/revisions"}],"predecessor-version":[{"id":3557,"href":"https:\/\/www.radioclubedodao.pt\/site\/wp-json\/wp\/v2\/posts\/3556\/revisions\/3557"}],"wp:featuredmedia":[{"embeddable":true,"href":"https:\/\/www.radioclubedodao.pt\/site\/wp-json\/wp\/v2\/media\/2403"}],"wp:attachment":[{"href":"https:\/\/www.radioclubedodao.pt\/site\/wp-json\/wp\/v2\/media?parent=3556"}],"wp:term":[{"taxonomy":"category","embeddable":true,"href":"https:\/\/www.radioclubedodao.pt\/site\/wp-json\/wp\/v2\/categories?post=3556"},{"taxonomy":"post_tag","embeddable":true,"href":"https:\/\/www.radioclubedodao.pt\/site\/wp-json\/wp\/v2\/tags?post=3556"},{"taxonomy":"podcasting_podcasts","embeddable":true,"href":"https:\/\/www.radioclubedodao.pt\/site\/wp-json\/wp\/v2\/podcasting_podcasts?post=3556"}],"curies":[{"name":"wp","href":"https:\/\/api.w.org\/{rel}","templated":true}]}}