{"id":3558,"date":"2023-10-05T23:52:09","date_gmt":"2023-10-05T22:52:09","guid":{"rendered":"https:\/\/www.radioclubedodao.pt\/site\/?p=3558"},"modified":"2023-10-05T23:52:10","modified_gmt":"2023-10-05T22:52:10","slug":"monumento-a-cristiano-pereira-inaugurado-esta-5a-feira-5-de-outubro-na-lapa-do-lobo","status":"publish","type":"post","link":"https:\/\/www.radioclubedodao.pt\/site\/2023\/10\/05\/monumento-a-cristiano-pereira-inaugurado-esta-5a-feira-5-de-outubro-na-lapa-do-lobo\/","title":{"rendered":"Monumento a Cristiano Pereira inaugurado, esta 5\u00aa Feira, 5 de outubro, na Lapa do Lobo"},"content":{"rendered":"\n<p>Com toda a pompa e circunstancia, O Lapense Cristiano Pereira, atleta paral\u00edmpico v\u00ea o seu desempenho desportivo reconhecido. <\/p>\n\n\n\n<p>O monumento prestar\u00e1 tributo ao desempenho desportivo do atleta da Casa do Povo de Mangualde. A homenagem decorreu esta quinta-feira, feriado nacional do 5 de outubro, na Rua do Castel\u00e3o, na Lapa do Lobo.<\/p>\n\n\n\n<p>De relembrar que Cristiano Pereira sagrou-se campe\u00e3o mundial nos 5000 metros, nos Campeonatos do Mundo de Atletismo do Comit\u00e9 Paral\u00edmpico Internacional em 2017, em Londres. Quatro anos mais tarde, em 2021, Cristiano Pereira subiu ao mais alto do p\u00f3dio na prova de 5000 metros de atletismo adaptado, na Pol\u00f3nia.<\/p>\n\n\n\n<p>Fotos: Pedro Pinto<\/p>\n\n\n\n<figure class=\"wp-block-image size-large\"><img loading=\"lazy\" decoding=\"async\" width=\"1024\" height=\"1024\" src=\"https:\/\/www.radioclubedodao.pt\/site\/wp-content\/uploads\/1-5-1024x1024.jpg\" alt=\"\" class=\"wp-image-3559\" srcset=\"https:\/\/www.radioclubedodao.pt\/site\/wp-content\/uploads\/1-5-1024x1024.jpg 1024w, https:\/\/www.radioclubedodao.pt\/site\/wp-content\/uploads\/1-5-300x300.jpg 300w, https:\/\/www.radioclubedodao.pt\/site\/wp-content\/uploads\/1-5-768x768.jpg 768w, https:\/\/www.radioclubedodao.pt\/site\/wp-content\/uploads\/1-5.jpg 1080w\" sizes=\"auto, (max-width: 1024px) 100vw, 1024px\" \/><\/figure>\n\n\n\n<figure class=\"wp-block-image size-large\"><img loading=\"lazy\" decoding=\"async\" width=\"556\" height=\"791\" src=\"https:\/\/www.radioclubedodao.pt\/site\/wp-content\/uploads\/2-2.jpg\" alt=\"\" class=\"wp-image-3560\" srcset=\"https:\/\/www.radioclubedodao.pt\/site\/wp-content\/uploads\/2-2.jpg 556w, https:\/\/www.radioclubedodao.pt\/site\/wp-content\/uploads\/2-2-211x300.jpg 211w\" sizes=\"auto, (max-width: 556px) 100vw, 556px\" \/><\/figure>\n\n\n\n<figure class=\"wp-block-image size-large\"><img loading=\"lazy\" decoding=\"async\" width=\"1024\" height=\"1024\" src=\"https:\/\/www.radioclubedodao.pt\/site\/wp-content\/uploads\/3-2-1024x1024.jpg\" alt=\"\" class=\"wp-image-3561\" srcset=\"https:\/\/www.radioclubedodao.pt\/site\/wp-content\/uploads\/3-2-1024x1024.jpg 1024w, https:\/\/www.radioclubedodao.pt\/site\/wp-content\/uploads\/3-2-300x300.jpg 300w, https:\/\/www.radioclubedodao.pt\/site\/wp-content\/uploads\/3-2-768x768.jpg 768w, https:\/\/www.radioclubedodao.pt\/site\/wp-content\/uploads\/3-2.jpg 1080w\" sizes=\"auto, (max-width: 1024px) 100vw, 1024px\" \/><\/figure>\n\n\n\n<figure class=\"wp-block-image size-large\"><img loading=\"lazy\" decoding=\"async\" width=\"485\" height=\"754\" src=\"https:\/\/www.radioclubedodao.pt\/site\/wp-content\/uploads\/4-3.jpg\" alt=\"\" class=\"wp-image-3564\" srcset=\"https:\/\/www.radioclubedodao.pt\/site\/wp-content\/uploads\/4-3.jpg 485w, https:\/\/www.radioclubedodao.pt\/site\/wp-content\/uploads\/4-3-193x300.jpg 193w\" sizes=\"auto, (max-width: 485px) 100vw, 485px\" \/><\/figure>\n","protected":false},"excerpt":{"rendered":"<p>Com toda a pompa e circunstancia, O Lapense Cristiano Pereira, atleta paral\u00edmpico v\u00ea o seu desempenho desportivo reconhecido. O monumento prestar\u00e1 tributo ao desempenho desportivo do atleta da Casa do Povo de Mangualde. A homenagem&#8230;<\/p>\n","protected":false},"author":1,"featured_media":3565,"comment_status":"open","ping_status":"open","sticky":false,"template":"","format":"standard","meta":{"podcast_url":"","podcast_explicit":"no","podcast_captioned":false,"podcast_duration":"","podcast_filesize":0,"podcast_mime":"","enclosure":"","podcast_season_number":"","podcast_episode_number":"","podcast_episode_type":"none","podcast_transcript":"","sfsi_plus_gutenberg_text_before_share":"","sfsi_plus_gutenberg_show_text_before_share":"","sfsi_plus_gutenberg_icon_type":"","sfsi_plus_gutenberg_icon_alignemt":"","sfsi_plus_gutenburg_max_per_row":"","sapo_feed_post_nuts":"","footnotes":""},"categories":[1],"tags":[],"podcasting_podcasts":[],"class_list":["post-3558","post","type-post","status-publish","format-standard","has-post-thumbnail","hentry","category-uncategorized"],"yoast_head":"<!-- This site is optimized with the Yoast SEO plugin v24.1 - https:\/\/yoast.com\/wordpress\/plugins\/seo\/ -->\n<title>Monumento a Cristiano Pereira inaugurado, esta 5\u00aa Feira, 5 de outubro, na Lapa do Lobo - R\u00e1dio Clube do D\u00e3o<\/title>\n<meta name=\"robots\" content=\"index, follow, max-snippet:-1, max-image-preview:large, max-video-preview:-1\" \/>\n<link rel=\"canonical\" href=\"https:\/\/www.radioclubedodao.pt\/site\/2023\/10\/05\/monumento-a-cristiano-pereira-inaugurado-esta-5a-feira-5-de-outubro-na-lapa-do-lobo\/\" \/>\n<meta property=\"og:locale\" content=\"pt_PT\" \/>\n<meta property=\"og:type\" content=\"article\" \/>\n<meta property=\"og:title\" content=\"Monumento a Cristiano Pereira inaugurado, esta 5\u00aa Feira, 5 de outubro, na Lapa do Lobo - R\u00e1dio Clube do D\u00e3o\" \/>\n<meta property=\"og:description\" content=\"Com toda a pompa e circunstancia, O Lapense Cristiano Pereira, atleta paral\u00edmpico v\u00ea o seu desempenho desportivo reconhecido. O monumento prestar\u00e1 tributo ao desempenho desportivo do atleta da Casa do Povo de Mangualde. A homenagem...\" \/>\n<meta property=\"og:url\" content=\"https:\/\/www.radioclubedodao.pt\/site\/2023\/10\/05\/monumento-a-cristiano-pereira-inaugurado-esta-5a-feira-5-de-outubro-na-lapa-do-lobo\/\" \/>\n<meta property=\"og:site_name\" content=\"R\u00e1dio Clube do D\u00e3o\" \/>\n<meta property=\"article:publisher\" content=\"https:\/\/www.facebook.com\/radioclubedodao\/\" \/>\n<meta property=\"article:published_time\" content=\"2023-10-05T22:52:09+00:00\" \/>\n<meta property=\"article:modified_time\" content=\"2023-10-05T22:52:10+00:00\" \/>\n<meta property=\"og:image\" content=\"https:\/\/www.radioclubedodao.pt\/site\/wp-content\/uploads\/5-2.jpg\" \/>\n\t<meta property=\"og:image:width\" content=\"485\" \/>\n\t<meta property=\"og:image:height\" content=\"398\" \/>\n\t<meta property=\"og:image:type\" content=\"image\/jpeg\" \/>\n<meta name=\"author\" content=\"admin\" \/>\n<meta name=\"twitter:card\" content=\"summary_large_image\" \/>\n<meta name=\"twitter:creator\" content=\"@ClubeDao\" \/>\n<meta name=\"twitter:site\" content=\"@ClubeDao\" \/>\n<meta name=\"twitter:label1\" content=\"Escrito por\" \/>\n\t<meta name=\"twitter:data1\" content=\"admin\" \/>\n\t<meta name=\"twitter:label2\" content=\"Tempo estimado de leitura\" \/>\n\t<meta name=\"twitter:data2\" content=\"1 minuto\" \/>\n<script type=\"application\/ld+json\" class=\"yoast-schema-graph\">{\"@context\":\"https:\/\/schema.org\",\"@graph\":[{\"@type\":\"Article\",\"@id\":\"https:\/\/www.radioclubedodao.pt\/site\/2023\/10\/05\/monumento-a-cristiano-pereira-inaugurado-esta-5a-feira-5-de-outubro-na-lapa-do-lobo\/#article\",\"isPartOf\":{\"@id\":\"https:\/\/www.radioclubedodao.pt\/site\/2023\/10\/05\/monumento-a-cristiano-pereira-inaugurado-esta-5a-feira-5-de-outubro-na-lapa-do-lobo\/\"},\"author\":{\"name\":\"admin\",\"@id\":\"https:\/\/www.radioclubedodao.pt\/site\/#\/schema\/person\/cd7a28554f264c1876d790fedfddf499\"},\"headline\":\"Monumento a Cristiano Pereira inaugurado, esta 5\u00aa Feira, 5 de outubro, na Lapa do Lobo\",\"datePublished\":\"2023-10-05T22:52:09+00:00\",\"dateModified\":\"2023-10-05T22:52:10+00:00\",\"mainEntityOfPage\":{\"@id\":\"https:\/\/www.radioclubedodao.pt\/site\/2023\/10\/05\/monumento-a-cristiano-pereira-inaugurado-esta-5a-feira-5-de-outubro-na-lapa-do-lobo\/\"},\"wordCount\":118,\"commentCount\":0,\"publisher\":{\"@id\":\"https:\/\/www.radioclubedodao.pt\/site\/#organization\"},\"image\":{\"@id\":\"https:\/\/www.radioclubedodao.pt\/site\/2023\/10\/05\/monumento-a-cristiano-pereira-inaugurado-esta-5a-feira-5-de-outubro-na-lapa-do-lobo\/#primaryimage\"},\"thumbnailUrl\":\"https:\/\/www.radioclubedodao.pt\/site\/wp-content\/uploads\/5-2.jpg\",\"articleSection\":[\"Uncategorized\"],\"inLanguage\":\"pt-PT\",\"potentialAction\":[{\"@type\":\"CommentAction\",\"name\":\"Comment\",\"target\":[\"https:\/\/www.radioclubedodao.pt\/site\/2023\/10\/05\/monumento-a-cristiano-pereira-inaugurado-esta-5a-feira-5-de-outubro-na-lapa-do-lobo\/#respond\"]}]},{\"@type\":\"WebPage\",\"@id\":\"https:\/\/www.radioclubedodao.pt\/site\/2023\/10\/05\/monumento-a-cristiano-pereira-inaugurado-esta-5a-feira-5-de-outubro-na-lapa-do-lobo\/\",\"url\":\"https:\/\/www.radioclubedodao.pt\/site\/2023\/10\/05\/monumento-a-cristiano-pereira-inaugurado-esta-5a-feira-5-de-outubro-na-lapa-do-lobo\/\",\"name\":\"Monumento a Cristiano Pereira inaugurado, esta 5\u00aa Feira, 5 de outubro, na Lapa do Lobo - R\u00e1dio Clube do D\u00e3o\",\"isPartOf\":{\"@id\":\"https:\/\/www.radioclubedodao.pt\/site\/#website\"},\"primaryImageOfPage\":{\"@id\":\"https:\/\/www.radioclubedodao.pt\/site\/2023\/10\/05\/monumento-a-cristiano-pereira-inaugurado-esta-5a-feira-5-de-outubro-na-lapa-do-lobo\/#primaryimage\"},\"image\":{\"@id\":\"https:\/\/www.radioclubedodao.pt\/site\/2023\/10\/05\/monumento-a-cristiano-pereira-inaugurado-esta-5a-feira-5-de-outubro-na-lapa-do-lobo\/#primaryimage\"},\"thumbnailUrl\":\"https:\/\/www.radioclubedodao.pt\/site\/wp-content\/uploads\/5-2.jpg\",\"datePublished\":\"2023-10-05T22:52:09+00:00\",\"dateModified\":\"2023-10-05T22:52:10+00:00\",\"breadcrumb\":{\"@id\":\"https:\/\/www.radioclubedodao.pt\/site\/2023\/10\/05\/monumento-a-cristiano-pereira-inaugurado-esta-5a-feira-5-de-outubro-na-lapa-do-lobo\/#breadcrumb\"},\"inLanguage\":\"pt-PT\",\"potentialAction\":[{\"@type\":\"ReadAction\",\"target\":[\"https:\/\/www.radioclubedodao.pt\/site\/2023\/10\/05\/monumento-a-cristiano-pereira-inaugurado-esta-5a-feira-5-de-outubro-na-lapa-do-lobo\/\"]}]},{\"@type\":\"ImageObject\",\"inLanguage\":\"pt-PT\",\"@id\":\"https:\/\/www.radioclubedodao.pt\/site\/2023\/10\/05\/monumento-a-cristiano-pereira-inaugurado-esta-5a-feira-5-de-outubro-na-lapa-do-lobo\/#primaryimage\",\"url\":\"https:\/\/www.radioclubedodao.pt\/site\/wp-content\/uploads\/5-2.jpg\",\"contentUrl\":\"https:\/\/www.radioclubedodao.pt\/site\/wp-content\/uploads\/5-2.jpg\",\"width\":485,\"height\":398},{\"@type\":\"BreadcrumbList\",\"@id\":\"https:\/\/www.radioclubedodao.pt\/site\/2023\/10\/05\/monumento-a-cristiano-pereira-inaugurado-esta-5a-feira-5-de-outubro-na-lapa-do-lobo\/#breadcrumb\",\"itemListElement\":[{\"@type\":\"ListItem\",\"position\":1,\"name\":\"In\u00edcio\",\"item\":\"https:\/\/www.radioclubedodao.pt\/site\/\"},{\"@type\":\"ListItem\",\"position\":2,\"name\":\"Monumento a Cristiano Pereira inaugurado, esta 5\u00aa Feira, 5 de outubro, na Lapa do Lobo\"}]},{\"@type\":\"WebSite\",\"@id\":\"https:\/\/www.radioclubedodao.pt\/site\/#website\",\"url\":\"https:\/\/www.radioclubedodao.pt\/site\/\",\"name\":\"R\u00e1dio Clube do D\u00e3o\",\"description\":\"webr\u00e1dio\",\"publisher\":{\"@id\":\"https:\/\/www.radioclubedodao.pt\/site\/#organization\"},\"potentialAction\":[{\"@type\":\"SearchAction\",\"target\":{\"@type\":\"EntryPoint\",\"urlTemplate\":\"https:\/\/www.radioclubedodao.pt\/site\/?s={search_term_string}\"},\"query-input\":{\"@type\":\"PropertyValueSpecification\",\"valueRequired\":true,\"valueName\":\"search_term_string\"}}],\"inLanguage\":\"pt-PT\"},{\"@type\":\"Organization\",\"@id\":\"https:\/\/www.radioclubedodao.pt\/site\/#organization\",\"name\":\"R\u00e1dio Clube do D\u00e3o\",\"url\":\"https:\/\/www.radioclubedodao.pt\/site\/\",\"logo\":{\"@type\":\"ImageObject\",\"inLanguage\":\"pt-PT\",\"@id\":\"https:\/\/www.radioclubedodao.pt\/site\/#\/schema\/logo\/image\/\",\"url\":\"https:\/\/www.radioclubedodao.pt\/site\/wp-content\/uploads\/2018\/09\/10959501_1528800417385471_8159620885825168864_n.png\",\"contentUrl\":\"https:\/\/www.radioclubedodao.pt\/site\/wp-content\/uploads\/2018\/09\/10959501_1528800417385471_8159620885825168864_n.png\",\"width\":960,\"height\":678,\"caption\":\"R\u00e1dio Clube do D\u00e3o\"},\"image\":{\"@id\":\"https:\/\/www.radioclubedodao.pt\/site\/#\/schema\/logo\/image\/\"},\"sameAs\":[\"https:\/\/www.facebook.com\/radioclubedodao\/\",\"https:\/\/x.com\/ClubeDao\",\"https:\/\/www.instagram.com\/rcdao\/?hl=pt\"]},{\"@type\":\"Person\",\"@id\":\"https:\/\/www.radioclubedodao.pt\/site\/#\/schema\/person\/cd7a28554f264c1876d790fedfddf499\",\"name\":\"admin\",\"image\":{\"@type\":\"ImageObject\",\"inLanguage\":\"pt-PT\",\"@id\":\"https:\/\/www.radioclubedodao.pt\/site\/#\/schema\/person\/image\/\",\"url\":\"https:\/\/secure.gravatar.com\/avatar\/34c95391003e4d74dd8a7ac6916f4230?s=96&d=mm&r=g\",\"contentUrl\":\"https:\/\/secure.gravatar.com\/avatar\/34c95391003e4d74dd8a7ac6916f4230?s=96&d=mm&r=g\",\"caption\":\"admin\"}}]}<\/script>\n<!-- \/ Yoast SEO plugin. -->","yoast_head_json":{"title":"Monumento a Cristiano Pereira inaugurado, esta 5\u00aa Feira, 5 de outubro, na Lapa do Lobo - R\u00e1dio Clube do D\u00e3o","robots":{"index":"index","follow":"follow","max-snippet":"max-snippet:-1","max-image-preview":"max-image-preview:large","max-video-preview":"max-video-preview:-1"},"canonical":"https:\/\/www.radioclubedodao.pt\/site\/2023\/10\/05\/monumento-a-cristiano-pereira-inaugurado-esta-5a-feira-5-de-outubro-na-lapa-do-lobo\/","og_locale":"pt_PT","og_type":"article","og_title":"Monumento a Cristiano Pereira inaugurado, esta 5\u00aa Feira, 5 de outubro, na Lapa do Lobo - R\u00e1dio Clube do D\u00e3o","og_description":"Com toda a pompa e circunstancia, O Lapense Cristiano Pereira, atleta paral\u00edmpico v\u00ea o seu desempenho desportivo reconhecido. O monumento prestar\u00e1 tributo ao desempenho desportivo do atleta da Casa do Povo de Mangualde. A homenagem...","og_url":"https:\/\/www.radioclubedodao.pt\/site\/2023\/10\/05\/monumento-a-cristiano-pereira-inaugurado-esta-5a-feira-5-de-outubro-na-lapa-do-lobo\/","og_site_name":"R\u00e1dio Clube do D\u00e3o","article_publisher":"https:\/\/www.facebook.com\/radioclubedodao\/","article_published_time":"2023-10-05T22:52:09+00:00","article_modified_time":"2023-10-05T22:52:10+00:00","og_image":[{"width":485,"height":398,"url":"https:\/\/www.radioclubedodao.pt\/site\/wp-content\/uploads\/5-2.jpg","type":"image\/jpeg"}],"author":"admin","twitter_card":"summary_large_image","twitter_creator":"@ClubeDao","twitter_site":"@ClubeDao","twitter_misc":{"Escrito por":"admin","Tempo estimado de leitura":"1 minuto"},"schema":{"@context":"https:\/\/schema.org","@graph":[{"@type":"Article","@id":"https:\/\/www.radioclubedodao.pt\/site\/2023\/10\/05\/monumento-a-cristiano-pereira-inaugurado-esta-5a-feira-5-de-outubro-na-lapa-do-lobo\/#article","isPartOf":{"@id":"https:\/\/www.radioclubedodao.pt\/site\/2023\/10\/05\/monumento-a-cristiano-pereira-inaugurado-esta-5a-feira-5-de-outubro-na-lapa-do-lobo\/"},"author":{"name":"admin","@id":"https:\/\/www.radioclubedodao.pt\/site\/#\/schema\/person\/cd7a28554f264c1876d790fedfddf499"},"headline":"Monumento a Cristiano Pereira inaugurado, esta 5\u00aa Feira, 5 de outubro, na Lapa do Lobo","datePublished":"2023-10-05T22:52:09+00:00","dateModified":"2023-10-05T22:52:10+00:00","mainEntityOfPage":{"@id":"https:\/\/www.radioclubedodao.pt\/site\/2023\/10\/05\/monumento-a-cristiano-pereira-inaugurado-esta-5a-feira-5-de-outubro-na-lapa-do-lobo\/"},"wordCount":118,"commentCount":0,"publisher":{"@id":"https:\/\/www.radioclubedodao.pt\/site\/#organization"},"image":{"@id":"https:\/\/www.radioclubedodao.pt\/site\/2023\/10\/05\/monumento-a-cristiano-pereira-inaugurado-esta-5a-feira-5-de-outubro-na-lapa-do-lobo\/#primaryimage"},"thumbnailUrl":"https:\/\/www.radioclubedodao.pt\/site\/wp-content\/uploads\/5-2.jpg","articleSection":["Uncategorized"],"inLanguage":"pt-PT","potentialAction":[{"@type":"CommentAction","name":"Comment","target":["https:\/\/www.radioclubedodao.pt\/site\/2023\/10\/05\/monumento-a-cristiano-pereira-inaugurado-esta-5a-feira-5-de-outubro-na-lapa-do-lobo\/#respond"]}]},{"@type":"WebPage","@id":"https:\/\/www.radioclubedodao.pt\/site\/2023\/10\/05\/monumento-a-cristiano-pereira-inaugurado-esta-5a-feira-5-de-outubro-na-lapa-do-lobo\/","url":"https:\/\/www.radioclubedodao.pt\/site\/2023\/10\/05\/monumento-a-cristiano-pereira-inaugurado-esta-5a-feira-5-de-outubro-na-lapa-do-lobo\/","name":"Monumento a Cristiano Pereira inaugurado, esta 5\u00aa Feira, 5 de outubro, na Lapa do Lobo - R\u00e1dio Clube do D\u00e3o","isPartOf":{"@id":"https:\/\/www.radioclubedodao.pt\/site\/#website"},"primaryImageOfPage":{"@id":"https:\/\/www.radioclubedodao.pt\/site\/2023\/10\/05\/monumento-a-cristiano-pereira-inaugurado-esta-5a-feira-5-de-outubro-na-lapa-do-lobo\/#primaryimage"},"image":{"@id":"https:\/\/www.radioclubedodao.pt\/site\/2023\/10\/05\/monumento-a-cristiano-pereira-inaugurado-esta-5a-feira-5-de-outubro-na-lapa-do-lobo\/#primaryimage"},"thumbnailUrl":"https:\/\/www.radioclubedodao.pt\/site\/wp-content\/uploads\/5-2.jpg","datePublished":"2023-10-05T22:52:09+00:00","dateModified":"2023-10-05T22:52:10+00:00","breadcrumb":{"@id":"https:\/\/www.radioclubedodao.pt\/site\/2023\/10\/05\/monumento-a-cristiano-pereira-inaugurado-esta-5a-feira-5-de-outubro-na-lapa-do-lobo\/#breadcrumb"},"inLanguage":"pt-PT","potentialAction":[{"@type":"ReadAction","target":["https:\/\/www.radioclubedodao.pt\/site\/2023\/10\/05\/monumento-a-cristiano-pereira-inaugurado-esta-5a-feira-5-de-outubro-na-lapa-do-lobo\/"]}]},{"@type":"ImageObject","inLanguage":"pt-PT","@id":"https:\/\/www.radioclubedodao.pt\/site\/2023\/10\/05\/monumento-a-cristiano-pereira-inaugurado-esta-5a-feira-5-de-outubro-na-lapa-do-lobo\/#primaryimage","url":"https:\/\/www.radioclubedodao.pt\/site\/wp-content\/uploads\/5-2.jpg","contentUrl":"https:\/\/www.radioclubedodao.pt\/site\/wp-content\/uploads\/5-2.jpg","width":485,"height":398},{"@type":"BreadcrumbList","@id":"https:\/\/www.radioclubedodao.pt\/site\/2023\/10\/05\/monumento-a-cristiano-pereira-inaugurado-esta-5a-feira-5-de-outubro-na-lapa-do-lobo\/#breadcrumb","itemListElement":[{"@type":"ListItem","position":1,"name":"In\u00edcio","item":"https:\/\/www.radioclubedodao.pt\/site\/"},{"@type":"ListItem","position":2,"name":"Monumento a Cristiano Pereira inaugurado, esta 5\u00aa Feira, 5 de outubro, na Lapa do Lobo"}]},{"@type":"WebSite","@id":"https:\/\/www.radioclubedodao.pt\/site\/#website","url":"https:\/\/www.radioclubedodao.pt\/site\/","name":"R\u00e1dio Clube do D\u00e3o","description":"webr\u00e1dio","publisher":{"@id":"https:\/\/www.radioclubedodao.pt\/site\/#organization"},"potentialAction":[{"@type":"SearchAction","target":{"@type":"EntryPoint","urlTemplate":"https:\/\/www.radioclubedodao.pt\/site\/?s={search_term_string}"},"query-input":{"@type":"PropertyValueSpecification","valueRequired":true,"valueName":"search_term_string"}}],"inLanguage":"pt-PT"},{"@type":"Organization","@id":"https:\/\/www.radioclubedodao.pt\/site\/#organization","name":"R\u00e1dio Clube do D\u00e3o","url":"https:\/\/www.radioclubedodao.pt\/site\/","logo":{"@type":"ImageObject","inLanguage":"pt-PT","@id":"https:\/\/www.radioclubedodao.pt\/site\/#\/schema\/logo\/image\/","url":"https:\/\/www.radioclubedodao.pt\/site\/wp-content\/uploads\/2018\/09\/10959501_1528800417385471_8159620885825168864_n.png","contentUrl":"https:\/\/www.radioclubedodao.pt\/site\/wp-content\/uploads\/2018\/09\/10959501_1528800417385471_8159620885825168864_n.png","width":960,"height":678,"caption":"R\u00e1dio Clube do D\u00e3o"},"image":{"@id":"https:\/\/www.radioclubedodao.pt\/site\/#\/schema\/logo\/image\/"},"sameAs":["https:\/\/www.facebook.com\/radioclubedodao\/","https:\/\/x.com\/ClubeDao","https:\/\/www.instagram.com\/rcdao\/?hl=pt"]},{"@type":"Person","@id":"https:\/\/www.radioclubedodao.pt\/site\/#\/schema\/person\/cd7a28554f264c1876d790fedfddf499","name":"admin","image":{"@type":"ImageObject","inLanguage":"pt-PT","@id":"https:\/\/www.radioclubedodao.pt\/site\/#\/schema\/person\/image\/","url":"https:\/\/secure.gravatar.com\/avatar\/34c95391003e4d74dd8a7ac6916f4230?s=96&d=mm&r=g","contentUrl":"https:\/\/secure.gravatar.com\/avatar\/34c95391003e4d74dd8a7ac6916f4230?s=96&d=mm&r=g","caption":"admin"}}]}},"_links":{"self":[{"href":"https:\/\/www.radioclubedodao.pt\/site\/wp-json\/wp\/v2\/posts\/3558","targetHints":{"allow":["GET"]}}],"collection":[{"href":"https:\/\/www.radioclubedodao.pt\/site\/wp-json\/wp\/v2\/posts"}],"about":[{"href":"https:\/\/www.radioclubedodao.pt\/site\/wp-json\/wp\/v2\/types\/post"}],"author":[{"embeddable":true,"href":"https:\/\/www.radioclubedodao.pt\/site\/wp-json\/wp\/v2\/users\/1"}],"replies":[{"embeddable":true,"href":"https:\/\/www.radioclubedodao.pt\/site\/wp-json\/wp\/v2\/comments?post=3558"}],"version-history":[{"count":1,"href":"https:\/\/www.radioclubedodao.pt\/site\/wp-json\/wp\/v2\/posts\/3558\/revisions"}],"predecessor-version":[{"id":3566,"href":"https:\/\/www.radioclubedodao.pt\/site\/wp-json\/wp\/v2\/posts\/3558\/revisions\/3566"}],"wp:featuredmedia":[{"embeddable":true,"href":"https:\/\/www.radioclubedodao.pt\/site\/wp-json\/wp\/v2\/media\/3565"}],"wp:attachment":[{"href":"https:\/\/www.radioclubedodao.pt\/site\/wp-json\/wp\/v2\/media?parent=3558"}],"wp:term":[{"taxonomy":"category","embeddable":true,"href":"https:\/\/www.radioclubedodao.pt\/site\/wp-json\/wp\/v2\/categories?post=3558"},{"taxonomy":"post_tag","embeddable":true,"href":"https:\/\/www.radioclubedodao.pt\/site\/wp-json\/wp\/v2\/tags?post=3558"},{"taxonomy":"podcasting_podcasts","embeddable":true,"href":"https:\/\/www.radioclubedodao.pt\/site\/wp-json\/wp\/v2\/podcasting_podcasts?post=3558"}],"curies":[{"name":"wp","href":"https:\/\/api.w.org\/{rel}","templated":true}]}}