{"id":3618,"date":"2024-01-31T22:37:55","date_gmt":"2024-01-31T22:37:55","guid":{"rendered":"https:\/\/www.radioclubedodao.pt\/site\/?p=3618"},"modified":"2024-01-31T22:37:57","modified_gmt":"2024-01-31T22:37:57","slug":"ponte-nelas-seia-reaberta-ao-transito","status":"publish","type":"post","link":"https:\/\/www.radioclubedodao.pt\/site\/2024\/01\/31\/ponte-nelas-seia-reaberta-ao-transito\/","title":{"rendered":"Ponte Nelas-Seia reaberta ao tr\u00e2nsito"},"content":{"rendered":"\n<p>De acordo com informa\u00e7\u00e3o na p\u00e1gina do Facebook do Munic\u00edpio de Nelas:<\/p>\n\n\n\n<p>Conclus\u00e3o da empreitada na Ponte Nelas-Seia: Circula\u00e7\u00e3o do tr\u00e1fego reposta a partir das 23h00 do dia de hoje, 31 de Janeiro 2024<\/p>\n\n\n\n<p>Est\u00e1 conclu\u00edda a obra da passagem superior sobre a via-f\u00e9rrea, que liga Nelas a Seia, no \u00e2mbito da empreitada da \u201cModerniza\u00e7\u00e3o da Linha da Beira alta, Tro\u00e7o Santa Comba D\u00e3o-Mangualde\u201d, da responsabilidade da IP.<\/p>\n\n\n\n<p>A partir das 23h00, desta quarta-feira, dia 31 de janeiro 2024, a circula\u00e7\u00e3o do tr\u00e1fego nesta Ponte ser\u00e1 totalmente e definitivamente restabelecida, assinalando-se a conclus\u00e3o das obras no tabuleiro. Na empreitada de reabilita\u00e7\u00e3o foram efetuados trabalhos de pavimenta\u00e7\u00e3o em betuminoso, substitui\u00e7\u00e3o da rede el\u00e9trica e telecomunica\u00e7\u00f5es, da rede de abastecimento de \u00e1gua, rede de drenagem de \u00e1guas residuais e melhoramento da zona pedonal.<\/p>\n\n\n\n<p>O Munic\u00edpio aguarda a partir de agora o cumprimento dos compromissos assumidos pela IP, nomeadamente a beneficia\u00e7\u00e3o da Rua do Acesso Sul em Nelas, Rua Casa da Guarda na Lapa do Lobo e no pavimenta\u00e7\u00e3o da Rua Eng.\u00ba Alberto Vilhena, em Nelas, uma estrada que se encontra bastante danificada devido ao volume excessivo de tr\u00e1fego, particularmente o pesado, em virtude das obras que decorreram na ponte sobre a linha.<\/p>\n\n\n\n<p>Info e cr\u00e9ditos fotogr\u00e1ficos:<\/p>\n\n\n\n<figure class=\"wp-block-embed\"><div class=\"wp-block-embed__wrapper\">\nhttps:\/\/www.facebook.com\/municipio.nelas\n<\/div><\/figure>\n","protected":false},"excerpt":{"rendered":"<p>De acordo com informa\u00e7\u00e3o na p\u00e1gina do Facebook do Munic\u00edpio de Nelas: Conclus\u00e3o da empreitada na Ponte Nelas-Seia: Circula\u00e7\u00e3o do tr\u00e1fego reposta a partir das 23h00 do dia de hoje, 31 de Janeiro 2024 Est\u00e1&#8230;<\/p>\n","protected":false},"author":1,"featured_media":3619,"comment_status":"open","ping_status":"open","sticky":false,"template":"","format":"standard","meta":{"podcast_url":"","podcast_explicit":"no","podcast_captioned":false,"podcast_duration":"","podcast_filesize":0,"podcast_mime":"","enclosure":"","podcast_season_number":"","podcast_episode_number":"","podcast_episode_type":"none","podcast_transcript":"","sfsi_plus_gutenberg_text_before_share":"","sfsi_plus_gutenberg_show_text_before_share":"","sfsi_plus_gutenberg_icon_type":"","sfsi_plus_gutenberg_icon_alignemt":"","sfsi_plus_gutenburg_max_per_row":"","sapo_feed_post_nuts":"","footnotes":""},"categories":[1],"tags":[],"podcasting_podcasts":[],"class_list":["post-3618","post","type-post","status-publish","format-standard","has-post-thumbnail","hentry","category-uncategorized"],"yoast_head":"<!-- This site is optimized with the Yoast SEO plugin v24.1 - https:\/\/yoast.com\/wordpress\/plugins\/seo\/ -->\n<title>Ponte Nelas-Seia reaberta ao tr\u00e2nsito - R\u00e1dio Clube do D\u00e3o<\/title>\n<meta name=\"robots\" content=\"index, follow, max-snippet:-1, max-image-preview:large, max-video-preview:-1\" \/>\n<link rel=\"canonical\" href=\"https:\/\/www.radioclubedodao.pt\/site\/2024\/01\/31\/ponte-nelas-seia-reaberta-ao-transito\/\" \/>\n<meta property=\"og:locale\" content=\"pt_PT\" \/>\n<meta property=\"og:type\" content=\"article\" \/>\n<meta property=\"og:title\" content=\"Ponte Nelas-Seia reaberta ao tr\u00e2nsito - R\u00e1dio Clube do D\u00e3o\" \/>\n<meta property=\"og:description\" content=\"De acordo com informa\u00e7\u00e3o na p\u00e1gina do Facebook do Munic\u00edpio de Nelas: Conclus\u00e3o da empreitada na Ponte Nelas-Seia: Circula\u00e7\u00e3o do tr\u00e1fego reposta a partir das 23h00 do dia de hoje, 31 de Janeiro 2024 Est\u00e1...\" \/>\n<meta property=\"og:url\" content=\"https:\/\/www.radioclubedodao.pt\/site\/2024\/01\/31\/ponte-nelas-seia-reaberta-ao-transito\/\" \/>\n<meta property=\"og:site_name\" content=\"R\u00e1dio Clube do D\u00e3o\" \/>\n<meta property=\"article:publisher\" content=\"https:\/\/www.facebook.com\/radioclubedodao\/\" \/>\n<meta property=\"article:published_time\" content=\"2024-01-31T22:37:55+00:00\" \/>\n<meta property=\"article:modified_time\" content=\"2024-01-31T22:37:57+00:00\" \/>\n<meta property=\"og:image\" content=\"https:\/\/www.radioclubedodao.pt\/site\/wp-content\/uploads\/FB_IMG_1706740165800.jpg\" \/>\n\t<meta property=\"og:image:width\" content=\"720\" \/>\n\t<meta property=\"og:image:height\" content=\"540\" \/>\n\t<meta property=\"og:image:type\" content=\"image\/jpeg\" \/>\n<meta name=\"author\" content=\"admin\" \/>\n<meta name=\"twitter:card\" content=\"summary_large_image\" \/>\n<meta name=\"twitter:creator\" content=\"@ClubeDao\" \/>\n<meta name=\"twitter:site\" content=\"@ClubeDao\" \/>\n<meta name=\"twitter:label1\" content=\"Escrito por\" \/>\n\t<meta name=\"twitter:data1\" content=\"admin\" \/>\n\t<meta name=\"twitter:label2\" content=\"Tempo estimado de leitura\" \/>\n\t<meta name=\"twitter:data2\" content=\"1 minuto\" \/>\n<script type=\"application\/ld+json\" class=\"yoast-schema-graph\">{\"@context\":\"https:\/\/schema.org\",\"@graph\":[{\"@type\":\"Article\",\"@id\":\"https:\/\/www.radioclubedodao.pt\/site\/2024\/01\/31\/ponte-nelas-seia-reaberta-ao-transito\/#article\",\"isPartOf\":{\"@id\":\"https:\/\/www.radioclubedodao.pt\/site\/2024\/01\/31\/ponte-nelas-seia-reaberta-ao-transito\/\"},\"author\":{\"name\":\"admin\",\"@id\":\"https:\/\/www.radioclubedodao.pt\/site\/#\/schema\/person\/cd7a28554f264c1876d790fedfddf499\"},\"headline\":\"Ponte Nelas-Seia reaberta ao tr\u00e2nsito\",\"datePublished\":\"2024-01-31T22:37:55+00:00\",\"dateModified\":\"2024-01-31T22:37:57+00:00\",\"mainEntityOfPage\":{\"@id\":\"https:\/\/www.radioclubedodao.pt\/site\/2024\/01\/31\/ponte-nelas-seia-reaberta-ao-transito\/\"},\"wordCount\":237,\"commentCount\":0,\"publisher\":{\"@id\":\"https:\/\/www.radioclubedodao.pt\/site\/#organization\"},\"image\":{\"@id\":\"https:\/\/www.radioclubedodao.pt\/site\/2024\/01\/31\/ponte-nelas-seia-reaberta-ao-transito\/#primaryimage\"},\"thumbnailUrl\":\"https:\/\/www.radioclubedodao.pt\/site\/wp-content\/uploads\/FB_IMG_1706740165800.jpg\",\"articleSection\":[\"Uncategorized\"],\"inLanguage\":\"pt-PT\",\"potentialAction\":[{\"@type\":\"CommentAction\",\"name\":\"Comment\",\"target\":[\"https:\/\/www.radioclubedodao.pt\/site\/2024\/01\/31\/ponte-nelas-seia-reaberta-ao-transito\/#respond\"]}]},{\"@type\":\"WebPage\",\"@id\":\"https:\/\/www.radioclubedodao.pt\/site\/2024\/01\/31\/ponte-nelas-seia-reaberta-ao-transito\/\",\"url\":\"https:\/\/www.radioclubedodao.pt\/site\/2024\/01\/31\/ponte-nelas-seia-reaberta-ao-transito\/\",\"name\":\"Ponte Nelas-Seia reaberta ao tr\u00e2nsito - R\u00e1dio Clube do D\u00e3o\",\"isPartOf\":{\"@id\":\"https:\/\/www.radioclubedodao.pt\/site\/#website\"},\"primaryImageOfPage\":{\"@id\":\"https:\/\/www.radioclubedodao.pt\/site\/2024\/01\/31\/ponte-nelas-seia-reaberta-ao-transito\/#primaryimage\"},\"image\":{\"@id\":\"https:\/\/www.radioclubedodao.pt\/site\/2024\/01\/31\/ponte-nelas-seia-reaberta-ao-transito\/#primaryimage\"},\"thumbnailUrl\":\"https:\/\/www.radioclubedodao.pt\/site\/wp-content\/uploads\/FB_IMG_1706740165800.jpg\",\"datePublished\":\"2024-01-31T22:37:55+00:00\",\"dateModified\":\"2024-01-31T22:37:57+00:00\",\"breadcrumb\":{\"@id\":\"https:\/\/www.radioclubedodao.pt\/site\/2024\/01\/31\/ponte-nelas-seia-reaberta-ao-transito\/#breadcrumb\"},\"inLanguage\":\"pt-PT\",\"potentialAction\":[{\"@type\":\"ReadAction\",\"target\":[\"https:\/\/www.radioclubedodao.pt\/site\/2024\/01\/31\/ponte-nelas-seia-reaberta-ao-transito\/\"]}]},{\"@type\":\"ImageObject\",\"inLanguage\":\"pt-PT\",\"@id\":\"https:\/\/www.radioclubedodao.pt\/site\/2024\/01\/31\/ponte-nelas-seia-reaberta-ao-transito\/#primaryimage\",\"url\":\"https:\/\/www.radioclubedodao.pt\/site\/wp-content\/uploads\/FB_IMG_1706740165800.jpg\",\"contentUrl\":\"https:\/\/www.radioclubedodao.pt\/site\/wp-content\/uploads\/FB_IMG_1706740165800.jpg\",\"width\":720,\"height\":540},{\"@type\":\"BreadcrumbList\",\"@id\":\"https:\/\/www.radioclubedodao.pt\/site\/2024\/01\/31\/ponte-nelas-seia-reaberta-ao-transito\/#breadcrumb\",\"itemListElement\":[{\"@type\":\"ListItem\",\"position\":1,\"name\":\"In\u00edcio\",\"item\":\"https:\/\/www.radioclubedodao.pt\/site\/\"},{\"@type\":\"ListItem\",\"position\":2,\"name\":\"Ponte Nelas-Seia reaberta ao tr\u00e2nsito\"}]},{\"@type\":\"WebSite\",\"@id\":\"https:\/\/www.radioclubedodao.pt\/site\/#website\",\"url\":\"https:\/\/www.radioclubedodao.pt\/site\/\",\"name\":\"R\u00e1dio Clube do D\u00e3o\",\"description\":\"webr\u00e1dio\",\"publisher\":{\"@id\":\"https:\/\/www.radioclubedodao.pt\/site\/#organization\"},\"potentialAction\":[{\"@type\":\"SearchAction\",\"target\":{\"@type\":\"EntryPoint\",\"urlTemplate\":\"https:\/\/www.radioclubedodao.pt\/site\/?s={search_term_string}\"},\"query-input\":{\"@type\":\"PropertyValueSpecification\",\"valueRequired\":true,\"valueName\":\"search_term_string\"}}],\"inLanguage\":\"pt-PT\"},{\"@type\":\"Organization\",\"@id\":\"https:\/\/www.radioclubedodao.pt\/site\/#organization\",\"name\":\"R\u00e1dio Clube do D\u00e3o\",\"url\":\"https:\/\/www.radioclubedodao.pt\/site\/\",\"logo\":{\"@type\":\"ImageObject\",\"inLanguage\":\"pt-PT\",\"@id\":\"https:\/\/www.radioclubedodao.pt\/site\/#\/schema\/logo\/image\/\",\"url\":\"https:\/\/www.radioclubedodao.pt\/site\/wp-content\/uploads\/2018\/09\/10959501_1528800417385471_8159620885825168864_n.png\",\"contentUrl\":\"https:\/\/www.radioclubedodao.pt\/site\/wp-content\/uploads\/2018\/09\/10959501_1528800417385471_8159620885825168864_n.png\",\"width\":960,\"height\":678,\"caption\":\"R\u00e1dio Clube do D\u00e3o\"},\"image\":{\"@id\":\"https:\/\/www.radioclubedodao.pt\/site\/#\/schema\/logo\/image\/\"},\"sameAs\":[\"https:\/\/www.facebook.com\/radioclubedodao\/\",\"https:\/\/x.com\/ClubeDao\",\"https:\/\/www.instagram.com\/rcdao\/?hl=pt\"]},{\"@type\":\"Person\",\"@id\":\"https:\/\/www.radioclubedodao.pt\/site\/#\/schema\/person\/cd7a28554f264c1876d790fedfddf499\",\"name\":\"admin\",\"image\":{\"@type\":\"ImageObject\",\"inLanguage\":\"pt-PT\",\"@id\":\"https:\/\/www.radioclubedodao.pt\/site\/#\/schema\/person\/image\/\",\"url\":\"https:\/\/secure.gravatar.com\/avatar\/34c95391003e4d74dd8a7ac6916f4230?s=96&d=mm&r=g\",\"contentUrl\":\"https:\/\/secure.gravatar.com\/avatar\/34c95391003e4d74dd8a7ac6916f4230?s=96&d=mm&r=g\",\"caption\":\"admin\"}}]}<\/script>\n<!-- \/ Yoast SEO plugin. -->","yoast_head_json":{"title":"Ponte Nelas-Seia reaberta ao tr\u00e2nsito - R\u00e1dio Clube do D\u00e3o","robots":{"index":"index","follow":"follow","max-snippet":"max-snippet:-1","max-image-preview":"max-image-preview:large","max-video-preview":"max-video-preview:-1"},"canonical":"https:\/\/www.radioclubedodao.pt\/site\/2024\/01\/31\/ponte-nelas-seia-reaberta-ao-transito\/","og_locale":"pt_PT","og_type":"article","og_title":"Ponte Nelas-Seia reaberta ao tr\u00e2nsito - R\u00e1dio Clube do D\u00e3o","og_description":"De acordo com informa\u00e7\u00e3o na p\u00e1gina do Facebook do Munic\u00edpio de Nelas: Conclus\u00e3o da empreitada na Ponte Nelas-Seia: Circula\u00e7\u00e3o do tr\u00e1fego reposta a partir das 23h00 do dia de hoje, 31 de Janeiro 2024 Est\u00e1...","og_url":"https:\/\/www.radioclubedodao.pt\/site\/2024\/01\/31\/ponte-nelas-seia-reaberta-ao-transito\/","og_site_name":"R\u00e1dio Clube do D\u00e3o","article_publisher":"https:\/\/www.facebook.com\/radioclubedodao\/","article_published_time":"2024-01-31T22:37:55+00:00","article_modified_time":"2024-01-31T22:37:57+00:00","og_image":[{"width":720,"height":540,"url":"https:\/\/www.radioclubedodao.pt\/site\/wp-content\/uploads\/FB_IMG_1706740165800.jpg","type":"image\/jpeg"}],"author":"admin","twitter_card":"summary_large_image","twitter_creator":"@ClubeDao","twitter_site":"@ClubeDao","twitter_misc":{"Escrito por":"admin","Tempo estimado de leitura":"1 minuto"},"schema":{"@context":"https:\/\/schema.org","@graph":[{"@type":"Article","@id":"https:\/\/www.radioclubedodao.pt\/site\/2024\/01\/31\/ponte-nelas-seia-reaberta-ao-transito\/#article","isPartOf":{"@id":"https:\/\/www.radioclubedodao.pt\/site\/2024\/01\/31\/ponte-nelas-seia-reaberta-ao-transito\/"},"author":{"name":"admin","@id":"https:\/\/www.radioclubedodao.pt\/site\/#\/schema\/person\/cd7a28554f264c1876d790fedfddf499"},"headline":"Ponte Nelas-Seia reaberta ao tr\u00e2nsito","datePublished":"2024-01-31T22:37:55+00:00","dateModified":"2024-01-31T22:37:57+00:00","mainEntityOfPage":{"@id":"https:\/\/www.radioclubedodao.pt\/site\/2024\/01\/31\/ponte-nelas-seia-reaberta-ao-transito\/"},"wordCount":237,"commentCount":0,"publisher":{"@id":"https:\/\/www.radioclubedodao.pt\/site\/#organization"},"image":{"@id":"https:\/\/www.radioclubedodao.pt\/site\/2024\/01\/31\/ponte-nelas-seia-reaberta-ao-transito\/#primaryimage"},"thumbnailUrl":"https:\/\/www.radioclubedodao.pt\/site\/wp-content\/uploads\/FB_IMG_1706740165800.jpg","articleSection":["Uncategorized"],"inLanguage":"pt-PT","potentialAction":[{"@type":"CommentAction","name":"Comment","target":["https:\/\/www.radioclubedodao.pt\/site\/2024\/01\/31\/ponte-nelas-seia-reaberta-ao-transito\/#respond"]}]},{"@type":"WebPage","@id":"https:\/\/www.radioclubedodao.pt\/site\/2024\/01\/31\/ponte-nelas-seia-reaberta-ao-transito\/","url":"https:\/\/www.radioclubedodao.pt\/site\/2024\/01\/31\/ponte-nelas-seia-reaberta-ao-transito\/","name":"Ponte Nelas-Seia reaberta ao tr\u00e2nsito - R\u00e1dio Clube do D\u00e3o","isPartOf":{"@id":"https:\/\/www.radioclubedodao.pt\/site\/#website"},"primaryImageOfPage":{"@id":"https:\/\/www.radioclubedodao.pt\/site\/2024\/01\/31\/ponte-nelas-seia-reaberta-ao-transito\/#primaryimage"},"image":{"@id":"https:\/\/www.radioclubedodao.pt\/site\/2024\/01\/31\/ponte-nelas-seia-reaberta-ao-transito\/#primaryimage"},"thumbnailUrl":"https:\/\/www.radioclubedodao.pt\/site\/wp-content\/uploads\/FB_IMG_1706740165800.jpg","datePublished":"2024-01-31T22:37:55+00:00","dateModified":"2024-01-31T22:37:57+00:00","breadcrumb":{"@id":"https:\/\/www.radioclubedodao.pt\/site\/2024\/01\/31\/ponte-nelas-seia-reaberta-ao-transito\/#breadcrumb"},"inLanguage":"pt-PT","potentialAction":[{"@type":"ReadAction","target":["https:\/\/www.radioclubedodao.pt\/site\/2024\/01\/31\/ponte-nelas-seia-reaberta-ao-transito\/"]}]},{"@type":"ImageObject","inLanguage":"pt-PT","@id":"https:\/\/www.radioclubedodao.pt\/site\/2024\/01\/31\/ponte-nelas-seia-reaberta-ao-transito\/#primaryimage","url":"https:\/\/www.radioclubedodao.pt\/site\/wp-content\/uploads\/FB_IMG_1706740165800.jpg","contentUrl":"https:\/\/www.radioclubedodao.pt\/site\/wp-content\/uploads\/FB_IMG_1706740165800.jpg","width":720,"height":540},{"@type":"BreadcrumbList","@id":"https:\/\/www.radioclubedodao.pt\/site\/2024\/01\/31\/ponte-nelas-seia-reaberta-ao-transito\/#breadcrumb","itemListElement":[{"@type":"ListItem","position":1,"name":"In\u00edcio","item":"https:\/\/www.radioclubedodao.pt\/site\/"},{"@type":"ListItem","position":2,"name":"Ponte Nelas-Seia reaberta ao tr\u00e2nsito"}]},{"@type":"WebSite","@id":"https:\/\/www.radioclubedodao.pt\/site\/#website","url":"https:\/\/www.radioclubedodao.pt\/site\/","name":"R\u00e1dio Clube do D\u00e3o","description":"webr\u00e1dio","publisher":{"@id":"https:\/\/www.radioclubedodao.pt\/site\/#organization"},"potentialAction":[{"@type":"SearchAction","target":{"@type":"EntryPoint","urlTemplate":"https:\/\/www.radioclubedodao.pt\/site\/?s={search_term_string}"},"query-input":{"@type":"PropertyValueSpecification","valueRequired":true,"valueName":"search_term_string"}}],"inLanguage":"pt-PT"},{"@type":"Organization","@id":"https:\/\/www.radioclubedodao.pt\/site\/#organization","name":"R\u00e1dio Clube do D\u00e3o","url":"https:\/\/www.radioclubedodao.pt\/site\/","logo":{"@type":"ImageObject","inLanguage":"pt-PT","@id":"https:\/\/www.radioclubedodao.pt\/site\/#\/schema\/logo\/image\/","url":"https:\/\/www.radioclubedodao.pt\/site\/wp-content\/uploads\/2018\/09\/10959501_1528800417385471_8159620885825168864_n.png","contentUrl":"https:\/\/www.radioclubedodao.pt\/site\/wp-content\/uploads\/2018\/09\/10959501_1528800417385471_8159620885825168864_n.png","width":960,"height":678,"caption":"R\u00e1dio Clube do D\u00e3o"},"image":{"@id":"https:\/\/www.radioclubedodao.pt\/site\/#\/schema\/logo\/image\/"},"sameAs":["https:\/\/www.facebook.com\/radioclubedodao\/","https:\/\/x.com\/ClubeDao","https:\/\/www.instagram.com\/rcdao\/?hl=pt"]},{"@type":"Person","@id":"https:\/\/www.radioclubedodao.pt\/site\/#\/schema\/person\/cd7a28554f264c1876d790fedfddf499","name":"admin","image":{"@type":"ImageObject","inLanguage":"pt-PT","@id":"https:\/\/www.radioclubedodao.pt\/site\/#\/schema\/person\/image\/","url":"https:\/\/secure.gravatar.com\/avatar\/34c95391003e4d74dd8a7ac6916f4230?s=96&d=mm&r=g","contentUrl":"https:\/\/secure.gravatar.com\/avatar\/34c95391003e4d74dd8a7ac6916f4230?s=96&d=mm&r=g","caption":"admin"}}]}},"_links":{"self":[{"href":"https:\/\/www.radioclubedodao.pt\/site\/wp-json\/wp\/v2\/posts\/3618","targetHints":{"allow":["GET"]}}],"collection":[{"href":"https:\/\/www.radioclubedodao.pt\/site\/wp-json\/wp\/v2\/posts"}],"about":[{"href":"https:\/\/www.radioclubedodao.pt\/site\/wp-json\/wp\/v2\/types\/post"}],"author":[{"embeddable":true,"href":"https:\/\/www.radioclubedodao.pt\/site\/wp-json\/wp\/v2\/users\/1"}],"replies":[{"embeddable":true,"href":"https:\/\/www.radioclubedodao.pt\/site\/wp-json\/wp\/v2\/comments?post=3618"}],"version-history":[{"count":2,"href":"https:\/\/www.radioclubedodao.pt\/site\/wp-json\/wp\/v2\/posts\/3618\/revisions"}],"predecessor-version":[{"id":3621,"href":"https:\/\/www.radioclubedodao.pt\/site\/wp-json\/wp\/v2\/posts\/3618\/revisions\/3621"}],"wp:featuredmedia":[{"embeddable":true,"href":"https:\/\/www.radioclubedodao.pt\/site\/wp-json\/wp\/v2\/media\/3619"}],"wp:attachment":[{"href":"https:\/\/www.radioclubedodao.pt\/site\/wp-json\/wp\/v2\/media?parent=3618"}],"wp:term":[{"taxonomy":"category","embeddable":true,"href":"https:\/\/www.radioclubedodao.pt\/site\/wp-json\/wp\/v2\/categories?post=3618"},{"taxonomy":"post_tag","embeddable":true,"href":"https:\/\/www.radioclubedodao.pt\/site\/wp-json\/wp\/v2\/tags?post=3618"},{"taxonomy":"podcasting_podcasts","embeddable":true,"href":"https:\/\/www.radioclubedodao.pt\/site\/wp-json\/wp\/v2\/podcasting_podcasts?post=3618"}],"curies":[{"name":"wp","href":"https:\/\/api.w.org\/{rel}","templated":true}]}}