{"id":4143,"date":"2026-04-28T11:24:42","date_gmt":"2026-04-28T10:24:42","guid":{"rendered":"https:\/\/www.radioclubedodao.pt\/site\/?p=4143"},"modified":"2026-04-28T11:24:43","modified_gmt":"2026-04-28T10:24:43","slug":"%f0%9d%97%94%f0%9d%97%bd%f0%9d%97%bf%f0%9d%97%b2%f0%9d%98%80%f0%9d%97%b2%f0%9d%97%bb%f0%9d%98%81aca%f0%9d%97%bc-%f0%9d%97%b1%f0%9d%97%bc-%f0%9d%97%98%f0%9d%98%85%f0%9d%97%b2%f0%9d%97%bf%f0%9d%97%b0i","status":"publish","type":"post","link":"https:\/\/www.radioclubedodao.pt\/site\/2026\/04\/28\/%f0%9d%97%94%f0%9d%97%bd%f0%9d%97%bf%f0%9d%97%b2%f0%9d%98%80%f0%9d%97%b2%f0%9d%97%bb%f0%9d%98%81aca%f0%9d%97%bc-%f0%9d%97%b1%f0%9d%97%bc-%f0%9d%97%98%f0%9d%98%85%f0%9d%97%b2%f0%9d%97%bf%f0%9d%97%b0i\/","title":{"rendered":"\ud835\uddd4\ud835\uddfd\ud835\uddff\ud835\uddf2\ud835\ude00\ud835\uddf2\ud835\uddfb\ud835\ude01a\u00e7\u00e3\ud835\uddfc \ud835\uddf1\ud835\uddfc \ud835\uddd8\ud835\ude05\ud835\uddf2\ud835\uddff\ud835\uddf0\u00ed\ud835\uddf0\ud835\uddf6\ud835\uddfc \ud835\uddd8\ud835\ude02\ud835\uddff\ud835\uddfc\ud835\uddfd\ud835\uddf2\ud835\ude02 \ud835\uddf1\ud835\uddf2 \ud835\udde3\ud835\uddff\ud835\uddfc\ud835\ude01\ud835\uddf2\u00e7\u00e3\ud835\uddfc \ud835\uddd6\ud835\uddf6\ud835\ude03\ud835\uddf6\ud835\uddf9 \u2013 \ud835\udde3\ud835\udde7 \ud835\uddd8\ud835\udde8\ud835\udde0\ud835\udde2\ud835\uddd7\ud835\uddd8\ud835\uddeb \ud835\udfee\ud835\udfec\ud835\udfee\ud835\udff2"},"content":{"rendered":"\n<p>A Autoridade Nacional de Emerg\u00eancia e Prote\u00e7\u00e3o Civil (ANEPC), em parceria com a C\u00e2mara Municipal de Viseu, realiza esta quarta-feira, dia 29 de abril, pelas 12h00, no Sal\u00e3o Nobre da C\u00e2mara Municipal de Viseu, uma confer\u00eancia de imprensa de apresenta\u00e7\u00e3o do Exerc\u00edcio Europeu de Prote\u00e7\u00e3o Civil PT EUMODEX 2026.<\/p>\n\n\n\n<p>\u2139\ufe0f \ud835\udde6\ud835\uddfc\ud835\uddef\ud835\uddff\ud835\uddf2 \ud835\uddfc \ud835\uddd8\ud835\ude05\ud835\uddf2\ud835\uddff\ud835\uddf0\ud835\uddf6\u0301\ud835\uddf0\ud835\uddf6\ud835\uddfc:<\/p>\n\n\n\n<p>Portugal acolhe, entre 5 e 7 de maio de 2026, no concelho de Viseu, o exerc\u00edcio PT EUMODEX 2026, com a mobiliza\u00e7\u00e3o real de meios operacionais nacionais e internacionais.<\/p>\n\n\n\n<p>O exerc\u00edcio tem como base um cen\u00e1rio de inc\u00eandio rural de grande dimens\u00e3o, caracterizado pela r\u00e1pida propaga\u00e7\u00e3o e pelo impacto significativo em \u00e1reas florestais e aglomerados populacionais.<\/p>\n\n\n\n<p>\u00c9 organizado pela ANEPC, atrav\u00e9s do Comando Sub-regional de Emerg\u00eancia e Prote\u00e7\u00e3o Civil de Viseu D\u00e3o Laf\u00f5es, em articula\u00e7\u00e3o com o cons\u00f3rcio internacional EUMODEX, no \u00e2mbito do Mecanismo de Prote\u00e7\u00e3o Civil da Uni\u00e3o Europeia, contando com o apoio do Munic\u00edpio de Viseu.<\/p>\n\n\n\n<p>O exerc\u00edcio envolve a participa\u00e7\u00e3o de mais de 700 operacionais de v\u00e1rios Estados-Membros, nomeadamente Chipre, Ch\u00e9quia, Espanha, Fran\u00e7a, Pol\u00f3nia e Portugal.<\/p>\n\n\n\n<h1 class=\"wp-block-heading\">ANEPC #Prote\u00e7\u00e3oCivil #EUMODEXPT2026 #EUCivilProtection #EUSavesLives #Prepara\u00e7\u00e3oSalvaVidas #Portugal #Viseu #TodosSomosProte\u00e7\u00e3oCivil<\/h1>\n\n\n\n<p>Fonte e imagens: https:\/\/www.facebook.com\/share\/p\/18MxNgv7RB\/<\/p>\n\n\n\n<figure class=\"wp-block-image size-full\"><img loading=\"lazy\" decoding=\"async\" width=\"447\" height=\"447\" src=\"https:\/\/www.radioclubedodao.pt\/site\/wp-content\/uploads\/1000263189.jpg\" alt=\"\" class=\"wp-image-4144\" srcset=\"https:\/\/www.radioclubedodao.pt\/site\/wp-content\/uploads\/1000263189.jpg 447w, https:\/\/www.radioclubedodao.pt\/site\/wp-content\/uploads\/1000263189-300x300.jpg 300w\" sizes=\"auto, (max-width: 447px) 100vw, 447px\" \/><\/figure>\n","protected":false},"excerpt":{"rendered":"<p>A Autoridade Nacional de Emerg\u00eancia e Prote\u00e7\u00e3o Civil (ANEPC), em parceria com a C\u00e2mara Municipal de Viseu, realiza esta quarta-feira, dia 29 de abril, pelas 12h00, no Sal\u00e3o Nobre da C\u00e2mara Municipal de Viseu, uma&#8230;<\/p>\n","protected":false},"author":1,"featured_media":4145,"comment_status":"open","ping_status":"open","sticky":false,"template":"","format":"standard","meta":{"podcast_url":"","podcast_explicit":"no","podcast_captioned":false,"podcast_duration":"","podcast_filesize":0,"podcast_mime":"","enclosure":"","podcast_season_number":"","podcast_episode_number":"","podcast_episode_type":"none","podcast_transcript":"","sfsi_plus_gutenberg_text_before_share":"","sfsi_plus_gutenberg_show_text_before_share":"","sfsi_plus_gutenberg_icon_type":"","sfsi_plus_gutenberg_icon_alignemt":"","sfsi_plus_gutenburg_max_per_row":"","sapo_feed_post_nuts":"","footnotes":""},"categories":[1],"tags":[],"podcasting_podcasts":[],"class_list":["post-4143","post","type-post","status-publish","format-standard","has-post-thumbnail","hentry","category-uncategorized"],"yoast_head":"<!-- This site is optimized with the Yoast SEO plugin v24.1 - https:\/\/yoast.com\/wordpress\/plugins\/seo\/ -->\n<title>\ud835\uddd4\ud835\uddfd\ud835\uddff\ud835\uddf2\ud835\ude00\ud835\uddf2\ud835\uddfb\ud835\ude01a\u00e7\u00e3\ud835\uddfc \ud835\uddf1\ud835\uddfc \ud835\uddd8\ud835\ude05\ud835\uddf2\ud835\uddff\ud835\uddf0\u00ed\ud835\uddf0\ud835\uddf6\ud835\uddfc \ud835\uddd8\ud835\ude02\ud835\uddff\ud835\uddfc\ud835\uddfd\ud835\uddf2\ud835\ude02 \ud835\uddf1\ud835\uddf2 \ud835\udde3\ud835\uddff\ud835\uddfc\ud835\ude01\ud835\uddf2\u00e7\u00e3\ud835\uddfc \ud835\uddd6\ud835\uddf6\ud835\ude03\ud835\uddf6\ud835\uddf9 \u2013 \ud835\udde3\ud835\udde7 \ud835\uddd8\ud835\udde8\ud835\udde0\ud835\udde2\ud835\uddd7\ud835\uddd8\ud835\uddeb \ud835\udfee\ud835\udfec\ud835\udfee\ud835\udff2 - R\u00e1dio Clube do D\u00e3o<\/title>\n<meta name=\"robots\" content=\"index, follow, max-snippet:-1, max-image-preview:large, max-video-preview:-1\" \/>\n<link rel=\"canonical\" href=\"https:\/\/www.radioclubedodao.pt\/site\/2026\/04\/28\/\ud835\uddd4\ud835\uddfd\ud835\uddff\ud835\uddf2\ud835\ude00\ud835\uddf2\ud835\uddfb\ud835\ude01aca\ud835\uddfc-\ud835\uddf1\ud835\uddfc-\ud835\uddd8\ud835\ude05\ud835\uddf2\ud835\uddff\ud835\uddf0i\/\" \/>\n<meta property=\"og:locale\" content=\"pt_PT\" \/>\n<meta property=\"og:type\" content=\"article\" \/>\n<meta property=\"og:title\" content=\"\ud835\uddd4\ud835\uddfd\ud835\uddff\ud835\uddf2\ud835\ude00\ud835\uddf2\ud835\uddfb\ud835\ude01a\u00e7\u00e3\ud835\uddfc \ud835\uddf1\ud835\uddfc \ud835\uddd8\ud835\ude05\ud835\uddf2\ud835\uddff\ud835\uddf0\u00ed\ud835\uddf0\ud835\uddf6\ud835\uddfc \ud835\uddd8\ud835\ude02\ud835\uddff\ud835\uddfc\ud835\uddfd\ud835\uddf2\ud835\ude02 \ud835\uddf1\ud835\uddf2 \ud835\udde3\ud835\uddff\ud835\uddfc\ud835\ude01\ud835\uddf2\u00e7\u00e3\ud835\uddfc \ud835\uddd6\ud835\uddf6\ud835\ude03\ud835\uddf6\ud835\uddf9 \u2013 \ud835\udde3\ud835\udde7 \ud835\uddd8\ud835\udde8\ud835\udde0\ud835\udde2\ud835\uddd7\ud835\uddd8\ud835\uddeb \ud835\udfee\ud835\udfec\ud835\udfee\ud835\udff2 - R\u00e1dio Clube do D\u00e3o\" \/>\n<meta property=\"og:description\" content=\"A Autoridade Nacional de Emerg\u00eancia e Prote\u00e7\u00e3o Civil (ANEPC), em parceria com a C\u00e2mara Municipal de Viseu, realiza esta quarta-feira, dia 29 de abril, pelas 12h00, no Sal\u00e3o Nobre da C\u00e2mara Municipal de Viseu, uma...\" \/>\n<meta property=\"og:url\" content=\"https:\/\/www.radioclubedodao.pt\/site\/2026\/04\/28\/\ud835\uddd4\ud835\uddfd\ud835\uddff\ud835\uddf2\ud835\ude00\ud835\uddf2\ud835\uddfb\ud835\ude01aca\ud835\uddfc-\ud835\uddf1\ud835\uddfc-\ud835\uddd8\ud835\ude05\ud835\uddf2\ud835\uddff\ud835\uddf0i\/\" \/>\n<meta property=\"og:site_name\" content=\"R\u00e1dio Clube do D\u00e3o\" \/>\n<meta property=\"article:publisher\" content=\"https:\/\/www.facebook.com\/radioclubedodao\/\" \/>\n<meta property=\"article:published_time\" content=\"2026-04-28T10:24:42+00:00\" \/>\n<meta property=\"article:modified_time\" content=\"2026-04-28T10:24:43+00:00\" \/>\n<meta property=\"og:image\" content=\"https:\/\/www.radioclubedodao.pt\/site\/wp-content\/uploads\/AN-Protecao-civil-780x470-1.jpg\" \/>\n\t<meta property=\"og:image:width\" content=\"780\" \/>\n\t<meta property=\"og:image:height\" content=\"470\" \/>\n\t<meta property=\"og:image:type\" content=\"image\/jpeg\" \/>\n<meta name=\"author\" content=\"admin\" \/>\n<meta name=\"twitter:card\" content=\"summary_large_image\" \/>\n<meta name=\"twitter:creator\" content=\"@ClubeDao\" \/>\n<meta name=\"twitter:site\" content=\"@ClubeDao\" \/>\n<meta name=\"twitter:label1\" content=\"Escrito por\" \/>\n\t<meta name=\"twitter:data1\" content=\"admin\" \/>\n\t<meta name=\"twitter:label2\" content=\"Tempo estimado de leitura\" \/>\n\t<meta name=\"twitter:data2\" content=\"1 minuto\" \/>\n<script type=\"application\/ld+json\" class=\"yoast-schema-graph\">{\"@context\":\"https:\/\/schema.org\",\"@graph\":[{\"@type\":\"Article\",\"@id\":\"https:\/\/www.radioclubedodao.pt\/site\/2026\/04\/28\/%f0%9d%97%94%f0%9d%97%bd%f0%9d%97%bf%f0%9d%97%b2%f0%9d%98%80%f0%9d%97%b2%f0%9d%97%bb%f0%9d%98%81aca%f0%9d%97%bc-%f0%9d%97%b1%f0%9d%97%bc-%f0%9d%97%98%f0%9d%98%85%f0%9d%97%b2%f0%9d%97%bf%f0%9d%97%b0i\/#article\",\"isPartOf\":{\"@id\":\"https:\/\/www.radioclubedodao.pt\/site\/2026\/04\/28\/%f0%9d%97%94%f0%9d%97%bd%f0%9d%97%bf%f0%9d%97%b2%f0%9d%98%80%f0%9d%97%b2%f0%9d%97%bb%f0%9d%98%81aca%f0%9d%97%bc-%f0%9d%97%b1%f0%9d%97%bc-%f0%9d%97%98%f0%9d%98%85%f0%9d%97%b2%f0%9d%97%bf%f0%9d%97%b0i\/\"},\"author\":{\"name\":\"admin\",\"@id\":\"https:\/\/www.radioclubedodao.pt\/site\/#\/schema\/person\/cd7a28554f264c1876d790fedfddf499\"},\"headline\":\"\ud835\uddd4\ud835\uddfd\ud835\uddff\ud835\uddf2\ud835\ude00\ud835\uddf2\ud835\uddfb\ud835\ude01a\u00e7\u00e3\ud835\uddfc \ud835\uddf1\ud835\uddfc \ud835\uddd8\ud835\ude05\ud835\uddf2\ud835\uddff\ud835\uddf0\u00ed\ud835\uddf0\ud835\uddf6\ud835\uddfc \ud835\uddd8\ud835\ude02\ud835\uddff\ud835\uddfc\ud835\uddfd\ud835\uddf2\ud835\ude02 \ud835\uddf1\ud835\uddf2 \ud835\udde3\ud835\uddff\ud835\uddfc\ud835\ude01\ud835\uddf2\u00e7\u00e3\ud835\uddfc \ud835\uddd6\ud835\uddf6\ud835\ude03\ud835\uddf6\ud835\uddf9 \u2013 \ud835\udde3\ud835\udde7 \ud835\uddd8\ud835\udde8\ud835\udde0\ud835\udde2\ud835\uddd7\ud835\uddd8\ud835\uddeb \ud835\udfee\ud835\udfec\ud835\udfee\ud835\udff2\",\"datePublished\":\"2026-04-28T10:24:42+00:00\",\"dateModified\":\"2026-04-28T10:24:43+00:00\",\"mainEntityOfPage\":{\"@id\":\"https:\/\/www.radioclubedodao.pt\/site\/2026\/04\/28\/%f0%9d%97%94%f0%9d%97%bd%f0%9d%97%bf%f0%9d%97%b2%f0%9d%98%80%f0%9d%97%b2%f0%9d%97%bb%f0%9d%98%81aca%f0%9d%97%bc-%f0%9d%97%b1%f0%9d%97%bc-%f0%9d%97%98%f0%9d%98%85%f0%9d%97%b2%f0%9d%97%bf%f0%9d%97%b0i\/\"},\"wordCount\":217,\"commentCount\":0,\"publisher\":{\"@id\":\"https:\/\/www.radioclubedodao.pt\/site\/#organization\"},\"image\":{\"@id\":\"https:\/\/www.radioclubedodao.pt\/site\/2026\/04\/28\/%f0%9d%97%94%f0%9d%97%bd%f0%9d%97%bf%f0%9d%97%b2%f0%9d%98%80%f0%9d%97%b2%f0%9d%97%bb%f0%9d%98%81aca%f0%9d%97%bc-%f0%9d%97%b1%f0%9d%97%bc-%f0%9d%97%98%f0%9d%98%85%f0%9d%97%b2%f0%9d%97%bf%f0%9d%97%b0i\/#primaryimage\"},\"thumbnailUrl\":\"https:\/\/www.radioclubedodao.pt\/site\/wp-content\/uploads\/AN-Protecao-civil-780x470-1.jpg\",\"articleSection\":[\"Uncategorized\"],\"inLanguage\":\"pt-PT\",\"potentialAction\":[{\"@type\":\"CommentAction\",\"name\":\"Comment\",\"target\":[\"https:\/\/www.radioclubedodao.pt\/site\/2026\/04\/28\/%f0%9d%97%94%f0%9d%97%bd%f0%9d%97%bf%f0%9d%97%b2%f0%9d%98%80%f0%9d%97%b2%f0%9d%97%bb%f0%9d%98%81aca%f0%9d%97%bc-%f0%9d%97%b1%f0%9d%97%bc-%f0%9d%97%98%f0%9d%98%85%f0%9d%97%b2%f0%9d%97%bf%f0%9d%97%b0i\/#respond\"]}]},{\"@type\":\"WebPage\",\"@id\":\"https:\/\/www.radioclubedodao.pt\/site\/2026\/04\/28\/%f0%9d%97%94%f0%9d%97%bd%f0%9d%97%bf%f0%9d%97%b2%f0%9d%98%80%f0%9d%97%b2%f0%9d%97%bb%f0%9d%98%81aca%f0%9d%97%bc-%f0%9d%97%b1%f0%9d%97%bc-%f0%9d%97%98%f0%9d%98%85%f0%9d%97%b2%f0%9d%97%bf%f0%9d%97%b0i\/\",\"url\":\"https:\/\/www.radioclubedodao.pt\/site\/2026\/04\/28\/%f0%9d%97%94%f0%9d%97%bd%f0%9d%97%bf%f0%9d%97%b2%f0%9d%98%80%f0%9d%97%b2%f0%9d%97%bb%f0%9d%98%81aca%f0%9d%97%bc-%f0%9d%97%b1%f0%9d%97%bc-%f0%9d%97%98%f0%9d%98%85%f0%9d%97%b2%f0%9d%97%bf%f0%9d%97%b0i\/\",\"name\":\"\ud835\uddd4\ud835\uddfd\ud835\uddff\ud835\uddf2\ud835\ude00\ud835\uddf2\ud835\uddfb\ud835\ude01a\u00e7\u00e3\ud835\uddfc \ud835\uddf1\ud835\uddfc \ud835\uddd8\ud835\ude05\ud835\uddf2\ud835\uddff\ud835\uddf0\u00ed\ud835\uddf0\ud835\uddf6\ud835\uddfc \ud835\uddd8\ud835\ude02\ud835\uddff\ud835\uddfc\ud835\uddfd\ud835\uddf2\ud835\ude02 \ud835\uddf1\ud835\uddf2 \ud835\udde3\ud835\uddff\ud835\uddfc\ud835\ude01\ud835\uddf2\u00e7\u00e3\ud835\uddfc \ud835\uddd6\ud835\uddf6\ud835\ude03\ud835\uddf6\ud835\uddf9 \u2013 \ud835\udde3\ud835\udde7 \ud835\uddd8\ud835\udde8\ud835\udde0\ud835\udde2\ud835\uddd7\ud835\uddd8\ud835\uddeb \ud835\udfee\ud835\udfec\ud835\udfee\ud835\udff2 - R\u00e1dio Clube do D\u00e3o\",\"isPartOf\":{\"@id\":\"https:\/\/www.radioclubedodao.pt\/site\/#website\"},\"primaryImageOfPage\":{\"@id\":\"https:\/\/www.radioclubedodao.pt\/site\/2026\/04\/28\/%f0%9d%97%94%f0%9d%97%bd%f0%9d%97%bf%f0%9d%97%b2%f0%9d%98%80%f0%9d%97%b2%f0%9d%97%bb%f0%9d%98%81aca%f0%9d%97%bc-%f0%9d%97%b1%f0%9d%97%bc-%f0%9d%97%98%f0%9d%98%85%f0%9d%97%b2%f0%9d%97%bf%f0%9d%97%b0i\/#primaryimage\"},\"image\":{\"@id\":\"https:\/\/www.radioclubedodao.pt\/site\/2026\/04\/28\/%f0%9d%97%94%f0%9d%97%bd%f0%9d%97%bf%f0%9d%97%b2%f0%9d%98%80%f0%9d%97%b2%f0%9d%97%bb%f0%9d%98%81aca%f0%9d%97%bc-%f0%9d%97%b1%f0%9d%97%bc-%f0%9d%97%98%f0%9d%98%85%f0%9d%97%b2%f0%9d%97%bf%f0%9d%97%b0i\/#primaryimage\"},\"thumbnailUrl\":\"https:\/\/www.radioclubedodao.pt\/site\/wp-content\/uploads\/AN-Protecao-civil-780x470-1.jpg\",\"datePublished\":\"2026-04-28T10:24:42+00:00\",\"dateModified\":\"2026-04-28T10:24:43+00:00\",\"breadcrumb\":{\"@id\":\"https:\/\/www.radioclubedodao.pt\/site\/2026\/04\/28\/%f0%9d%97%94%f0%9d%97%bd%f0%9d%97%bf%f0%9d%97%b2%f0%9d%98%80%f0%9d%97%b2%f0%9d%97%bb%f0%9d%98%81aca%f0%9d%97%bc-%f0%9d%97%b1%f0%9d%97%bc-%f0%9d%97%98%f0%9d%98%85%f0%9d%97%b2%f0%9d%97%bf%f0%9d%97%b0i\/#breadcrumb\"},\"inLanguage\":\"pt-PT\",\"potentialAction\":[{\"@type\":\"ReadAction\",\"target\":[\"https:\/\/www.radioclubedodao.pt\/site\/2026\/04\/28\/%f0%9d%97%94%f0%9d%97%bd%f0%9d%97%bf%f0%9d%97%b2%f0%9d%98%80%f0%9d%97%b2%f0%9d%97%bb%f0%9d%98%81aca%f0%9d%97%bc-%f0%9d%97%b1%f0%9d%97%bc-%f0%9d%97%98%f0%9d%98%85%f0%9d%97%b2%f0%9d%97%bf%f0%9d%97%b0i\/\"]}]},{\"@type\":\"ImageObject\",\"inLanguage\":\"pt-PT\",\"@id\":\"https:\/\/www.radioclubedodao.pt\/site\/2026\/04\/28\/%f0%9d%97%94%f0%9d%97%bd%f0%9d%97%bf%f0%9d%97%b2%f0%9d%98%80%f0%9d%97%b2%f0%9d%97%bb%f0%9d%98%81aca%f0%9d%97%bc-%f0%9d%97%b1%f0%9d%97%bc-%f0%9d%97%98%f0%9d%98%85%f0%9d%97%b2%f0%9d%97%bf%f0%9d%97%b0i\/#primaryimage\",\"url\":\"https:\/\/www.radioclubedodao.pt\/site\/wp-content\/uploads\/AN-Protecao-civil-780x470-1.jpg\",\"contentUrl\":\"https:\/\/www.radioclubedodao.pt\/site\/wp-content\/uploads\/AN-Protecao-civil-780x470-1.jpg\",\"width\":780,\"height\":470},{\"@type\":\"BreadcrumbList\",\"@id\":\"https:\/\/www.radioclubedodao.pt\/site\/2026\/04\/28\/%f0%9d%97%94%f0%9d%97%bd%f0%9d%97%bf%f0%9d%97%b2%f0%9d%98%80%f0%9d%97%b2%f0%9d%97%bb%f0%9d%98%81aca%f0%9d%97%bc-%f0%9d%97%b1%f0%9d%97%bc-%f0%9d%97%98%f0%9d%98%85%f0%9d%97%b2%f0%9d%97%bf%f0%9d%97%b0i\/#breadcrumb\",\"itemListElement\":[{\"@type\":\"ListItem\",\"position\":1,\"name\":\"In\u00edcio\",\"item\":\"https:\/\/www.radioclubedodao.pt\/site\/\"},{\"@type\":\"ListItem\",\"position\":2,\"name\":\"\ud835\uddd4\ud835\uddfd\ud835\uddff\ud835\uddf2\ud835\ude00\ud835\uddf2\ud835\uddfb\ud835\ude01a\u00e7\u00e3\ud835\uddfc \ud835\uddf1\ud835\uddfc \ud835\uddd8\ud835\ude05\ud835\uddf2\ud835\uddff\ud835\uddf0\u00ed\ud835\uddf0\ud835\uddf6\ud835\uddfc \ud835\uddd8\ud835\ude02\ud835\uddff\ud835\uddfc\ud835\uddfd\ud835\uddf2\ud835\ude02 \ud835\uddf1\ud835\uddf2 \ud835\udde3\ud835\uddff\ud835\uddfc\ud835\ude01\ud835\uddf2\u00e7\u00e3\ud835\uddfc \ud835\uddd6\ud835\uddf6\ud835\ude03\ud835\uddf6\ud835\uddf9 \u2013 \ud835\udde3\ud835\udde7 \ud835\uddd8\ud835\udde8\ud835\udde0\ud835\udde2\ud835\uddd7\ud835\uddd8\ud835\uddeb \ud835\udfee\ud835\udfec\ud835\udfee\ud835\udff2\"}]},{\"@type\":\"WebSite\",\"@id\":\"https:\/\/www.radioclubedodao.pt\/site\/#website\",\"url\":\"https:\/\/www.radioclubedodao.pt\/site\/\",\"name\":\"R\u00e1dio Clube do D\u00e3o\",\"description\":\"webr\u00e1dio\",\"publisher\":{\"@id\":\"https:\/\/www.radioclubedodao.pt\/site\/#organization\"},\"potentialAction\":[{\"@type\":\"SearchAction\",\"target\":{\"@type\":\"EntryPoint\",\"urlTemplate\":\"https:\/\/www.radioclubedodao.pt\/site\/?s={search_term_string}\"},\"query-input\":{\"@type\":\"PropertyValueSpecification\",\"valueRequired\":true,\"valueName\":\"search_term_string\"}}],\"inLanguage\":\"pt-PT\"},{\"@type\":\"Organization\",\"@id\":\"https:\/\/www.radioclubedodao.pt\/site\/#organization\",\"name\":\"R\u00e1dio Clube do D\u00e3o\",\"url\":\"https:\/\/www.radioclubedodao.pt\/site\/\",\"logo\":{\"@type\":\"ImageObject\",\"inLanguage\":\"pt-PT\",\"@id\":\"https:\/\/www.radioclubedodao.pt\/site\/#\/schema\/logo\/image\/\",\"url\":\"https:\/\/www.radioclubedodao.pt\/site\/wp-content\/uploads\/2018\/09\/10959501_1528800417385471_8159620885825168864_n.png\",\"contentUrl\":\"https:\/\/www.radioclubedodao.pt\/site\/wp-content\/uploads\/2018\/09\/10959501_1528800417385471_8159620885825168864_n.png\",\"width\":960,\"height\":678,\"caption\":\"R\u00e1dio Clube do D\u00e3o\"},\"image\":{\"@id\":\"https:\/\/www.radioclubedodao.pt\/site\/#\/schema\/logo\/image\/\"},\"sameAs\":[\"https:\/\/www.facebook.com\/radioclubedodao\/\",\"https:\/\/x.com\/ClubeDao\",\"https:\/\/www.instagram.com\/rcdao\/?hl=pt\"]},{\"@type\":\"Person\",\"@id\":\"https:\/\/www.radioclubedodao.pt\/site\/#\/schema\/person\/cd7a28554f264c1876d790fedfddf499\",\"name\":\"admin\",\"image\":{\"@type\":\"ImageObject\",\"inLanguage\":\"pt-PT\",\"@id\":\"https:\/\/www.radioclubedodao.pt\/site\/#\/schema\/person\/image\/\",\"url\":\"https:\/\/secure.gravatar.com\/avatar\/34c95391003e4d74dd8a7ac6916f4230?s=96&d=mm&r=g\",\"contentUrl\":\"https:\/\/secure.gravatar.com\/avatar\/34c95391003e4d74dd8a7ac6916f4230?s=96&d=mm&r=g\",\"caption\":\"admin\"}}]}<\/script>\n<!-- \/ Yoast SEO plugin. -->","yoast_head_json":{"title":"\ud835\uddd4\ud835\uddfd\ud835\uddff\ud835\uddf2\ud835\ude00\ud835\uddf2\ud835\uddfb\ud835\ude01a\u00e7\u00e3\ud835\uddfc \ud835\uddf1\ud835\uddfc \ud835\uddd8\ud835\ude05\ud835\uddf2\ud835\uddff\ud835\uddf0\u00ed\ud835\uddf0\ud835\uddf6\ud835\uddfc \ud835\uddd8\ud835\ude02\ud835\uddff\ud835\uddfc\ud835\uddfd\ud835\uddf2\ud835\ude02 \ud835\uddf1\ud835\uddf2 \ud835\udde3\ud835\uddff\ud835\uddfc\ud835\ude01\ud835\uddf2\u00e7\u00e3\ud835\uddfc \ud835\uddd6\ud835\uddf6\ud835\ude03\ud835\uddf6\ud835\uddf9 \u2013 \ud835\udde3\ud835\udde7 \ud835\uddd8\ud835\udde8\ud835\udde0\ud835\udde2\ud835\uddd7\ud835\uddd8\ud835\uddeb \ud835\udfee\ud835\udfec\ud835\udfee\ud835\udff2 - R\u00e1dio Clube do D\u00e3o","robots":{"index":"index","follow":"follow","max-snippet":"max-snippet:-1","max-image-preview":"max-image-preview:large","max-video-preview":"max-video-preview:-1"},"canonical":"https:\/\/www.radioclubedodao.pt\/site\/2026\/04\/28\/\ud835\uddd4\ud835\uddfd\ud835\uddff\ud835\uddf2\ud835\ude00\ud835\uddf2\ud835\uddfb\ud835\ude01aca\ud835\uddfc-\ud835\uddf1\ud835\uddfc-\ud835\uddd8\ud835\ude05\ud835\uddf2\ud835\uddff\ud835\uddf0i\/","og_locale":"pt_PT","og_type":"article","og_title":"\ud835\uddd4\ud835\uddfd\ud835\uddff\ud835\uddf2\ud835\ude00\ud835\uddf2\ud835\uddfb\ud835\ude01a\u00e7\u00e3\ud835\uddfc \ud835\uddf1\ud835\uddfc \ud835\uddd8\ud835\ude05\ud835\uddf2\ud835\uddff\ud835\uddf0\u00ed\ud835\uddf0\ud835\uddf6\ud835\uddfc \ud835\uddd8\ud835\ude02\ud835\uddff\ud835\uddfc\ud835\uddfd\ud835\uddf2\ud835\ude02 \ud835\uddf1\ud835\uddf2 \ud835\udde3\ud835\uddff\ud835\uddfc\ud835\ude01\ud835\uddf2\u00e7\u00e3\ud835\uddfc \ud835\uddd6\ud835\uddf6\ud835\ude03\ud835\uddf6\ud835\uddf9 \u2013 \ud835\udde3\ud835\udde7 \ud835\uddd8\ud835\udde8\ud835\udde0\ud835\udde2\ud835\uddd7\ud835\uddd8\ud835\uddeb \ud835\udfee\ud835\udfec\ud835\udfee\ud835\udff2 - R\u00e1dio Clube do D\u00e3o","og_description":"A Autoridade Nacional de Emerg\u00eancia e Prote\u00e7\u00e3o Civil (ANEPC), em parceria com a C\u00e2mara Municipal de Viseu, realiza esta quarta-feira, dia 29 de abril, pelas 12h00, no Sal\u00e3o Nobre da C\u00e2mara Municipal de Viseu, uma...","og_url":"https:\/\/www.radioclubedodao.pt\/site\/2026\/04\/28\/\ud835\uddd4\ud835\uddfd\ud835\uddff\ud835\uddf2\ud835\ude00\ud835\uddf2\ud835\uddfb\ud835\ude01aca\ud835\uddfc-\ud835\uddf1\ud835\uddfc-\ud835\uddd8\ud835\ude05\ud835\uddf2\ud835\uddff\ud835\uddf0i\/","og_site_name":"R\u00e1dio Clube do D\u00e3o","article_publisher":"https:\/\/www.facebook.com\/radioclubedodao\/","article_published_time":"2026-04-28T10:24:42+00:00","article_modified_time":"2026-04-28T10:24:43+00:00","og_image":[{"width":780,"height":470,"url":"https:\/\/www.radioclubedodao.pt\/site\/wp-content\/uploads\/AN-Protecao-civil-780x470-1.jpg","type":"image\/jpeg"}],"author":"admin","twitter_card":"summary_large_image","twitter_creator":"@ClubeDao","twitter_site":"@ClubeDao","twitter_misc":{"Escrito por":"admin","Tempo estimado de leitura":"1 minuto"},"schema":{"@context":"https:\/\/schema.org","@graph":[{"@type":"Article","@id":"https:\/\/www.radioclubedodao.pt\/site\/2026\/04\/28\/%f0%9d%97%94%f0%9d%97%bd%f0%9d%97%bf%f0%9d%97%b2%f0%9d%98%80%f0%9d%97%b2%f0%9d%97%bb%f0%9d%98%81aca%f0%9d%97%bc-%f0%9d%97%b1%f0%9d%97%bc-%f0%9d%97%98%f0%9d%98%85%f0%9d%97%b2%f0%9d%97%bf%f0%9d%97%b0i\/#article","isPartOf":{"@id":"https:\/\/www.radioclubedodao.pt\/site\/2026\/04\/28\/%f0%9d%97%94%f0%9d%97%bd%f0%9d%97%bf%f0%9d%97%b2%f0%9d%98%80%f0%9d%97%b2%f0%9d%97%bb%f0%9d%98%81aca%f0%9d%97%bc-%f0%9d%97%b1%f0%9d%97%bc-%f0%9d%97%98%f0%9d%98%85%f0%9d%97%b2%f0%9d%97%bf%f0%9d%97%b0i\/"},"author":{"name":"admin","@id":"https:\/\/www.radioclubedodao.pt\/site\/#\/schema\/person\/cd7a28554f264c1876d790fedfddf499"},"headline":"\ud835\uddd4\ud835\uddfd\ud835\uddff\ud835\uddf2\ud835\ude00\ud835\uddf2\ud835\uddfb\ud835\ude01a\u00e7\u00e3\ud835\uddfc \ud835\uddf1\ud835\uddfc \ud835\uddd8\ud835\ude05\ud835\uddf2\ud835\uddff\ud835\uddf0\u00ed\ud835\uddf0\ud835\uddf6\ud835\uddfc \ud835\uddd8\ud835\ude02\ud835\uddff\ud835\uddfc\ud835\uddfd\ud835\uddf2\ud835\ude02 \ud835\uddf1\ud835\uddf2 \ud835\udde3\ud835\uddff\ud835\uddfc\ud835\ude01\ud835\uddf2\u00e7\u00e3\ud835\uddfc \ud835\uddd6\ud835\uddf6\ud835\ude03\ud835\uddf6\ud835\uddf9 \u2013 \ud835\udde3\ud835\udde7 \ud835\uddd8\ud835\udde8\ud835\udde0\ud835\udde2\ud835\uddd7\ud835\uddd8\ud835\uddeb \ud835\udfee\ud835\udfec\ud835\udfee\ud835\udff2","datePublished":"2026-04-28T10:24:42+00:00","dateModified":"2026-04-28T10:24:43+00:00","mainEntityOfPage":{"@id":"https:\/\/www.radioclubedodao.pt\/site\/2026\/04\/28\/%f0%9d%97%94%f0%9d%97%bd%f0%9d%97%bf%f0%9d%97%b2%f0%9d%98%80%f0%9d%97%b2%f0%9d%97%bb%f0%9d%98%81aca%f0%9d%97%bc-%f0%9d%97%b1%f0%9d%97%bc-%f0%9d%97%98%f0%9d%98%85%f0%9d%97%b2%f0%9d%97%bf%f0%9d%97%b0i\/"},"wordCount":217,"commentCount":0,"publisher":{"@id":"https:\/\/www.radioclubedodao.pt\/site\/#organization"},"image":{"@id":"https:\/\/www.radioclubedodao.pt\/site\/2026\/04\/28\/%f0%9d%97%94%f0%9d%97%bd%f0%9d%97%bf%f0%9d%97%b2%f0%9d%98%80%f0%9d%97%b2%f0%9d%97%bb%f0%9d%98%81aca%f0%9d%97%bc-%f0%9d%97%b1%f0%9d%97%bc-%f0%9d%97%98%f0%9d%98%85%f0%9d%97%b2%f0%9d%97%bf%f0%9d%97%b0i\/#primaryimage"},"thumbnailUrl":"https:\/\/www.radioclubedodao.pt\/site\/wp-content\/uploads\/AN-Protecao-civil-780x470-1.jpg","articleSection":["Uncategorized"],"inLanguage":"pt-PT","potentialAction":[{"@type":"CommentAction","name":"Comment","target":["https:\/\/www.radioclubedodao.pt\/site\/2026\/04\/28\/%f0%9d%97%94%f0%9d%97%bd%f0%9d%97%bf%f0%9d%97%b2%f0%9d%98%80%f0%9d%97%b2%f0%9d%97%bb%f0%9d%98%81aca%f0%9d%97%bc-%f0%9d%97%b1%f0%9d%97%bc-%f0%9d%97%98%f0%9d%98%85%f0%9d%97%b2%f0%9d%97%bf%f0%9d%97%b0i\/#respond"]}]},{"@type":"WebPage","@id":"https:\/\/www.radioclubedodao.pt\/site\/2026\/04\/28\/%f0%9d%97%94%f0%9d%97%bd%f0%9d%97%bf%f0%9d%97%b2%f0%9d%98%80%f0%9d%97%b2%f0%9d%97%bb%f0%9d%98%81aca%f0%9d%97%bc-%f0%9d%97%b1%f0%9d%97%bc-%f0%9d%97%98%f0%9d%98%85%f0%9d%97%b2%f0%9d%97%bf%f0%9d%97%b0i\/","url":"https:\/\/www.radioclubedodao.pt\/site\/2026\/04\/28\/%f0%9d%97%94%f0%9d%97%bd%f0%9d%97%bf%f0%9d%97%b2%f0%9d%98%80%f0%9d%97%b2%f0%9d%97%bb%f0%9d%98%81aca%f0%9d%97%bc-%f0%9d%97%b1%f0%9d%97%bc-%f0%9d%97%98%f0%9d%98%85%f0%9d%97%b2%f0%9d%97%bf%f0%9d%97%b0i\/","name":"\ud835\uddd4\ud835\uddfd\ud835\uddff\ud835\uddf2\ud835\ude00\ud835\uddf2\ud835\uddfb\ud835\ude01a\u00e7\u00e3\ud835\uddfc \ud835\uddf1\ud835\uddfc \ud835\uddd8\ud835\ude05\ud835\uddf2\ud835\uddff\ud835\uddf0\u00ed\ud835\uddf0\ud835\uddf6\ud835\uddfc \ud835\uddd8\ud835\ude02\ud835\uddff\ud835\uddfc\ud835\uddfd\ud835\uddf2\ud835\ude02 \ud835\uddf1\ud835\uddf2 \ud835\udde3\ud835\uddff\ud835\uddfc\ud835\ude01\ud835\uddf2\u00e7\u00e3\ud835\uddfc \ud835\uddd6\ud835\uddf6\ud835\ude03\ud835\uddf6\ud835\uddf9 \u2013 \ud835\udde3\ud835\udde7 \ud835\uddd8\ud835\udde8\ud835\udde0\ud835\udde2\ud835\uddd7\ud835\uddd8\ud835\uddeb \ud835\udfee\ud835\udfec\ud835\udfee\ud835\udff2 - R\u00e1dio Clube do D\u00e3o","isPartOf":{"@id":"https:\/\/www.radioclubedodao.pt\/site\/#website"},"primaryImageOfPage":{"@id":"https:\/\/www.radioclubedodao.pt\/site\/2026\/04\/28\/%f0%9d%97%94%f0%9d%97%bd%f0%9d%97%bf%f0%9d%97%b2%f0%9d%98%80%f0%9d%97%b2%f0%9d%97%bb%f0%9d%98%81aca%f0%9d%97%bc-%f0%9d%97%b1%f0%9d%97%bc-%f0%9d%97%98%f0%9d%98%85%f0%9d%97%b2%f0%9d%97%bf%f0%9d%97%b0i\/#primaryimage"},"image":{"@id":"https:\/\/www.radioclubedodao.pt\/site\/2026\/04\/28\/%f0%9d%97%94%f0%9d%97%bd%f0%9d%97%bf%f0%9d%97%b2%f0%9d%98%80%f0%9d%97%b2%f0%9d%97%bb%f0%9d%98%81aca%f0%9d%97%bc-%f0%9d%97%b1%f0%9d%97%bc-%f0%9d%97%98%f0%9d%98%85%f0%9d%97%b2%f0%9d%97%bf%f0%9d%97%b0i\/#primaryimage"},"thumbnailUrl":"https:\/\/www.radioclubedodao.pt\/site\/wp-content\/uploads\/AN-Protecao-civil-780x470-1.jpg","datePublished":"2026-04-28T10:24:42+00:00","dateModified":"2026-04-28T10:24:43+00:00","breadcrumb":{"@id":"https:\/\/www.radioclubedodao.pt\/site\/2026\/04\/28\/%f0%9d%97%94%f0%9d%97%bd%f0%9d%97%bf%f0%9d%97%b2%f0%9d%98%80%f0%9d%97%b2%f0%9d%97%bb%f0%9d%98%81aca%f0%9d%97%bc-%f0%9d%97%b1%f0%9d%97%bc-%f0%9d%97%98%f0%9d%98%85%f0%9d%97%b2%f0%9d%97%bf%f0%9d%97%b0i\/#breadcrumb"},"inLanguage":"pt-PT","potentialAction":[{"@type":"ReadAction","target":["https:\/\/www.radioclubedodao.pt\/site\/2026\/04\/28\/%f0%9d%97%94%f0%9d%97%bd%f0%9d%97%bf%f0%9d%97%b2%f0%9d%98%80%f0%9d%97%b2%f0%9d%97%bb%f0%9d%98%81aca%f0%9d%97%bc-%f0%9d%97%b1%f0%9d%97%bc-%f0%9d%97%98%f0%9d%98%85%f0%9d%97%b2%f0%9d%97%bf%f0%9d%97%b0i\/"]}]},{"@type":"ImageObject","inLanguage":"pt-PT","@id":"https:\/\/www.radioclubedodao.pt\/site\/2026\/04\/28\/%f0%9d%97%94%f0%9d%97%bd%f0%9d%97%bf%f0%9d%97%b2%f0%9d%98%80%f0%9d%97%b2%f0%9d%97%bb%f0%9d%98%81aca%f0%9d%97%bc-%f0%9d%97%b1%f0%9d%97%bc-%f0%9d%97%98%f0%9d%98%85%f0%9d%97%b2%f0%9d%97%bf%f0%9d%97%b0i\/#primaryimage","url":"https:\/\/www.radioclubedodao.pt\/site\/wp-content\/uploads\/AN-Protecao-civil-780x470-1.jpg","contentUrl":"https:\/\/www.radioclubedodao.pt\/site\/wp-content\/uploads\/AN-Protecao-civil-780x470-1.jpg","width":780,"height":470},{"@type":"BreadcrumbList","@id":"https:\/\/www.radioclubedodao.pt\/site\/2026\/04\/28\/%f0%9d%97%94%f0%9d%97%bd%f0%9d%97%bf%f0%9d%97%b2%f0%9d%98%80%f0%9d%97%b2%f0%9d%97%bb%f0%9d%98%81aca%f0%9d%97%bc-%f0%9d%97%b1%f0%9d%97%bc-%f0%9d%97%98%f0%9d%98%85%f0%9d%97%b2%f0%9d%97%bf%f0%9d%97%b0i\/#breadcrumb","itemListElement":[{"@type":"ListItem","position":1,"name":"In\u00edcio","item":"https:\/\/www.radioclubedodao.pt\/site\/"},{"@type":"ListItem","position":2,"name":"\ud835\uddd4\ud835\uddfd\ud835\uddff\ud835\uddf2\ud835\ude00\ud835\uddf2\ud835\uddfb\ud835\ude01a\u00e7\u00e3\ud835\uddfc \ud835\uddf1\ud835\uddfc \ud835\uddd8\ud835\ude05\ud835\uddf2\ud835\uddff\ud835\uddf0\u00ed\ud835\uddf0\ud835\uddf6\ud835\uddfc \ud835\uddd8\ud835\ude02\ud835\uddff\ud835\uddfc\ud835\uddfd\ud835\uddf2\ud835\ude02 \ud835\uddf1\ud835\uddf2 \ud835\udde3\ud835\uddff\ud835\uddfc\ud835\ude01\ud835\uddf2\u00e7\u00e3\ud835\uddfc \ud835\uddd6\ud835\uddf6\ud835\ude03\ud835\uddf6\ud835\uddf9 \u2013 \ud835\udde3\ud835\udde7 \ud835\uddd8\ud835\udde8\ud835\udde0\ud835\udde2\ud835\uddd7\ud835\uddd8\ud835\uddeb \ud835\udfee\ud835\udfec\ud835\udfee\ud835\udff2"}]},{"@type":"WebSite","@id":"https:\/\/www.radioclubedodao.pt\/site\/#website","url":"https:\/\/www.radioclubedodao.pt\/site\/","name":"R\u00e1dio Clube do D\u00e3o","description":"webr\u00e1dio","publisher":{"@id":"https:\/\/www.radioclubedodao.pt\/site\/#organization"},"potentialAction":[{"@type":"SearchAction","target":{"@type":"EntryPoint","urlTemplate":"https:\/\/www.radioclubedodao.pt\/site\/?s={search_term_string}"},"query-input":{"@type":"PropertyValueSpecification","valueRequired":true,"valueName":"search_term_string"}}],"inLanguage":"pt-PT"},{"@type":"Organization","@id":"https:\/\/www.radioclubedodao.pt\/site\/#organization","name":"R\u00e1dio Clube do D\u00e3o","url":"https:\/\/www.radioclubedodao.pt\/site\/","logo":{"@type":"ImageObject","inLanguage":"pt-PT","@id":"https:\/\/www.radioclubedodao.pt\/site\/#\/schema\/logo\/image\/","url":"https:\/\/www.radioclubedodao.pt\/site\/wp-content\/uploads\/2018\/09\/10959501_1528800417385471_8159620885825168864_n.png","contentUrl":"https:\/\/www.radioclubedodao.pt\/site\/wp-content\/uploads\/2018\/09\/10959501_1528800417385471_8159620885825168864_n.png","width":960,"height":678,"caption":"R\u00e1dio Clube do D\u00e3o"},"image":{"@id":"https:\/\/www.radioclubedodao.pt\/site\/#\/schema\/logo\/image\/"},"sameAs":["https:\/\/www.facebook.com\/radioclubedodao\/","https:\/\/x.com\/ClubeDao","https:\/\/www.instagram.com\/rcdao\/?hl=pt"]},{"@type":"Person","@id":"https:\/\/www.radioclubedodao.pt\/site\/#\/schema\/person\/cd7a28554f264c1876d790fedfddf499","name":"admin","image":{"@type":"ImageObject","inLanguage":"pt-PT","@id":"https:\/\/www.radioclubedodao.pt\/site\/#\/schema\/person\/image\/","url":"https:\/\/secure.gravatar.com\/avatar\/34c95391003e4d74dd8a7ac6916f4230?s=96&d=mm&r=g","contentUrl":"https:\/\/secure.gravatar.com\/avatar\/34c95391003e4d74dd8a7ac6916f4230?s=96&d=mm&r=g","caption":"admin"}}]}},"_links":{"self":[{"href":"https:\/\/www.radioclubedodao.pt\/site\/wp-json\/wp\/v2\/posts\/4143","targetHints":{"allow":["GET"]}}],"collection":[{"href":"https:\/\/www.radioclubedodao.pt\/site\/wp-json\/wp\/v2\/posts"}],"about":[{"href":"https:\/\/www.radioclubedodao.pt\/site\/wp-json\/wp\/v2\/types\/post"}],"author":[{"embeddable":true,"href":"https:\/\/www.radioclubedodao.pt\/site\/wp-json\/wp\/v2\/users\/1"}],"replies":[{"embeddable":true,"href":"https:\/\/www.radioclubedodao.pt\/site\/wp-json\/wp\/v2\/comments?post=4143"}],"version-history":[{"count":1,"href":"https:\/\/www.radioclubedodao.pt\/site\/wp-json\/wp\/v2\/posts\/4143\/revisions"}],"predecessor-version":[{"id":4146,"href":"https:\/\/www.radioclubedodao.pt\/site\/wp-json\/wp\/v2\/posts\/4143\/revisions\/4146"}],"wp:featuredmedia":[{"embeddable":true,"href":"https:\/\/www.radioclubedodao.pt\/site\/wp-json\/wp\/v2\/media\/4145"}],"wp:attachment":[{"href":"https:\/\/www.radioclubedodao.pt\/site\/wp-json\/wp\/v2\/media?parent=4143"}],"wp:term":[{"taxonomy":"category","embeddable":true,"href":"https:\/\/www.radioclubedodao.pt\/site\/wp-json\/wp\/v2\/categories?post=4143"},{"taxonomy":"post_tag","embeddable":true,"href":"https:\/\/www.radioclubedodao.pt\/site\/wp-json\/wp\/v2\/tags?post=4143"},{"taxonomy":"podcasting_podcasts","embeddable":true,"href":"https:\/\/www.radioclubedodao.pt\/site\/wp-json\/wp\/v2\/podcasting_podcasts?post=4143"}],"curies":[{"name":"wp","href":"https:\/\/api.w.org\/{rel}","templated":true}]}}