{"id":487,"date":"2018-10-23T17:36:43","date_gmt":"2018-10-23T16:36:43","guid":{"rendered":"https:\/\/www.radioclubedodao.pt\/site\/?p=487"},"modified":"2018-10-23T17:36:43","modified_gmt":"2018-10-23T16:36:43","slug":"andre-coelho-convocado-para-a-selecao-nacional-de-futsal","status":"publish","type":"post","link":"https:\/\/www.radioclubedodao.pt\/site\/2018\/10\/23\/andre-coelho-convocado-para-a-selecao-nacional-de-futsal\/","title":{"rendered":"ANDR\u00c9 COELHO &#8211; CONVOCADO PARA A SELE\u00c7\u00c3O NACIONAL DE FUTSAL"},"content":{"rendered":"<div class=\"dev-page-header\">\n<div class=\"dph-logo\">\n<div class=\"dev-page-sidebar-collapse-icon\">Convocados para os jogos com o Jap\u00e3o<\/div>\n<\/div>\n<\/div>\n<div class=\"dev-page-container\">\n<div class=\"dev-page-content\">\n<div class=\"container\">\n<div class=\"row row-condensed\">\n<div class=\"col-lg-9 col-md-12 col-12 bodynews\">\n<div class=\"col-lg-12 col-md-12 col-12 margin-top-30\">\n<div>Futsal &#8211; Sele\u00e7\u00e3o A<\/div>\n<div>Jorge Braz chamou 14 jogadores para os compromissos agendados para os dias 30 e 31 de Outubro, na Torre da Marinha (Seixal).<\/div>\n<div><\/div>\n<div>A Equipa das Quinas joga os primeiros jogos da temporada depois de um est\u00e1gio realizado em Setembro, tendo em mente a qualifica\u00e7\u00e3o para o Campeonato do Mundo que ser\u00e1 disputado em 2020.<\/div>\n<div><\/div>\n<div>Eis a lista de convocados:<\/div>\n<div>CCRD Burinhosa: Tunha;<\/div>\n<div>Inter Movistar: Ricardinho;<\/div>\n<div>Rio Ave FC: Tiago Cruz;<\/div>\n<div>SL Benfica: Andr\u00e9 Coelho, Bruno Coelho, F\u00e1bio Cec\u00edlio e Tiago Brito;<\/div>\n<div>SC Braga\/AAUM: Nilson e V\u00edtor Hugo;<\/div>\n<div>Sporting CP: Andr\u00e9 Sousa, Erick Mendon\u00e7a, Jo\u00e3o Matos, Pany e Pedro Cary.<\/div>\n<\/div>\n<\/div>\n<\/div>\n<\/div>\n<\/div>\n<\/div>\n","protected":false},"excerpt":{"rendered":"<p>Convocados para os jogos com o Jap\u00e3o Futsal &#8211; Sele\u00e7\u00e3o A Jorge Braz chamou 14 jogadores para os compromissos agendados para os dias 30 e 31 de Outubro, na Torre da Marinha (Seixal). A Equipa&#8230;<\/p>\n","protected":false},"author":1,"featured_media":0,"comment_status":"open","ping_status":"open","sticky":false,"template":"","format":"standard","meta":{"podcast_url":"","podcast_explicit":"no","podcast_captioned":false,"podcast_duration":"","podcast_filesize":0,"podcast_mime":"","enclosure":"","podcast_season_number":"","podcast_episode_number":"","podcast_episode_type":"none","podcast_transcript":"","sfsi_plus_gutenberg_text_before_share":"","sfsi_plus_gutenberg_show_text_before_share":"","sfsi_plus_gutenberg_icon_type":"","sfsi_plus_gutenberg_icon_alignemt":"","sfsi_plus_gutenburg_max_per_row":"","sapo_feed_post_nuts":"","footnotes":""},"categories":[12,7,9,3,8],"tags":[],"podcasting_podcasts":[],"class_list":["post-487","post","type-post","status-publish","format-standard","hentry","category-desporto","category-local","category-nacional","category-noticias","category-regional"],"yoast_head":"<!-- This site is optimized with the Yoast SEO plugin v24.1 - https:\/\/yoast.com\/wordpress\/plugins\/seo\/ -->\n<title>ANDR\u00c9 COELHO - CONVOCADO PARA A SELE\u00c7\u00c3O NACIONAL DE FUTSAL - R\u00e1dio Clube do D\u00e3o<\/title>\n<meta name=\"robots\" content=\"index, follow, max-snippet:-1, max-image-preview:large, max-video-preview:-1\" \/>\n<link rel=\"canonical\" href=\"https:\/\/www.radioclubedodao.pt\/site\/2018\/10\/23\/andre-coelho-convocado-para-a-selecao-nacional-de-futsal\/\" \/>\n<meta property=\"og:locale\" content=\"pt_PT\" \/>\n<meta property=\"og:type\" content=\"article\" \/>\n<meta property=\"og:title\" content=\"ANDR\u00c9 COELHO - CONVOCADO PARA A SELE\u00c7\u00c3O NACIONAL DE FUTSAL - R\u00e1dio Clube do D\u00e3o\" \/>\n<meta property=\"og:description\" content=\"Convocados para os jogos com o Jap\u00e3o Futsal &#8211; Sele\u00e7\u00e3o A Jorge Braz chamou 14 jogadores para os compromissos agendados para os dias 30 e 31 de Outubro, na Torre da Marinha (Seixal). A Equipa...\" \/>\n<meta property=\"og:url\" content=\"https:\/\/www.radioclubedodao.pt\/site\/2018\/10\/23\/andre-coelho-convocado-para-a-selecao-nacional-de-futsal\/\" \/>\n<meta property=\"og:site_name\" content=\"R\u00e1dio Clube do D\u00e3o\" \/>\n<meta property=\"article:publisher\" content=\"https:\/\/www.facebook.com\/radioclubedodao\/\" \/>\n<meta property=\"article:published_time\" content=\"2018-10-23T16:36:43+00:00\" \/>\n<meta name=\"author\" content=\"admin\" \/>\n<meta name=\"twitter:card\" content=\"summary_large_image\" \/>\n<meta name=\"twitter:creator\" content=\"@ClubeDao\" \/>\n<meta name=\"twitter:site\" content=\"@ClubeDao\" \/>\n<meta name=\"twitter:label1\" content=\"Escrito por\" \/>\n\t<meta name=\"twitter:data1\" content=\"admin\" \/>\n\t<meta name=\"twitter:label2\" content=\"Tempo estimado de leitura\" \/>\n\t<meta name=\"twitter:data2\" content=\"1 minuto\" \/>\n<script type=\"application\/ld+json\" class=\"yoast-schema-graph\">{\"@context\":\"https:\/\/schema.org\",\"@graph\":[{\"@type\":\"Article\",\"@id\":\"https:\/\/www.radioclubedodao.pt\/site\/2018\/10\/23\/andre-coelho-convocado-para-a-selecao-nacional-de-futsal\/#article\",\"isPartOf\":{\"@id\":\"https:\/\/www.radioclubedodao.pt\/site\/2018\/10\/23\/andre-coelho-convocado-para-a-selecao-nacional-de-futsal\/\"},\"author\":{\"name\":\"admin\",\"@id\":\"https:\/\/www.radioclubedodao.pt\/site\/#\/schema\/person\/cd7a28554f264c1876d790fedfddf499\"},\"headline\":\"ANDR\u00c9 COELHO &#8211; CONVOCADO PARA A SELE\u00c7\u00c3O NACIONAL DE FUTSAL\",\"datePublished\":\"2018-10-23T16:36:43+00:00\",\"dateModified\":\"2018-10-23T16:36:43+00:00\",\"mainEntityOfPage\":{\"@id\":\"https:\/\/www.radioclubedodao.pt\/site\/2018\/10\/23\/andre-coelho-convocado-para-a-selecao-nacional-de-futsal\/\"},\"wordCount\":127,\"commentCount\":0,\"publisher\":{\"@id\":\"https:\/\/www.radioclubedodao.pt\/site\/#organization\"},\"articleSection\":[\"Desporto\",\"Local\",\"Nacional\",\"Not\u00edcias\",\"Regional\"],\"inLanguage\":\"pt-PT\",\"potentialAction\":[{\"@type\":\"CommentAction\",\"name\":\"Comment\",\"target\":[\"https:\/\/www.radioclubedodao.pt\/site\/2018\/10\/23\/andre-coelho-convocado-para-a-selecao-nacional-de-futsal\/#respond\"]}]},{\"@type\":\"WebPage\",\"@id\":\"https:\/\/www.radioclubedodao.pt\/site\/2018\/10\/23\/andre-coelho-convocado-para-a-selecao-nacional-de-futsal\/\",\"url\":\"https:\/\/www.radioclubedodao.pt\/site\/2018\/10\/23\/andre-coelho-convocado-para-a-selecao-nacional-de-futsal\/\",\"name\":\"ANDR\u00c9 COELHO - CONVOCADO PARA A SELE\u00c7\u00c3O NACIONAL DE FUTSAL - R\u00e1dio Clube do D\u00e3o\",\"isPartOf\":{\"@id\":\"https:\/\/www.radioclubedodao.pt\/site\/#website\"},\"datePublished\":\"2018-10-23T16:36:43+00:00\",\"dateModified\":\"2018-10-23T16:36:43+00:00\",\"breadcrumb\":{\"@id\":\"https:\/\/www.radioclubedodao.pt\/site\/2018\/10\/23\/andre-coelho-convocado-para-a-selecao-nacional-de-futsal\/#breadcrumb\"},\"inLanguage\":\"pt-PT\",\"potentialAction\":[{\"@type\":\"ReadAction\",\"target\":[\"https:\/\/www.radioclubedodao.pt\/site\/2018\/10\/23\/andre-coelho-convocado-para-a-selecao-nacional-de-futsal\/\"]}]},{\"@type\":\"BreadcrumbList\",\"@id\":\"https:\/\/www.radioclubedodao.pt\/site\/2018\/10\/23\/andre-coelho-convocado-para-a-selecao-nacional-de-futsal\/#breadcrumb\",\"itemListElement\":[{\"@type\":\"ListItem\",\"position\":1,\"name\":\"In\u00edcio\",\"item\":\"https:\/\/www.radioclubedodao.pt\/site\/\"},{\"@type\":\"ListItem\",\"position\":2,\"name\":\"ANDR\u00c9 COELHO &#8211; CONVOCADO PARA A SELE\u00c7\u00c3O NACIONAL DE FUTSAL\"}]},{\"@type\":\"WebSite\",\"@id\":\"https:\/\/www.radioclubedodao.pt\/site\/#website\",\"url\":\"https:\/\/www.radioclubedodao.pt\/site\/\",\"name\":\"R\u00e1dio Clube do D\u00e3o\",\"description\":\"webr\u00e1dio\",\"publisher\":{\"@id\":\"https:\/\/www.radioclubedodao.pt\/site\/#organization\"},\"potentialAction\":[{\"@type\":\"SearchAction\",\"target\":{\"@type\":\"EntryPoint\",\"urlTemplate\":\"https:\/\/www.radioclubedodao.pt\/site\/?s={search_term_string}\"},\"query-input\":{\"@type\":\"PropertyValueSpecification\",\"valueRequired\":true,\"valueName\":\"search_term_string\"}}],\"inLanguage\":\"pt-PT\"},{\"@type\":\"Organization\",\"@id\":\"https:\/\/www.radioclubedodao.pt\/site\/#organization\",\"name\":\"R\u00e1dio Clube do D\u00e3o\",\"url\":\"https:\/\/www.radioclubedodao.pt\/site\/\",\"logo\":{\"@type\":\"ImageObject\",\"inLanguage\":\"pt-PT\",\"@id\":\"https:\/\/www.radioclubedodao.pt\/site\/#\/schema\/logo\/image\/\",\"url\":\"https:\/\/www.radioclubedodao.pt\/site\/wp-content\/uploads\/2018\/09\/10959501_1528800417385471_8159620885825168864_n.png\",\"contentUrl\":\"https:\/\/www.radioclubedodao.pt\/site\/wp-content\/uploads\/2018\/09\/10959501_1528800417385471_8159620885825168864_n.png\",\"width\":960,\"height\":678,\"caption\":\"R\u00e1dio Clube do D\u00e3o\"},\"image\":{\"@id\":\"https:\/\/www.radioclubedodao.pt\/site\/#\/schema\/logo\/image\/\"},\"sameAs\":[\"https:\/\/www.facebook.com\/radioclubedodao\/\",\"https:\/\/x.com\/ClubeDao\",\"https:\/\/www.instagram.com\/rcdao\/?hl=pt\"]},{\"@type\":\"Person\",\"@id\":\"https:\/\/www.radioclubedodao.pt\/site\/#\/schema\/person\/cd7a28554f264c1876d790fedfddf499\",\"name\":\"admin\",\"image\":{\"@type\":\"ImageObject\",\"inLanguage\":\"pt-PT\",\"@id\":\"https:\/\/www.radioclubedodao.pt\/site\/#\/schema\/person\/image\/\",\"url\":\"https:\/\/secure.gravatar.com\/avatar\/34c95391003e4d74dd8a7ac6916f4230?s=96&d=mm&r=g\",\"contentUrl\":\"https:\/\/secure.gravatar.com\/avatar\/34c95391003e4d74dd8a7ac6916f4230?s=96&d=mm&r=g\",\"caption\":\"admin\"}}]}<\/script>\n<!-- \/ Yoast SEO plugin. -->","yoast_head_json":{"title":"ANDR\u00c9 COELHO - CONVOCADO PARA A SELE\u00c7\u00c3O NACIONAL DE FUTSAL - R\u00e1dio Clube do D\u00e3o","robots":{"index":"index","follow":"follow","max-snippet":"max-snippet:-1","max-image-preview":"max-image-preview:large","max-video-preview":"max-video-preview:-1"},"canonical":"https:\/\/www.radioclubedodao.pt\/site\/2018\/10\/23\/andre-coelho-convocado-para-a-selecao-nacional-de-futsal\/","og_locale":"pt_PT","og_type":"article","og_title":"ANDR\u00c9 COELHO - CONVOCADO PARA A SELE\u00c7\u00c3O NACIONAL DE FUTSAL - R\u00e1dio Clube do D\u00e3o","og_description":"Convocados para os jogos com o Jap\u00e3o Futsal &#8211; Sele\u00e7\u00e3o A Jorge Braz chamou 14 jogadores para os compromissos agendados para os dias 30 e 31 de Outubro, na Torre da Marinha (Seixal). A Equipa...","og_url":"https:\/\/www.radioclubedodao.pt\/site\/2018\/10\/23\/andre-coelho-convocado-para-a-selecao-nacional-de-futsal\/","og_site_name":"R\u00e1dio Clube do D\u00e3o","article_publisher":"https:\/\/www.facebook.com\/radioclubedodao\/","article_published_time":"2018-10-23T16:36:43+00:00","author":"admin","twitter_card":"summary_large_image","twitter_creator":"@ClubeDao","twitter_site":"@ClubeDao","twitter_misc":{"Escrito por":"admin","Tempo estimado de leitura":"1 minuto"},"schema":{"@context":"https:\/\/schema.org","@graph":[{"@type":"Article","@id":"https:\/\/www.radioclubedodao.pt\/site\/2018\/10\/23\/andre-coelho-convocado-para-a-selecao-nacional-de-futsal\/#article","isPartOf":{"@id":"https:\/\/www.radioclubedodao.pt\/site\/2018\/10\/23\/andre-coelho-convocado-para-a-selecao-nacional-de-futsal\/"},"author":{"name":"admin","@id":"https:\/\/www.radioclubedodao.pt\/site\/#\/schema\/person\/cd7a28554f264c1876d790fedfddf499"},"headline":"ANDR\u00c9 COELHO &#8211; CONVOCADO PARA A SELE\u00c7\u00c3O NACIONAL DE FUTSAL","datePublished":"2018-10-23T16:36:43+00:00","dateModified":"2018-10-23T16:36:43+00:00","mainEntityOfPage":{"@id":"https:\/\/www.radioclubedodao.pt\/site\/2018\/10\/23\/andre-coelho-convocado-para-a-selecao-nacional-de-futsal\/"},"wordCount":127,"commentCount":0,"publisher":{"@id":"https:\/\/www.radioclubedodao.pt\/site\/#organization"},"articleSection":["Desporto","Local","Nacional","Not\u00edcias","Regional"],"inLanguage":"pt-PT","potentialAction":[{"@type":"CommentAction","name":"Comment","target":["https:\/\/www.radioclubedodao.pt\/site\/2018\/10\/23\/andre-coelho-convocado-para-a-selecao-nacional-de-futsal\/#respond"]}]},{"@type":"WebPage","@id":"https:\/\/www.radioclubedodao.pt\/site\/2018\/10\/23\/andre-coelho-convocado-para-a-selecao-nacional-de-futsal\/","url":"https:\/\/www.radioclubedodao.pt\/site\/2018\/10\/23\/andre-coelho-convocado-para-a-selecao-nacional-de-futsal\/","name":"ANDR\u00c9 COELHO - CONVOCADO PARA A SELE\u00c7\u00c3O NACIONAL DE FUTSAL - R\u00e1dio Clube do D\u00e3o","isPartOf":{"@id":"https:\/\/www.radioclubedodao.pt\/site\/#website"},"datePublished":"2018-10-23T16:36:43+00:00","dateModified":"2018-10-23T16:36:43+00:00","breadcrumb":{"@id":"https:\/\/www.radioclubedodao.pt\/site\/2018\/10\/23\/andre-coelho-convocado-para-a-selecao-nacional-de-futsal\/#breadcrumb"},"inLanguage":"pt-PT","potentialAction":[{"@type":"ReadAction","target":["https:\/\/www.radioclubedodao.pt\/site\/2018\/10\/23\/andre-coelho-convocado-para-a-selecao-nacional-de-futsal\/"]}]},{"@type":"BreadcrumbList","@id":"https:\/\/www.radioclubedodao.pt\/site\/2018\/10\/23\/andre-coelho-convocado-para-a-selecao-nacional-de-futsal\/#breadcrumb","itemListElement":[{"@type":"ListItem","position":1,"name":"In\u00edcio","item":"https:\/\/www.radioclubedodao.pt\/site\/"},{"@type":"ListItem","position":2,"name":"ANDR\u00c9 COELHO &#8211; CONVOCADO PARA A SELE\u00c7\u00c3O NACIONAL DE FUTSAL"}]},{"@type":"WebSite","@id":"https:\/\/www.radioclubedodao.pt\/site\/#website","url":"https:\/\/www.radioclubedodao.pt\/site\/","name":"R\u00e1dio Clube do D\u00e3o","description":"webr\u00e1dio","publisher":{"@id":"https:\/\/www.radioclubedodao.pt\/site\/#organization"},"potentialAction":[{"@type":"SearchAction","target":{"@type":"EntryPoint","urlTemplate":"https:\/\/www.radioclubedodao.pt\/site\/?s={search_term_string}"},"query-input":{"@type":"PropertyValueSpecification","valueRequired":true,"valueName":"search_term_string"}}],"inLanguage":"pt-PT"},{"@type":"Organization","@id":"https:\/\/www.radioclubedodao.pt\/site\/#organization","name":"R\u00e1dio Clube do D\u00e3o","url":"https:\/\/www.radioclubedodao.pt\/site\/","logo":{"@type":"ImageObject","inLanguage":"pt-PT","@id":"https:\/\/www.radioclubedodao.pt\/site\/#\/schema\/logo\/image\/","url":"https:\/\/www.radioclubedodao.pt\/site\/wp-content\/uploads\/2018\/09\/10959501_1528800417385471_8159620885825168864_n.png","contentUrl":"https:\/\/www.radioclubedodao.pt\/site\/wp-content\/uploads\/2018\/09\/10959501_1528800417385471_8159620885825168864_n.png","width":960,"height":678,"caption":"R\u00e1dio Clube do D\u00e3o"},"image":{"@id":"https:\/\/www.radioclubedodao.pt\/site\/#\/schema\/logo\/image\/"},"sameAs":["https:\/\/www.facebook.com\/radioclubedodao\/","https:\/\/x.com\/ClubeDao","https:\/\/www.instagram.com\/rcdao\/?hl=pt"]},{"@type":"Person","@id":"https:\/\/www.radioclubedodao.pt\/site\/#\/schema\/person\/cd7a28554f264c1876d790fedfddf499","name":"admin","image":{"@type":"ImageObject","inLanguage":"pt-PT","@id":"https:\/\/www.radioclubedodao.pt\/site\/#\/schema\/person\/image\/","url":"https:\/\/secure.gravatar.com\/avatar\/34c95391003e4d74dd8a7ac6916f4230?s=96&d=mm&r=g","contentUrl":"https:\/\/secure.gravatar.com\/avatar\/34c95391003e4d74dd8a7ac6916f4230?s=96&d=mm&r=g","caption":"admin"}}]}},"_links":{"self":[{"href":"https:\/\/www.radioclubedodao.pt\/site\/wp-json\/wp\/v2\/posts\/487","targetHints":{"allow":["GET"]}}],"collection":[{"href":"https:\/\/www.radioclubedodao.pt\/site\/wp-json\/wp\/v2\/posts"}],"about":[{"href":"https:\/\/www.radioclubedodao.pt\/site\/wp-json\/wp\/v2\/types\/post"}],"author":[{"embeddable":true,"href":"https:\/\/www.radioclubedodao.pt\/site\/wp-json\/wp\/v2\/users\/1"}],"replies":[{"embeddable":true,"href":"https:\/\/www.radioclubedodao.pt\/site\/wp-json\/wp\/v2\/comments?post=487"}],"version-history":[{"count":1,"href":"https:\/\/www.radioclubedodao.pt\/site\/wp-json\/wp\/v2\/posts\/487\/revisions"}],"predecessor-version":[{"id":489,"href":"https:\/\/www.radioclubedodao.pt\/site\/wp-json\/wp\/v2\/posts\/487\/revisions\/489"}],"wp:attachment":[{"href":"https:\/\/www.radioclubedodao.pt\/site\/wp-json\/wp\/v2\/media?parent=487"}],"wp:term":[{"taxonomy":"category","embeddable":true,"href":"https:\/\/www.radioclubedodao.pt\/site\/wp-json\/wp\/v2\/categories?post=487"},{"taxonomy":"post_tag","embeddable":true,"href":"https:\/\/www.radioclubedodao.pt\/site\/wp-json\/wp\/v2\/tags?post=487"},{"taxonomy":"podcasting_podcasts","embeddable":true,"href":"https:\/\/www.radioclubedodao.pt\/site\/wp-json\/wp\/v2\/podcasting_podcasts?post=487"}],"curies":[{"name":"wp","href":"https:\/\/api.w.org\/{rel}","templated":true}]}}