{"id":520,"date":"2018-10-30T20:44:03","date_gmt":"2018-10-30T20:44:03","guid":{"rendered":"https:\/\/www.radioclubedodao.pt\/site\/?p=520"},"modified":"2018-10-30T20:44:03","modified_gmt":"2018-10-30T20:44:03","slug":"30-de-outubro-dia-nacional-de-prevencao-do-cancro-da-mama","status":"publish","type":"post","link":"https:\/\/www.radioclubedodao.pt\/site\/2018\/10\/30\/30-de-outubro-dia-nacional-de-prevencao-do-cancro-da-mama\/","title":{"rendered":"30 DE OUTUBRO &#8211; Dia Nacional de Preven\u00e7\u00e3o do Cancro da Mama"},"content":{"rendered":"<p><strong>O Dia Nacional de Preven\u00e7\u00e3o do Cancro da Mama celebra-se a\u00a030 de outubro, com a\u00e7\u00f5es de sensibiliza\u00e7\u00e3o e de informa\u00e7\u00e3o sobre a doen\u00e7a.<\/strong><\/p>\n<p><strong>Neste dia faz-se um apelo \u00e0 mudan\u00e7a de comportamentos perante a doen\u00e7a e divulga-se informa\u00e7\u00e3o sobre o tratamento, o rastreio, o diagn\u00f3stico e a preven\u00e7\u00e3o do cancro da mama. Uma eco ou mamografia \u00e9 suficiente para detetar a doen\u00e7a, que tem 95% de hip\u00f3teses de bom progn\u00f3stico se detetada numa fase inicial.<\/strong><\/p>\n<h2><strong>Cancro da mama em Portugal<\/strong><\/h2>\n<p><strong>Em Portugal s\u00e3o detetados anualmente cerca de 5000 novos casos de cancro da mama e 1500 mulheres morrem v\u00edtimas desta doen\u00e7a. Apesar da gravidade dos n\u00fameros, a taxa de mortalidade tem vindo a diminuir ao longo dos anos.<\/strong><\/p>\n<p><strong>Segundo a Dire\u00e7\u00e3o-Geral da Sa\u00fade, o cancro da mama \u00e9 o tipo de cancro mais comum entre as mulheres (n\u00e3o considerando o cancro de pele) e \u00e9 a segunda causa de morte por cancro na mulher. Uma em cada oito mulheres portuguesas \u00e9 afetada pelo cancro da mama.<\/strong><\/p>\n<p><strong>Estima-se que surjam todos os anos 430 000 novos casos na Europa e que uma em cada 10 mulheres venha a desenvolver a doen\u00e7a antes dos 80 anos.<\/strong><\/p>\n<h3><strong>Preven\u00e7\u00e3o do cancro da mama<\/strong><\/h3>\n<p><strong>A partir dos 40 anos, \u00e9 aconselh\u00e1vel realizar anualmente uma mamografia por preven\u00e7\u00e3o.<\/strong><\/p>\n<h3><strong>Fatores de risco do cancro da mama<\/strong><\/h3>\n<ul>\n<li><strong>Idade &#8211; probabilidade aumenta com a idade. Uma mulher com mais de 60 anos apresenta maior risco. O cancro da mama \u00e9 menos comum antes da menopausa.<\/strong><\/li>\n<li><strong>Reincid\u00eancia do cancro da mama &#8211; uma mulher na qual tenha sido detetado cancro numa mama, tem maior risco de ter a doen\u00e7a na outra mama.<\/strong><\/li>\n<li><strong>Hist\u00f3ria familiar &#8211; o risco \u00e9 agravado se a m\u00e3e, tia ou irm\u00e3 tiveram cancro da mama, especialmente em idades mais jovens (antes dos 40 anos).<\/strong><\/li>\n<li><strong>Altera\u00e7\u00f5es gen\u00e9ticas: altera\u00e7\u00f5es em certos genes (BRCA1, BRCA2, entre outros).<\/strong><\/li>\n<li><strong>Primeira gravidez depois dos 31 anos.<\/strong><\/li>\n<li><strong>Hist\u00f3ria menstrual longa: mulheres que tiveram a primeira menstrua\u00e7\u00e3o em idade precoce (antes dos 12 anos de idade), tiveram uma menopausa tardia (ap\u00f3s os 55 anos) ou que nunca tiveram filhos (nuliparidade), apresentam um risco aumentado.<\/strong><\/li>\n<li><strong>Terap\u00eautica hormonal de substitui\u00e7\u00e3o: mulheres que tomam terap\u00eautica hormonal para a menopausa (apenas com estrog\u00e9nios ou estrog\u00e9nios e progesterona), durante 5 ou mais anos ap\u00f3s a menopausa parecem, tamb\u00e9m, apresentar maior possibilidade de desenvolver cancro da mama.<\/strong><\/li>\n<li><strong>Ra\u00e7a: o cancro da mama ocorre com maior frequ\u00eancia em mulheres caucasianas (brancas), comparativamente a mulheres latinas, asi\u00e1ticas ou afro-americanas.<\/strong><\/li>\n<li><strong>Obesidade ap\u00f3s a menopausa.<\/strong><\/li>\n<li><strong>Falta de atividade f\u00edsica.<\/strong><\/li>\n<\/ul>\n","protected":false},"excerpt":{"rendered":"<p>O Dia Nacional de Preven\u00e7\u00e3o do Cancro da Mama celebra-se a\u00a030 de outubro, com a\u00e7\u00f5es de sensibiliza\u00e7\u00e3o e de informa\u00e7\u00e3o sobre a doen\u00e7a. Neste dia faz-se um apelo \u00e0 mudan\u00e7a de comportamentos perante a doen\u00e7a&#8230;<\/p>\n","protected":false},"author":1,"featured_media":0,"comment_status":"open","ping_status":"open","sticky":false,"template":"","format":"standard","meta":{"podcast_url":"","podcast_explicit":"no","podcast_captioned":false,"podcast_duration":"","podcast_filesize":0,"podcast_mime":"","enclosure":"","podcast_season_number":"","podcast_episode_number":"","podcast_episode_type":"none","podcast_transcript":"","sfsi_plus_gutenberg_text_before_share":"","sfsi_plus_gutenberg_show_text_before_share":"","sfsi_plus_gutenberg_icon_type":"","sfsi_plus_gutenberg_icon_alignemt":"","sfsi_plus_gutenburg_max_per_row":"","sapo_feed_post_nuts":"","footnotes":""},"categories":[7,9,3,8],"tags":[],"podcasting_podcasts":[],"class_list":["post-520","post","type-post","status-publish","format-standard","hentry","category-local","category-nacional","category-noticias","category-regional"],"yoast_head":"<!-- This site is optimized with the Yoast SEO plugin v24.1 - https:\/\/yoast.com\/wordpress\/plugins\/seo\/ -->\n<title>30 DE OUTUBRO - Dia Nacional de Preven\u00e7\u00e3o do Cancro da Mama - R\u00e1dio Clube do D\u00e3o<\/title>\n<meta name=\"robots\" content=\"index, follow, max-snippet:-1, max-image-preview:large, max-video-preview:-1\" \/>\n<link rel=\"canonical\" href=\"https:\/\/www.radioclubedodao.pt\/site\/2018\/10\/30\/30-de-outubro-dia-nacional-de-prevencao-do-cancro-da-mama\/\" \/>\n<meta property=\"og:locale\" content=\"pt_PT\" \/>\n<meta property=\"og:type\" content=\"article\" \/>\n<meta property=\"og:title\" content=\"30 DE OUTUBRO - Dia Nacional de Preven\u00e7\u00e3o do Cancro da Mama - R\u00e1dio Clube do D\u00e3o\" \/>\n<meta property=\"og:description\" content=\"O Dia Nacional de Preven\u00e7\u00e3o do Cancro da Mama celebra-se a\u00a030 de outubro, com a\u00e7\u00f5es de sensibiliza\u00e7\u00e3o e de informa\u00e7\u00e3o sobre a doen\u00e7a. Neste dia faz-se um apelo \u00e0 mudan\u00e7a de comportamentos perante a doen\u00e7a...\" \/>\n<meta property=\"og:url\" content=\"https:\/\/www.radioclubedodao.pt\/site\/2018\/10\/30\/30-de-outubro-dia-nacional-de-prevencao-do-cancro-da-mama\/\" \/>\n<meta property=\"og:site_name\" content=\"R\u00e1dio Clube do D\u00e3o\" \/>\n<meta property=\"article:publisher\" content=\"https:\/\/www.facebook.com\/radioclubedodao\/\" \/>\n<meta property=\"article:published_time\" content=\"2018-10-30T20:44:03+00:00\" \/>\n<meta name=\"author\" content=\"admin\" \/>\n<meta name=\"twitter:card\" content=\"summary_large_image\" \/>\n<meta name=\"twitter:creator\" content=\"@ClubeDao\" \/>\n<meta name=\"twitter:site\" content=\"@ClubeDao\" \/>\n<meta name=\"twitter:label1\" content=\"Escrito por\" \/>\n\t<meta name=\"twitter:data1\" content=\"admin\" \/>\n\t<meta name=\"twitter:label2\" content=\"Tempo estimado de leitura\" \/>\n\t<meta name=\"twitter:data2\" content=\"2 minutos\" \/>\n<script type=\"application\/ld+json\" class=\"yoast-schema-graph\">{\"@context\":\"https:\/\/schema.org\",\"@graph\":[{\"@type\":\"Article\",\"@id\":\"https:\/\/www.radioclubedodao.pt\/site\/2018\/10\/30\/30-de-outubro-dia-nacional-de-prevencao-do-cancro-da-mama\/#article\",\"isPartOf\":{\"@id\":\"https:\/\/www.radioclubedodao.pt\/site\/2018\/10\/30\/30-de-outubro-dia-nacional-de-prevencao-do-cancro-da-mama\/\"},\"author\":{\"name\":\"admin\",\"@id\":\"https:\/\/www.radioclubedodao.pt\/site\/#\/schema\/person\/cd7a28554f264c1876d790fedfddf499\"},\"headline\":\"30 DE OUTUBRO &#8211; Dia Nacional de Preven\u00e7\u00e3o do Cancro da Mama\",\"datePublished\":\"2018-10-30T20:44:03+00:00\",\"dateModified\":\"2018-10-30T20:44:03+00:00\",\"mainEntityOfPage\":{\"@id\":\"https:\/\/www.radioclubedodao.pt\/site\/2018\/10\/30\/30-de-outubro-dia-nacional-de-prevencao-do-cancro-da-mama\/\"},\"wordCount\":451,\"commentCount\":0,\"publisher\":{\"@id\":\"https:\/\/www.radioclubedodao.pt\/site\/#organization\"},\"articleSection\":[\"Local\",\"Nacional\",\"Not\u00edcias\",\"Regional\"],\"inLanguage\":\"pt-PT\",\"potentialAction\":[{\"@type\":\"CommentAction\",\"name\":\"Comment\",\"target\":[\"https:\/\/www.radioclubedodao.pt\/site\/2018\/10\/30\/30-de-outubro-dia-nacional-de-prevencao-do-cancro-da-mama\/#respond\"]}]},{\"@type\":\"WebPage\",\"@id\":\"https:\/\/www.radioclubedodao.pt\/site\/2018\/10\/30\/30-de-outubro-dia-nacional-de-prevencao-do-cancro-da-mama\/\",\"url\":\"https:\/\/www.radioclubedodao.pt\/site\/2018\/10\/30\/30-de-outubro-dia-nacional-de-prevencao-do-cancro-da-mama\/\",\"name\":\"30 DE OUTUBRO - Dia Nacional de Preven\u00e7\u00e3o do Cancro da Mama - R\u00e1dio Clube do D\u00e3o\",\"isPartOf\":{\"@id\":\"https:\/\/www.radioclubedodao.pt\/site\/#website\"},\"datePublished\":\"2018-10-30T20:44:03+00:00\",\"dateModified\":\"2018-10-30T20:44:03+00:00\",\"breadcrumb\":{\"@id\":\"https:\/\/www.radioclubedodao.pt\/site\/2018\/10\/30\/30-de-outubro-dia-nacional-de-prevencao-do-cancro-da-mama\/#breadcrumb\"},\"inLanguage\":\"pt-PT\",\"potentialAction\":[{\"@type\":\"ReadAction\",\"target\":[\"https:\/\/www.radioclubedodao.pt\/site\/2018\/10\/30\/30-de-outubro-dia-nacional-de-prevencao-do-cancro-da-mama\/\"]}]},{\"@type\":\"BreadcrumbList\",\"@id\":\"https:\/\/www.radioclubedodao.pt\/site\/2018\/10\/30\/30-de-outubro-dia-nacional-de-prevencao-do-cancro-da-mama\/#breadcrumb\",\"itemListElement\":[{\"@type\":\"ListItem\",\"position\":1,\"name\":\"In\u00edcio\",\"item\":\"https:\/\/www.radioclubedodao.pt\/site\/\"},{\"@type\":\"ListItem\",\"position\":2,\"name\":\"30 DE OUTUBRO &#8211; Dia Nacional de Preven\u00e7\u00e3o do Cancro da Mama\"}]},{\"@type\":\"WebSite\",\"@id\":\"https:\/\/www.radioclubedodao.pt\/site\/#website\",\"url\":\"https:\/\/www.radioclubedodao.pt\/site\/\",\"name\":\"R\u00e1dio Clube do D\u00e3o\",\"description\":\"webr\u00e1dio\",\"publisher\":{\"@id\":\"https:\/\/www.radioclubedodao.pt\/site\/#organization\"},\"potentialAction\":[{\"@type\":\"SearchAction\",\"target\":{\"@type\":\"EntryPoint\",\"urlTemplate\":\"https:\/\/www.radioclubedodao.pt\/site\/?s={search_term_string}\"},\"query-input\":{\"@type\":\"PropertyValueSpecification\",\"valueRequired\":true,\"valueName\":\"search_term_string\"}}],\"inLanguage\":\"pt-PT\"},{\"@type\":\"Organization\",\"@id\":\"https:\/\/www.radioclubedodao.pt\/site\/#organization\",\"name\":\"R\u00e1dio Clube do D\u00e3o\",\"url\":\"https:\/\/www.radioclubedodao.pt\/site\/\",\"logo\":{\"@type\":\"ImageObject\",\"inLanguage\":\"pt-PT\",\"@id\":\"https:\/\/www.radioclubedodao.pt\/site\/#\/schema\/logo\/image\/\",\"url\":\"https:\/\/www.radioclubedodao.pt\/site\/wp-content\/uploads\/2018\/09\/10959501_1528800417385471_8159620885825168864_n.png\",\"contentUrl\":\"https:\/\/www.radioclubedodao.pt\/site\/wp-content\/uploads\/2018\/09\/10959501_1528800417385471_8159620885825168864_n.png\",\"width\":960,\"height\":678,\"caption\":\"R\u00e1dio Clube do D\u00e3o\"},\"image\":{\"@id\":\"https:\/\/www.radioclubedodao.pt\/site\/#\/schema\/logo\/image\/\"},\"sameAs\":[\"https:\/\/www.facebook.com\/radioclubedodao\/\",\"https:\/\/x.com\/ClubeDao\",\"https:\/\/www.instagram.com\/rcdao\/?hl=pt\"]},{\"@type\":\"Person\",\"@id\":\"https:\/\/www.radioclubedodao.pt\/site\/#\/schema\/person\/cd7a28554f264c1876d790fedfddf499\",\"name\":\"admin\",\"image\":{\"@type\":\"ImageObject\",\"inLanguage\":\"pt-PT\",\"@id\":\"https:\/\/www.radioclubedodao.pt\/site\/#\/schema\/person\/image\/\",\"url\":\"https:\/\/secure.gravatar.com\/avatar\/34c95391003e4d74dd8a7ac6916f4230?s=96&d=mm&r=g\",\"contentUrl\":\"https:\/\/secure.gravatar.com\/avatar\/34c95391003e4d74dd8a7ac6916f4230?s=96&d=mm&r=g\",\"caption\":\"admin\"}}]}<\/script>\n<!-- \/ Yoast SEO plugin. -->","yoast_head_json":{"title":"30 DE OUTUBRO - Dia Nacional de Preven\u00e7\u00e3o do Cancro da Mama - R\u00e1dio Clube do D\u00e3o","robots":{"index":"index","follow":"follow","max-snippet":"max-snippet:-1","max-image-preview":"max-image-preview:large","max-video-preview":"max-video-preview:-1"},"canonical":"https:\/\/www.radioclubedodao.pt\/site\/2018\/10\/30\/30-de-outubro-dia-nacional-de-prevencao-do-cancro-da-mama\/","og_locale":"pt_PT","og_type":"article","og_title":"30 DE OUTUBRO - Dia Nacional de Preven\u00e7\u00e3o do Cancro da Mama - R\u00e1dio Clube do D\u00e3o","og_description":"O Dia Nacional de Preven\u00e7\u00e3o do Cancro da Mama celebra-se a\u00a030 de outubro, com a\u00e7\u00f5es de sensibiliza\u00e7\u00e3o e de informa\u00e7\u00e3o sobre a doen\u00e7a. Neste dia faz-se um apelo \u00e0 mudan\u00e7a de comportamentos perante a doen\u00e7a...","og_url":"https:\/\/www.radioclubedodao.pt\/site\/2018\/10\/30\/30-de-outubro-dia-nacional-de-prevencao-do-cancro-da-mama\/","og_site_name":"R\u00e1dio Clube do D\u00e3o","article_publisher":"https:\/\/www.facebook.com\/radioclubedodao\/","article_published_time":"2018-10-30T20:44:03+00:00","author":"admin","twitter_card":"summary_large_image","twitter_creator":"@ClubeDao","twitter_site":"@ClubeDao","twitter_misc":{"Escrito por":"admin","Tempo estimado de leitura":"2 minutos"},"schema":{"@context":"https:\/\/schema.org","@graph":[{"@type":"Article","@id":"https:\/\/www.radioclubedodao.pt\/site\/2018\/10\/30\/30-de-outubro-dia-nacional-de-prevencao-do-cancro-da-mama\/#article","isPartOf":{"@id":"https:\/\/www.radioclubedodao.pt\/site\/2018\/10\/30\/30-de-outubro-dia-nacional-de-prevencao-do-cancro-da-mama\/"},"author":{"name":"admin","@id":"https:\/\/www.radioclubedodao.pt\/site\/#\/schema\/person\/cd7a28554f264c1876d790fedfddf499"},"headline":"30 DE OUTUBRO &#8211; Dia Nacional de Preven\u00e7\u00e3o do Cancro da Mama","datePublished":"2018-10-30T20:44:03+00:00","dateModified":"2018-10-30T20:44:03+00:00","mainEntityOfPage":{"@id":"https:\/\/www.radioclubedodao.pt\/site\/2018\/10\/30\/30-de-outubro-dia-nacional-de-prevencao-do-cancro-da-mama\/"},"wordCount":451,"commentCount":0,"publisher":{"@id":"https:\/\/www.radioclubedodao.pt\/site\/#organization"},"articleSection":["Local","Nacional","Not\u00edcias","Regional"],"inLanguage":"pt-PT","potentialAction":[{"@type":"CommentAction","name":"Comment","target":["https:\/\/www.radioclubedodao.pt\/site\/2018\/10\/30\/30-de-outubro-dia-nacional-de-prevencao-do-cancro-da-mama\/#respond"]}]},{"@type":"WebPage","@id":"https:\/\/www.radioclubedodao.pt\/site\/2018\/10\/30\/30-de-outubro-dia-nacional-de-prevencao-do-cancro-da-mama\/","url":"https:\/\/www.radioclubedodao.pt\/site\/2018\/10\/30\/30-de-outubro-dia-nacional-de-prevencao-do-cancro-da-mama\/","name":"30 DE OUTUBRO - Dia Nacional de Preven\u00e7\u00e3o do Cancro da Mama - R\u00e1dio Clube do D\u00e3o","isPartOf":{"@id":"https:\/\/www.radioclubedodao.pt\/site\/#website"},"datePublished":"2018-10-30T20:44:03+00:00","dateModified":"2018-10-30T20:44:03+00:00","breadcrumb":{"@id":"https:\/\/www.radioclubedodao.pt\/site\/2018\/10\/30\/30-de-outubro-dia-nacional-de-prevencao-do-cancro-da-mama\/#breadcrumb"},"inLanguage":"pt-PT","potentialAction":[{"@type":"ReadAction","target":["https:\/\/www.radioclubedodao.pt\/site\/2018\/10\/30\/30-de-outubro-dia-nacional-de-prevencao-do-cancro-da-mama\/"]}]},{"@type":"BreadcrumbList","@id":"https:\/\/www.radioclubedodao.pt\/site\/2018\/10\/30\/30-de-outubro-dia-nacional-de-prevencao-do-cancro-da-mama\/#breadcrumb","itemListElement":[{"@type":"ListItem","position":1,"name":"In\u00edcio","item":"https:\/\/www.radioclubedodao.pt\/site\/"},{"@type":"ListItem","position":2,"name":"30 DE OUTUBRO &#8211; Dia Nacional de Preven\u00e7\u00e3o do Cancro da Mama"}]},{"@type":"WebSite","@id":"https:\/\/www.radioclubedodao.pt\/site\/#website","url":"https:\/\/www.radioclubedodao.pt\/site\/","name":"R\u00e1dio Clube do D\u00e3o","description":"webr\u00e1dio","publisher":{"@id":"https:\/\/www.radioclubedodao.pt\/site\/#organization"},"potentialAction":[{"@type":"SearchAction","target":{"@type":"EntryPoint","urlTemplate":"https:\/\/www.radioclubedodao.pt\/site\/?s={search_term_string}"},"query-input":{"@type":"PropertyValueSpecification","valueRequired":true,"valueName":"search_term_string"}}],"inLanguage":"pt-PT"},{"@type":"Organization","@id":"https:\/\/www.radioclubedodao.pt\/site\/#organization","name":"R\u00e1dio Clube do D\u00e3o","url":"https:\/\/www.radioclubedodao.pt\/site\/","logo":{"@type":"ImageObject","inLanguage":"pt-PT","@id":"https:\/\/www.radioclubedodao.pt\/site\/#\/schema\/logo\/image\/","url":"https:\/\/www.radioclubedodao.pt\/site\/wp-content\/uploads\/2018\/09\/10959501_1528800417385471_8159620885825168864_n.png","contentUrl":"https:\/\/www.radioclubedodao.pt\/site\/wp-content\/uploads\/2018\/09\/10959501_1528800417385471_8159620885825168864_n.png","width":960,"height":678,"caption":"R\u00e1dio Clube do D\u00e3o"},"image":{"@id":"https:\/\/www.radioclubedodao.pt\/site\/#\/schema\/logo\/image\/"},"sameAs":["https:\/\/www.facebook.com\/radioclubedodao\/","https:\/\/x.com\/ClubeDao","https:\/\/www.instagram.com\/rcdao\/?hl=pt"]},{"@type":"Person","@id":"https:\/\/www.radioclubedodao.pt\/site\/#\/schema\/person\/cd7a28554f264c1876d790fedfddf499","name":"admin","image":{"@type":"ImageObject","inLanguage":"pt-PT","@id":"https:\/\/www.radioclubedodao.pt\/site\/#\/schema\/person\/image\/","url":"https:\/\/secure.gravatar.com\/avatar\/34c95391003e4d74dd8a7ac6916f4230?s=96&d=mm&r=g","contentUrl":"https:\/\/secure.gravatar.com\/avatar\/34c95391003e4d74dd8a7ac6916f4230?s=96&d=mm&r=g","caption":"admin"}}]}},"_links":{"self":[{"href":"https:\/\/www.radioclubedodao.pt\/site\/wp-json\/wp\/v2\/posts\/520","targetHints":{"allow":["GET"]}}],"collection":[{"href":"https:\/\/www.radioclubedodao.pt\/site\/wp-json\/wp\/v2\/posts"}],"about":[{"href":"https:\/\/www.radioclubedodao.pt\/site\/wp-json\/wp\/v2\/types\/post"}],"author":[{"embeddable":true,"href":"https:\/\/www.radioclubedodao.pt\/site\/wp-json\/wp\/v2\/users\/1"}],"replies":[{"embeddable":true,"href":"https:\/\/www.radioclubedodao.pt\/site\/wp-json\/wp\/v2\/comments?post=520"}],"version-history":[{"count":2,"href":"https:\/\/www.radioclubedodao.pt\/site\/wp-json\/wp\/v2\/posts\/520\/revisions"}],"predecessor-version":[{"id":523,"href":"https:\/\/www.radioclubedodao.pt\/site\/wp-json\/wp\/v2\/posts\/520\/revisions\/523"}],"wp:attachment":[{"href":"https:\/\/www.radioclubedodao.pt\/site\/wp-json\/wp\/v2\/media?parent=520"}],"wp:term":[{"taxonomy":"category","embeddable":true,"href":"https:\/\/www.radioclubedodao.pt\/site\/wp-json\/wp\/v2\/categories?post=520"},{"taxonomy":"post_tag","embeddable":true,"href":"https:\/\/www.radioclubedodao.pt\/site\/wp-json\/wp\/v2\/tags?post=520"},{"taxonomy":"podcasting_podcasts","embeddable":true,"href":"https:\/\/www.radioclubedodao.pt\/site\/wp-json\/wp\/v2\/podcasting_podcasts?post=520"}],"curies":[{"name":"wp","href":"https:\/\/api.w.org\/{rel}","templated":true}]}}