{"id":583,"date":"2018-10-31T13:15:42","date_gmt":"2018-10-31T13:15:42","guid":{"rendered":"https:\/\/www.radioclubedodao.pt\/site\/?p=583"},"modified":"2018-10-31T13:02:09","modified_gmt":"2018-10-31T13:02:09","slug":"apeadeiro-nuno-cardoso-no-ipdj-viseu","status":"publish","type":"post","link":"https:\/\/www.radioclubedodao.pt\/site\/2018\/10\/31\/apeadeiro-nuno-cardoso-no-ipdj-viseu\/","title":{"rendered":"APEADEIRO &#8211; NUNO CARDOSO &#8211; No IPDJ Viseu dia 4 de novembro"},"content":{"rendered":"<p><strong>\u201cApeadeiro\u201d, terceira etapa do tr\u00edptico de solos de Nuno Cardoso \u00e9 assumidamente autobiogr\u00e1fico. Tomando como mat\u00e9ria referencial quer a vila onde nasceu e cresceu, quer a sua experi\u00eancia ao longo dos anos como ator e encenador, surge uma narrativa improvisada, jogada entre a mem\u00f3ria e a fic\u00e7\u00e3o, entre o real e a f\u00e1bula com a qual o int\u00e9rprete ensaia um retrato poss\u00edvel. Partindo do pressuposto fundador plasmado na frase &#8220;o meu corpo \u00e9 a minha terra, a minha terra est\u00e1 no meu corpo&#8221;, inicia-se a busca de um lugar de cria\u00e7\u00e3o fundado no gesto que ficou como marca distintiva de personalidade e que est\u00e1 inextricavelmente ligado ao contexto social e geogr\u00e1fico que o forjou. Surge um exerc\u00edcio de mem\u00f3ria recuperada enquanto exist\u00eancia, um Apeadeiro, simultaneamente, territ\u00f3rio de celebra\u00e7\u00e3o e de media\u00e7\u00e3o entre um imagin\u00e1rio original residente na mem\u00f3ria e o universo presente. Apeadeiro n\u00e3o \u00e9 sobre Canas de Senhorim real \u00e9 antes a anatomia de uma identidade que Nuno Cardoso tem transportado na sua pr\u00e1tica como criador.<\/strong><\/p>\n<p><strong>Encena\u00e7\u00e3o: Nuno Cardoso<\/strong><br \/>\n<strong>Interpreta\u00e7\u00e3o: Nuno Cardoso<\/strong><br \/>\n<strong>Dramaturgia: Nuno Cardoso<\/strong><br \/>\n<strong>Cenografia: F. Ribeiro<\/strong><br \/>\n<strong>Desenho de Luz: Jos\u00e9 \u00c1lvaro Correia<\/strong><br \/>\n<strong>Co\u2010produ\u00e7\u00e3o: Ao Cabo Teatro, Centro Cultural Vila Flor, Centro de Artes de Ovar, Teatro Municipal do Porto, C\u00e2mara Municipal de Viseu\u00a0<\/strong><\/p>\n<p><strong>Classifica\u00e7\u00e3o Et\u00e1ria: M\/12<\/strong><br \/>\n<strong>Reserva obrigat\u00f3ria<\/strong><br \/>\n<strong>aocaboteatro@gmail.com<\/strong><\/p>\n","protected":false},"excerpt":{"rendered":"<p>\u201cApeadeiro\u201d, terceira etapa do tr\u00edptico de solos de Nuno Cardoso \u00e9 assumidamente autobiogr\u00e1fico. Tomando como mat\u00e9ria referencial quer a vila onde nasceu e cresceu, quer a sua experi\u00eancia ao longo dos anos como ator e&#8230;<\/p>\n","protected":false},"author":1,"featured_media":0,"comment_status":"open","ping_status":"open","sticky":false,"template":"","format":"standard","meta":{"podcast_url":"","podcast_explicit":"no","podcast_captioned":false,"podcast_duration":"","podcast_filesize":0,"podcast_mime":"","enclosure":"","podcast_season_number":"","podcast_episode_number":"","podcast_episode_type":"none","podcast_transcript":"","sfsi_plus_gutenberg_text_before_share":"","sfsi_plus_gutenberg_show_text_before_share":"","sfsi_plus_gutenberg_icon_type":"","sfsi_plus_gutenberg_icon_alignemt":"","sfsi_plus_gutenburg_max_per_row":"","sapo_feed_post_nuts":"","footnotes":""},"categories":[11,7,3,8],"tags":[],"podcasting_podcasts":[],"class_list":["post-583","post","type-post","status-publish","format-standard","hentry","category-cultura","category-local","category-noticias","category-regional"],"yoast_head":"<!-- This site is optimized with the Yoast SEO plugin v24.1 - https:\/\/yoast.com\/wordpress\/plugins\/seo\/ -->\n<title>APEADEIRO - NUNO CARDOSO - No IPDJ Viseu dia 4 de novembro - R\u00e1dio Clube do D\u00e3o<\/title>\n<meta name=\"robots\" content=\"index, follow, max-snippet:-1, max-image-preview:large, max-video-preview:-1\" \/>\n<link rel=\"canonical\" href=\"https:\/\/www.radioclubedodao.pt\/site\/2018\/10\/31\/apeadeiro-nuno-cardoso-no-ipdj-viseu\/\" \/>\n<meta property=\"og:locale\" content=\"pt_PT\" \/>\n<meta property=\"og:type\" content=\"article\" \/>\n<meta property=\"og:title\" content=\"APEADEIRO - NUNO CARDOSO - No IPDJ Viseu dia 4 de novembro - R\u00e1dio Clube do D\u00e3o\" \/>\n<meta property=\"og:description\" content=\"\u201cApeadeiro\u201d, terceira etapa do tr\u00edptico de solos de Nuno Cardoso \u00e9 assumidamente autobiogr\u00e1fico. Tomando como mat\u00e9ria referencial quer a vila onde nasceu e cresceu, quer a sua experi\u00eancia ao longo dos anos como ator e...\" \/>\n<meta property=\"og:url\" content=\"https:\/\/www.radioclubedodao.pt\/site\/2018\/10\/31\/apeadeiro-nuno-cardoso-no-ipdj-viseu\/\" \/>\n<meta property=\"og:site_name\" content=\"R\u00e1dio Clube do D\u00e3o\" \/>\n<meta property=\"article:publisher\" content=\"https:\/\/www.facebook.com\/radioclubedodao\/\" \/>\n<meta property=\"article:published_time\" content=\"2018-10-31T13:15:42+00:00\" \/>\n<meta property=\"article:modified_time\" content=\"2018-10-31T13:02:09+00:00\" \/>\n<meta name=\"author\" content=\"admin\" \/>\n<meta name=\"twitter:card\" content=\"summary_large_image\" \/>\n<meta name=\"twitter:creator\" content=\"@ClubeDao\" \/>\n<meta name=\"twitter:site\" content=\"@ClubeDao\" \/>\n<meta name=\"twitter:label1\" content=\"Escrito por\" \/>\n\t<meta name=\"twitter:data1\" content=\"admin\" \/>\n\t<meta name=\"twitter:label2\" content=\"Tempo estimado de leitura\" \/>\n\t<meta name=\"twitter:data2\" content=\"1 minuto\" \/>\n<script type=\"application\/ld+json\" class=\"yoast-schema-graph\">{\"@context\":\"https:\/\/schema.org\",\"@graph\":[{\"@type\":\"Article\",\"@id\":\"https:\/\/www.radioclubedodao.pt\/site\/2018\/10\/31\/apeadeiro-nuno-cardoso-no-ipdj-viseu\/#article\",\"isPartOf\":{\"@id\":\"https:\/\/www.radioclubedodao.pt\/site\/2018\/10\/31\/apeadeiro-nuno-cardoso-no-ipdj-viseu\/\"},\"author\":{\"name\":\"admin\",\"@id\":\"https:\/\/www.radioclubedodao.pt\/site\/#\/schema\/person\/cd7a28554f264c1876d790fedfddf499\"},\"headline\":\"APEADEIRO &#8211; NUNO CARDOSO &#8211; No IPDJ Viseu dia 4 de novembro\",\"datePublished\":\"2018-10-31T13:15:42+00:00\",\"dateModified\":\"2018-10-31T13:02:09+00:00\",\"mainEntityOfPage\":{\"@id\":\"https:\/\/www.radioclubedodao.pt\/site\/2018\/10\/31\/apeadeiro-nuno-cardoso-no-ipdj-viseu\/\"},\"wordCount\":250,\"commentCount\":0,\"publisher\":{\"@id\":\"https:\/\/www.radioclubedodao.pt\/site\/#organization\"},\"articleSection\":[\"Cultura\",\"Local\",\"Not\u00edcias\",\"Regional\"],\"inLanguage\":\"pt-PT\",\"potentialAction\":[{\"@type\":\"CommentAction\",\"name\":\"Comment\",\"target\":[\"https:\/\/www.radioclubedodao.pt\/site\/2018\/10\/31\/apeadeiro-nuno-cardoso-no-ipdj-viseu\/#respond\"]}]},{\"@type\":\"WebPage\",\"@id\":\"https:\/\/www.radioclubedodao.pt\/site\/2018\/10\/31\/apeadeiro-nuno-cardoso-no-ipdj-viseu\/\",\"url\":\"https:\/\/www.radioclubedodao.pt\/site\/2018\/10\/31\/apeadeiro-nuno-cardoso-no-ipdj-viseu\/\",\"name\":\"APEADEIRO - NUNO CARDOSO - No IPDJ Viseu dia 4 de novembro - R\u00e1dio Clube do D\u00e3o\",\"isPartOf\":{\"@id\":\"https:\/\/www.radioclubedodao.pt\/site\/#website\"},\"datePublished\":\"2018-10-31T13:15:42+00:00\",\"dateModified\":\"2018-10-31T13:02:09+00:00\",\"breadcrumb\":{\"@id\":\"https:\/\/www.radioclubedodao.pt\/site\/2018\/10\/31\/apeadeiro-nuno-cardoso-no-ipdj-viseu\/#breadcrumb\"},\"inLanguage\":\"pt-PT\",\"potentialAction\":[{\"@type\":\"ReadAction\",\"target\":[\"https:\/\/www.radioclubedodao.pt\/site\/2018\/10\/31\/apeadeiro-nuno-cardoso-no-ipdj-viseu\/\"]}]},{\"@type\":\"BreadcrumbList\",\"@id\":\"https:\/\/www.radioclubedodao.pt\/site\/2018\/10\/31\/apeadeiro-nuno-cardoso-no-ipdj-viseu\/#breadcrumb\",\"itemListElement\":[{\"@type\":\"ListItem\",\"position\":1,\"name\":\"In\u00edcio\",\"item\":\"https:\/\/www.radioclubedodao.pt\/site\/\"},{\"@type\":\"ListItem\",\"position\":2,\"name\":\"APEADEIRO &#8211; NUNO CARDOSO &#8211; No IPDJ Viseu dia 4 de novembro\"}]},{\"@type\":\"WebSite\",\"@id\":\"https:\/\/www.radioclubedodao.pt\/site\/#website\",\"url\":\"https:\/\/www.radioclubedodao.pt\/site\/\",\"name\":\"R\u00e1dio Clube do D\u00e3o\",\"description\":\"webr\u00e1dio\",\"publisher\":{\"@id\":\"https:\/\/www.radioclubedodao.pt\/site\/#organization\"},\"potentialAction\":[{\"@type\":\"SearchAction\",\"target\":{\"@type\":\"EntryPoint\",\"urlTemplate\":\"https:\/\/www.radioclubedodao.pt\/site\/?s={search_term_string}\"},\"query-input\":{\"@type\":\"PropertyValueSpecification\",\"valueRequired\":true,\"valueName\":\"search_term_string\"}}],\"inLanguage\":\"pt-PT\"},{\"@type\":\"Organization\",\"@id\":\"https:\/\/www.radioclubedodao.pt\/site\/#organization\",\"name\":\"R\u00e1dio Clube do D\u00e3o\",\"url\":\"https:\/\/www.radioclubedodao.pt\/site\/\",\"logo\":{\"@type\":\"ImageObject\",\"inLanguage\":\"pt-PT\",\"@id\":\"https:\/\/www.radioclubedodao.pt\/site\/#\/schema\/logo\/image\/\",\"url\":\"https:\/\/www.radioclubedodao.pt\/site\/wp-content\/uploads\/2018\/09\/10959501_1528800417385471_8159620885825168864_n.png\",\"contentUrl\":\"https:\/\/www.radioclubedodao.pt\/site\/wp-content\/uploads\/2018\/09\/10959501_1528800417385471_8159620885825168864_n.png\",\"width\":960,\"height\":678,\"caption\":\"R\u00e1dio Clube do D\u00e3o\"},\"image\":{\"@id\":\"https:\/\/www.radioclubedodao.pt\/site\/#\/schema\/logo\/image\/\"},\"sameAs\":[\"https:\/\/www.facebook.com\/radioclubedodao\/\",\"https:\/\/x.com\/ClubeDao\",\"https:\/\/www.instagram.com\/rcdao\/?hl=pt\"]},{\"@type\":\"Person\",\"@id\":\"https:\/\/www.radioclubedodao.pt\/site\/#\/schema\/person\/cd7a28554f264c1876d790fedfddf499\",\"name\":\"admin\",\"image\":{\"@type\":\"ImageObject\",\"inLanguage\":\"pt-PT\",\"@id\":\"https:\/\/www.radioclubedodao.pt\/site\/#\/schema\/person\/image\/\",\"url\":\"https:\/\/secure.gravatar.com\/avatar\/34c95391003e4d74dd8a7ac6916f4230?s=96&d=mm&r=g\",\"contentUrl\":\"https:\/\/secure.gravatar.com\/avatar\/34c95391003e4d74dd8a7ac6916f4230?s=96&d=mm&r=g\",\"caption\":\"admin\"}}]}<\/script>\n<!-- \/ Yoast SEO plugin. -->","yoast_head_json":{"title":"APEADEIRO - NUNO CARDOSO - No IPDJ Viseu dia 4 de novembro - R\u00e1dio Clube do D\u00e3o","robots":{"index":"index","follow":"follow","max-snippet":"max-snippet:-1","max-image-preview":"max-image-preview:large","max-video-preview":"max-video-preview:-1"},"canonical":"https:\/\/www.radioclubedodao.pt\/site\/2018\/10\/31\/apeadeiro-nuno-cardoso-no-ipdj-viseu\/","og_locale":"pt_PT","og_type":"article","og_title":"APEADEIRO - NUNO CARDOSO - No IPDJ Viseu dia 4 de novembro - R\u00e1dio Clube do D\u00e3o","og_description":"\u201cApeadeiro\u201d, terceira etapa do tr\u00edptico de solos de Nuno Cardoso \u00e9 assumidamente autobiogr\u00e1fico. Tomando como mat\u00e9ria referencial quer a vila onde nasceu e cresceu, quer a sua experi\u00eancia ao longo dos anos como ator e...","og_url":"https:\/\/www.radioclubedodao.pt\/site\/2018\/10\/31\/apeadeiro-nuno-cardoso-no-ipdj-viseu\/","og_site_name":"R\u00e1dio Clube do D\u00e3o","article_publisher":"https:\/\/www.facebook.com\/radioclubedodao\/","article_published_time":"2018-10-31T13:15:42+00:00","article_modified_time":"2018-10-31T13:02:09+00:00","author":"admin","twitter_card":"summary_large_image","twitter_creator":"@ClubeDao","twitter_site":"@ClubeDao","twitter_misc":{"Escrito por":"admin","Tempo estimado de leitura":"1 minuto"},"schema":{"@context":"https:\/\/schema.org","@graph":[{"@type":"Article","@id":"https:\/\/www.radioclubedodao.pt\/site\/2018\/10\/31\/apeadeiro-nuno-cardoso-no-ipdj-viseu\/#article","isPartOf":{"@id":"https:\/\/www.radioclubedodao.pt\/site\/2018\/10\/31\/apeadeiro-nuno-cardoso-no-ipdj-viseu\/"},"author":{"name":"admin","@id":"https:\/\/www.radioclubedodao.pt\/site\/#\/schema\/person\/cd7a28554f264c1876d790fedfddf499"},"headline":"APEADEIRO &#8211; NUNO CARDOSO &#8211; No IPDJ Viseu dia 4 de novembro","datePublished":"2018-10-31T13:15:42+00:00","dateModified":"2018-10-31T13:02:09+00:00","mainEntityOfPage":{"@id":"https:\/\/www.radioclubedodao.pt\/site\/2018\/10\/31\/apeadeiro-nuno-cardoso-no-ipdj-viseu\/"},"wordCount":250,"commentCount":0,"publisher":{"@id":"https:\/\/www.radioclubedodao.pt\/site\/#organization"},"articleSection":["Cultura","Local","Not\u00edcias","Regional"],"inLanguage":"pt-PT","potentialAction":[{"@type":"CommentAction","name":"Comment","target":["https:\/\/www.radioclubedodao.pt\/site\/2018\/10\/31\/apeadeiro-nuno-cardoso-no-ipdj-viseu\/#respond"]}]},{"@type":"WebPage","@id":"https:\/\/www.radioclubedodao.pt\/site\/2018\/10\/31\/apeadeiro-nuno-cardoso-no-ipdj-viseu\/","url":"https:\/\/www.radioclubedodao.pt\/site\/2018\/10\/31\/apeadeiro-nuno-cardoso-no-ipdj-viseu\/","name":"APEADEIRO - NUNO CARDOSO - No IPDJ Viseu dia 4 de novembro - R\u00e1dio Clube do D\u00e3o","isPartOf":{"@id":"https:\/\/www.radioclubedodao.pt\/site\/#website"},"datePublished":"2018-10-31T13:15:42+00:00","dateModified":"2018-10-31T13:02:09+00:00","breadcrumb":{"@id":"https:\/\/www.radioclubedodao.pt\/site\/2018\/10\/31\/apeadeiro-nuno-cardoso-no-ipdj-viseu\/#breadcrumb"},"inLanguage":"pt-PT","potentialAction":[{"@type":"ReadAction","target":["https:\/\/www.radioclubedodao.pt\/site\/2018\/10\/31\/apeadeiro-nuno-cardoso-no-ipdj-viseu\/"]}]},{"@type":"BreadcrumbList","@id":"https:\/\/www.radioclubedodao.pt\/site\/2018\/10\/31\/apeadeiro-nuno-cardoso-no-ipdj-viseu\/#breadcrumb","itemListElement":[{"@type":"ListItem","position":1,"name":"In\u00edcio","item":"https:\/\/www.radioclubedodao.pt\/site\/"},{"@type":"ListItem","position":2,"name":"APEADEIRO &#8211; NUNO CARDOSO &#8211; No IPDJ Viseu dia 4 de novembro"}]},{"@type":"WebSite","@id":"https:\/\/www.radioclubedodao.pt\/site\/#website","url":"https:\/\/www.radioclubedodao.pt\/site\/","name":"R\u00e1dio Clube do D\u00e3o","description":"webr\u00e1dio","publisher":{"@id":"https:\/\/www.radioclubedodao.pt\/site\/#organization"},"potentialAction":[{"@type":"SearchAction","target":{"@type":"EntryPoint","urlTemplate":"https:\/\/www.radioclubedodao.pt\/site\/?s={search_term_string}"},"query-input":{"@type":"PropertyValueSpecification","valueRequired":true,"valueName":"search_term_string"}}],"inLanguage":"pt-PT"},{"@type":"Organization","@id":"https:\/\/www.radioclubedodao.pt\/site\/#organization","name":"R\u00e1dio Clube do D\u00e3o","url":"https:\/\/www.radioclubedodao.pt\/site\/","logo":{"@type":"ImageObject","inLanguage":"pt-PT","@id":"https:\/\/www.radioclubedodao.pt\/site\/#\/schema\/logo\/image\/","url":"https:\/\/www.radioclubedodao.pt\/site\/wp-content\/uploads\/2018\/09\/10959501_1528800417385471_8159620885825168864_n.png","contentUrl":"https:\/\/www.radioclubedodao.pt\/site\/wp-content\/uploads\/2018\/09\/10959501_1528800417385471_8159620885825168864_n.png","width":960,"height":678,"caption":"R\u00e1dio Clube do D\u00e3o"},"image":{"@id":"https:\/\/www.radioclubedodao.pt\/site\/#\/schema\/logo\/image\/"},"sameAs":["https:\/\/www.facebook.com\/radioclubedodao\/","https:\/\/x.com\/ClubeDao","https:\/\/www.instagram.com\/rcdao\/?hl=pt"]},{"@type":"Person","@id":"https:\/\/www.radioclubedodao.pt\/site\/#\/schema\/person\/cd7a28554f264c1876d790fedfddf499","name":"admin","image":{"@type":"ImageObject","inLanguage":"pt-PT","@id":"https:\/\/www.radioclubedodao.pt\/site\/#\/schema\/person\/image\/","url":"https:\/\/secure.gravatar.com\/avatar\/34c95391003e4d74dd8a7ac6916f4230?s=96&d=mm&r=g","contentUrl":"https:\/\/secure.gravatar.com\/avatar\/34c95391003e4d74dd8a7ac6916f4230?s=96&d=mm&r=g","caption":"admin"}}]}},"_links":{"self":[{"href":"https:\/\/www.radioclubedodao.pt\/site\/wp-json\/wp\/v2\/posts\/583","targetHints":{"allow":["GET"]}}],"collection":[{"href":"https:\/\/www.radioclubedodao.pt\/site\/wp-json\/wp\/v2\/posts"}],"about":[{"href":"https:\/\/www.radioclubedodao.pt\/site\/wp-json\/wp\/v2\/types\/post"}],"author":[{"embeddable":true,"href":"https:\/\/www.radioclubedodao.pt\/site\/wp-json\/wp\/v2\/users\/1"}],"replies":[{"embeddable":true,"href":"https:\/\/www.radioclubedodao.pt\/site\/wp-json\/wp\/v2\/comments?post=583"}],"version-history":[{"count":2,"href":"https:\/\/www.radioclubedodao.pt\/site\/wp-json\/wp\/v2\/posts\/583\/revisions"}],"predecessor-version":[{"id":587,"href":"https:\/\/www.radioclubedodao.pt\/site\/wp-json\/wp\/v2\/posts\/583\/revisions\/587"}],"wp:attachment":[{"href":"https:\/\/www.radioclubedodao.pt\/site\/wp-json\/wp\/v2\/media?parent=583"}],"wp:term":[{"taxonomy":"category","embeddable":true,"href":"https:\/\/www.radioclubedodao.pt\/site\/wp-json\/wp\/v2\/categories?post=583"},{"taxonomy":"post_tag","embeddable":true,"href":"https:\/\/www.radioclubedodao.pt\/site\/wp-json\/wp\/v2\/tags?post=583"},{"taxonomy":"podcasting_podcasts","embeddable":true,"href":"https:\/\/www.radioclubedodao.pt\/site\/wp-json\/wp\/v2\/podcasting_podcasts?post=583"}],"curies":[{"name":"wp","href":"https:\/\/api.w.org\/{rel}","templated":true}]}}