{"id":605,"date":"2018-11-04T18:24:16","date_gmt":"2018-11-04T18:24:16","guid":{"rendered":"https:\/\/www.radioclubedodao.pt\/site\/?p=605"},"modified":"2018-11-04T20:27:34","modified_gmt":"2018-11-04T20:27:34","slug":"a-terra-treme-5-novembro-2018-11h05","status":"publish","type":"post","link":"https:\/\/www.radioclubedodao.pt\/site\/2018\/11\/04\/a-terra-treme-5-novembro-2018-11h05\/","title":{"rendered":"A Terra Treme &#8211; 5 novembro 2018 &#8211; 11h05"},"content":{"rendered":"<h1 class=\"vermelho-color fs18\"><strong>EXERC\u00cdCIO P\u00daBLICO DE SENSIBILIZA\u00c7\u00c3O\u00a0 PARA O RISCO S\u00cdSMICO<\/strong><\/h1>\n<p>&nbsp;<\/p>\n<p class=\"fs12 branco-color\"><strong>O exerc\u00edcio nacional A TERRA TREME realiza-se no pr\u00f3ximo dia\u00a05 de novembro, pelas 11h05.<\/strong><\/p>\n<p><strong>Esta iniciativa \u00e9 promovida pela\u00a0<a href=\"http:\/\/www.prociv.pt\/\" target=\"_blank\" rel=\"noopener\">Autoridade Nacional de Prote\u00e7\u00e3o Civil<\/a>\u00a0e procura chamar a aten\u00e7\u00e3o para o risco s\u00edsmico e para a import\u00e2ncia de comportamentos simples que os cidad\u00e3os devem adotar em caso de sismo, mas que podem salvar vidas.<\/strong><\/p>\n<p class=\"fs12 branco-color\"><strong>Tem a dura\u00e7\u00e3o de apenas 1 minuto, durante o qual os participantes s\u00e3o convidados a executar os 3 gestos que salvam: BAIXAR, PROTEGER E AGUARDAR.<\/strong><\/p>\n<p class=\"fs12 branco-color\"><strong>Todos podem e devem participar: individualmente ou em grupo, em qualquer local onde se encontrem. E para que possamos acompanhar os participantes em todo o pais, convidamos para que fa\u00e7am o seu\u00a0<a href=\"http:\/\/www.aterratreme.pt\/inscreva-se\/\" target=\"_blank\" rel=\"noopener\">registo<\/a>\u00a0na zona dedicada deste site.<\/strong><\/p>\n<p class=\"fs12 branco-color\"><strong>Muitas zonas do globo s\u00e3o propensas a sismos e Portugal \u00e9 um territ\u00f3rio com zonas particularmente sens\u00edveis a este risco. Podemos estar em qualquer lado quando come\u00e7ar um sismo, mas estaremos preparados para enfrentar uma situa\u00e7\u00e3o deste tipo e recuperar dela rapidamente?<\/strong><\/p>\n<p><strong>Conhe\u00e7a ou relembre os procedimentos que deve adotar\u00a0<a href=\"http:\/\/www.aterratreme.pt\/os-7-passos\/\" target=\"_blank\" rel=\"noopener\">antes, durante e depois<\/a>\u00a0de um sismo, e organize-se, \u00e0 sua casa e fam\u00edlia em 7 passos essenciais. Divulgue esta iniciativa junto da sua fam\u00edlia, dos seus amigos e colegas de trabalho. Porque\u00a0TODOS SOMOS PROTE\u00c7\u00c3O CIVIL! <\/strong><\/p>\n<p><strong><img loading=\"lazy\" decoding=\"async\" class=\"wp-image-613 aligncenter\" src=\"https:\/\/www.radioclubedodao.pt\/site\/wp-content\/uploads\/2018\/11\/aterratreme-banner1-2018-digital-custom_2018-300x115.jpg\" alt=\"\" width=\"491\" height=\"188\" \/>\u00a0<\/strong><\/p>\n","protected":false},"excerpt":{"rendered":"<p>EXERC\u00cdCIO P\u00daBLICO DE SENSIBILIZA\u00c7\u00c3O\u00a0 PARA O RISCO S\u00cdSMICO &nbsp; O exerc\u00edcio nacional A TERRA TREME realiza-se no pr\u00f3ximo dia\u00a05 de novembro, pelas 11h05. Esta iniciativa \u00e9 promovida pela\u00a0Autoridade Nacional de Prote\u00e7\u00e3o Civil\u00a0e procura chamar a&#8230;<\/p>\n","protected":false},"author":1,"featured_media":0,"comment_status":"open","ping_status":"open","sticky":false,"template":"","format":"standard","meta":{"podcast_url":"","podcast_explicit":"no","podcast_captioned":false,"podcast_duration":"","podcast_filesize":0,"podcast_mime":"","enclosure":"","podcast_season_number":"","podcast_episode_number":"","podcast_episode_type":"none","podcast_transcript":"","sfsi_plus_gutenberg_text_before_share":"","sfsi_plus_gutenberg_show_text_before_share":"","sfsi_plus_gutenberg_icon_type":"","sfsi_plus_gutenberg_icon_alignemt":"","sfsi_plus_gutenburg_max_per_row":"","sapo_feed_post_nuts":"","footnotes":""},"categories":[7,9,3,8],"tags":[],"podcasting_podcasts":[],"class_list":["post-605","post","type-post","status-publish","format-standard","hentry","category-local","category-nacional","category-noticias","category-regional"],"yoast_head":"<!-- This site is optimized with the Yoast SEO plugin v24.1 - https:\/\/yoast.com\/wordpress\/plugins\/seo\/ -->\n<title>A Terra Treme - 5 novembro 2018 - 11h05 - R\u00e1dio Clube do D\u00e3o<\/title>\n<meta name=\"robots\" content=\"index, follow, max-snippet:-1, max-image-preview:large, max-video-preview:-1\" \/>\n<link rel=\"canonical\" href=\"https:\/\/www.radioclubedodao.pt\/site\/2018\/11\/04\/a-terra-treme-5-novembro-2018-11h05\/\" \/>\n<meta property=\"og:locale\" content=\"pt_PT\" \/>\n<meta property=\"og:type\" content=\"article\" \/>\n<meta property=\"og:title\" content=\"A Terra Treme - 5 novembro 2018 - 11h05 - R\u00e1dio Clube do D\u00e3o\" \/>\n<meta property=\"og:description\" content=\"EXERC\u00cdCIO P\u00daBLICO DE SENSIBILIZA\u00c7\u00c3O\u00a0 PARA O RISCO S\u00cdSMICO &nbsp; O exerc\u00edcio nacional A TERRA TREME realiza-se no pr\u00f3ximo dia\u00a05 de novembro, pelas 11h05. Esta iniciativa \u00e9 promovida pela\u00a0Autoridade Nacional de Prote\u00e7\u00e3o Civil\u00a0e procura chamar a...\" \/>\n<meta property=\"og:url\" content=\"https:\/\/www.radioclubedodao.pt\/site\/2018\/11\/04\/a-terra-treme-5-novembro-2018-11h05\/\" \/>\n<meta property=\"og:site_name\" content=\"R\u00e1dio Clube do D\u00e3o\" \/>\n<meta property=\"article:publisher\" content=\"https:\/\/www.facebook.com\/radioclubedodao\/\" \/>\n<meta property=\"article:published_time\" content=\"2018-11-04T18:24:16+00:00\" \/>\n<meta property=\"article:modified_time\" content=\"2018-11-04T20:27:34+00:00\" \/>\n<meta property=\"og:image\" content=\"https:\/\/www.radioclubedodao.pt\/site\/wp-content\/uploads\/2018\/11\/aterratreme-banner1-2018-digital-custom_2018-300x115.jpg\" \/>\n<meta name=\"author\" content=\"admin\" \/>\n<meta name=\"twitter:card\" content=\"summary_large_image\" \/>\n<meta name=\"twitter:creator\" content=\"@ClubeDao\" \/>\n<meta name=\"twitter:site\" content=\"@ClubeDao\" \/>\n<meta name=\"twitter:label1\" content=\"Escrito por\" \/>\n\t<meta name=\"twitter:data1\" content=\"admin\" \/>\n\t<meta name=\"twitter:label2\" content=\"Tempo estimado de leitura\" \/>\n\t<meta name=\"twitter:data2\" content=\"1 minuto\" \/>\n<script type=\"application\/ld+json\" class=\"yoast-schema-graph\">{\"@context\":\"https:\/\/schema.org\",\"@graph\":[{\"@type\":\"Article\",\"@id\":\"https:\/\/www.radioclubedodao.pt\/site\/2018\/11\/04\/a-terra-treme-5-novembro-2018-11h05\/#article\",\"isPartOf\":{\"@id\":\"https:\/\/www.radioclubedodao.pt\/site\/2018\/11\/04\/a-terra-treme-5-novembro-2018-11h05\/\"},\"author\":{\"name\":\"admin\",\"@id\":\"https:\/\/www.radioclubedodao.pt\/site\/#\/schema\/person\/cd7a28554f264c1876d790fedfddf499\"},\"headline\":\"A Terra Treme &#8211; 5 novembro 2018 &#8211; 11h05\",\"datePublished\":\"2018-11-04T18:24:16+00:00\",\"dateModified\":\"2018-11-04T20:27:34+00:00\",\"mainEntityOfPage\":{\"@id\":\"https:\/\/www.radioclubedodao.pt\/site\/2018\/11\/04\/a-terra-treme-5-novembro-2018-11h05\/\"},\"wordCount\":237,\"commentCount\":0,\"publisher\":{\"@id\":\"https:\/\/www.radioclubedodao.pt\/site\/#organization\"},\"image\":{\"@id\":\"https:\/\/www.radioclubedodao.pt\/site\/2018\/11\/04\/a-terra-treme-5-novembro-2018-11h05\/#primaryimage\"},\"thumbnailUrl\":\"https:\/\/www.radioclubedodao.pt\/site\/wp-content\/uploads\/2018\/11\/aterratreme-banner1-2018-digital-custom_2018-300x115.jpg\",\"articleSection\":[\"Local\",\"Nacional\",\"Not\u00edcias\",\"Regional\"],\"inLanguage\":\"pt-PT\",\"potentialAction\":[{\"@type\":\"CommentAction\",\"name\":\"Comment\",\"target\":[\"https:\/\/www.radioclubedodao.pt\/site\/2018\/11\/04\/a-terra-treme-5-novembro-2018-11h05\/#respond\"]}]},{\"@type\":\"WebPage\",\"@id\":\"https:\/\/www.radioclubedodao.pt\/site\/2018\/11\/04\/a-terra-treme-5-novembro-2018-11h05\/\",\"url\":\"https:\/\/www.radioclubedodao.pt\/site\/2018\/11\/04\/a-terra-treme-5-novembro-2018-11h05\/\",\"name\":\"A Terra Treme - 5 novembro 2018 - 11h05 - R\u00e1dio Clube do D\u00e3o\",\"isPartOf\":{\"@id\":\"https:\/\/www.radioclubedodao.pt\/site\/#website\"},\"primaryImageOfPage\":{\"@id\":\"https:\/\/www.radioclubedodao.pt\/site\/2018\/11\/04\/a-terra-treme-5-novembro-2018-11h05\/#primaryimage\"},\"image\":{\"@id\":\"https:\/\/www.radioclubedodao.pt\/site\/2018\/11\/04\/a-terra-treme-5-novembro-2018-11h05\/#primaryimage\"},\"thumbnailUrl\":\"https:\/\/www.radioclubedodao.pt\/site\/wp-content\/uploads\/2018\/11\/aterratreme-banner1-2018-digital-custom_2018-300x115.jpg\",\"datePublished\":\"2018-11-04T18:24:16+00:00\",\"dateModified\":\"2018-11-04T20:27:34+00:00\",\"breadcrumb\":{\"@id\":\"https:\/\/www.radioclubedodao.pt\/site\/2018\/11\/04\/a-terra-treme-5-novembro-2018-11h05\/#breadcrumb\"},\"inLanguage\":\"pt-PT\",\"potentialAction\":[{\"@type\":\"ReadAction\",\"target\":[\"https:\/\/www.radioclubedodao.pt\/site\/2018\/11\/04\/a-terra-treme-5-novembro-2018-11h05\/\"]}]},{\"@type\":\"ImageObject\",\"inLanguage\":\"pt-PT\",\"@id\":\"https:\/\/www.radioclubedodao.pt\/site\/2018\/11\/04\/a-terra-treme-5-novembro-2018-11h05\/#primaryimage\",\"url\":\"https:\/\/www.radioclubedodao.pt\/site\/wp-content\/uploads\/2018\/11\/aterratreme-banner1-2018-digital-custom_2018-300x115.jpg\",\"contentUrl\":\"https:\/\/www.radioclubedodao.pt\/site\/wp-content\/uploads\/2018\/11\/aterratreme-banner1-2018-digital-custom_2018-300x115.jpg\"},{\"@type\":\"BreadcrumbList\",\"@id\":\"https:\/\/www.radioclubedodao.pt\/site\/2018\/11\/04\/a-terra-treme-5-novembro-2018-11h05\/#breadcrumb\",\"itemListElement\":[{\"@type\":\"ListItem\",\"position\":1,\"name\":\"In\u00edcio\",\"item\":\"https:\/\/www.radioclubedodao.pt\/site\/\"},{\"@type\":\"ListItem\",\"position\":2,\"name\":\"A Terra Treme &#8211; 5 novembro 2018 &#8211; 11h05\"}]},{\"@type\":\"WebSite\",\"@id\":\"https:\/\/www.radioclubedodao.pt\/site\/#website\",\"url\":\"https:\/\/www.radioclubedodao.pt\/site\/\",\"name\":\"R\u00e1dio Clube do D\u00e3o\",\"description\":\"webr\u00e1dio\",\"publisher\":{\"@id\":\"https:\/\/www.radioclubedodao.pt\/site\/#organization\"},\"potentialAction\":[{\"@type\":\"SearchAction\",\"target\":{\"@type\":\"EntryPoint\",\"urlTemplate\":\"https:\/\/www.radioclubedodao.pt\/site\/?s={search_term_string}\"},\"query-input\":{\"@type\":\"PropertyValueSpecification\",\"valueRequired\":true,\"valueName\":\"search_term_string\"}}],\"inLanguage\":\"pt-PT\"},{\"@type\":\"Organization\",\"@id\":\"https:\/\/www.radioclubedodao.pt\/site\/#organization\",\"name\":\"R\u00e1dio Clube do D\u00e3o\",\"url\":\"https:\/\/www.radioclubedodao.pt\/site\/\",\"logo\":{\"@type\":\"ImageObject\",\"inLanguage\":\"pt-PT\",\"@id\":\"https:\/\/www.radioclubedodao.pt\/site\/#\/schema\/logo\/image\/\",\"url\":\"https:\/\/www.radioclubedodao.pt\/site\/wp-content\/uploads\/2018\/09\/10959501_1528800417385471_8159620885825168864_n.png\",\"contentUrl\":\"https:\/\/www.radioclubedodao.pt\/site\/wp-content\/uploads\/2018\/09\/10959501_1528800417385471_8159620885825168864_n.png\",\"width\":960,\"height\":678,\"caption\":\"R\u00e1dio Clube do D\u00e3o\"},\"image\":{\"@id\":\"https:\/\/www.radioclubedodao.pt\/site\/#\/schema\/logo\/image\/\"},\"sameAs\":[\"https:\/\/www.facebook.com\/radioclubedodao\/\",\"https:\/\/x.com\/ClubeDao\",\"https:\/\/www.instagram.com\/rcdao\/?hl=pt\"]},{\"@type\":\"Person\",\"@id\":\"https:\/\/www.radioclubedodao.pt\/site\/#\/schema\/person\/cd7a28554f264c1876d790fedfddf499\",\"name\":\"admin\",\"image\":{\"@type\":\"ImageObject\",\"inLanguage\":\"pt-PT\",\"@id\":\"https:\/\/www.radioclubedodao.pt\/site\/#\/schema\/person\/image\/\",\"url\":\"https:\/\/secure.gravatar.com\/avatar\/34c95391003e4d74dd8a7ac6916f4230?s=96&d=mm&r=g\",\"contentUrl\":\"https:\/\/secure.gravatar.com\/avatar\/34c95391003e4d74dd8a7ac6916f4230?s=96&d=mm&r=g\",\"caption\":\"admin\"}}]}<\/script>\n<!-- \/ Yoast SEO plugin. -->","yoast_head_json":{"title":"A Terra Treme - 5 novembro 2018 - 11h05 - R\u00e1dio Clube do D\u00e3o","robots":{"index":"index","follow":"follow","max-snippet":"max-snippet:-1","max-image-preview":"max-image-preview:large","max-video-preview":"max-video-preview:-1"},"canonical":"https:\/\/www.radioclubedodao.pt\/site\/2018\/11\/04\/a-terra-treme-5-novembro-2018-11h05\/","og_locale":"pt_PT","og_type":"article","og_title":"A Terra Treme - 5 novembro 2018 - 11h05 - R\u00e1dio Clube do D\u00e3o","og_description":"EXERC\u00cdCIO P\u00daBLICO DE SENSIBILIZA\u00c7\u00c3O\u00a0 PARA O RISCO S\u00cdSMICO &nbsp; O exerc\u00edcio nacional A TERRA TREME realiza-se no pr\u00f3ximo dia\u00a05 de novembro, pelas 11h05. Esta iniciativa \u00e9 promovida pela\u00a0Autoridade Nacional de Prote\u00e7\u00e3o Civil\u00a0e procura chamar a...","og_url":"https:\/\/www.radioclubedodao.pt\/site\/2018\/11\/04\/a-terra-treme-5-novembro-2018-11h05\/","og_site_name":"R\u00e1dio Clube do D\u00e3o","article_publisher":"https:\/\/www.facebook.com\/radioclubedodao\/","article_published_time":"2018-11-04T18:24:16+00:00","article_modified_time":"2018-11-04T20:27:34+00:00","og_image":[{"url":"https:\/\/www.radioclubedodao.pt\/site\/wp-content\/uploads\/2018\/11\/aterratreme-banner1-2018-digital-custom_2018-300x115.jpg","type":"","width":"","height":""}],"author":"admin","twitter_card":"summary_large_image","twitter_creator":"@ClubeDao","twitter_site":"@ClubeDao","twitter_misc":{"Escrito por":"admin","Tempo estimado de leitura":"1 minuto"},"schema":{"@context":"https:\/\/schema.org","@graph":[{"@type":"Article","@id":"https:\/\/www.radioclubedodao.pt\/site\/2018\/11\/04\/a-terra-treme-5-novembro-2018-11h05\/#article","isPartOf":{"@id":"https:\/\/www.radioclubedodao.pt\/site\/2018\/11\/04\/a-terra-treme-5-novembro-2018-11h05\/"},"author":{"name":"admin","@id":"https:\/\/www.radioclubedodao.pt\/site\/#\/schema\/person\/cd7a28554f264c1876d790fedfddf499"},"headline":"A Terra Treme &#8211; 5 novembro 2018 &#8211; 11h05","datePublished":"2018-11-04T18:24:16+00:00","dateModified":"2018-11-04T20:27:34+00:00","mainEntityOfPage":{"@id":"https:\/\/www.radioclubedodao.pt\/site\/2018\/11\/04\/a-terra-treme-5-novembro-2018-11h05\/"},"wordCount":237,"commentCount":0,"publisher":{"@id":"https:\/\/www.radioclubedodao.pt\/site\/#organization"},"image":{"@id":"https:\/\/www.radioclubedodao.pt\/site\/2018\/11\/04\/a-terra-treme-5-novembro-2018-11h05\/#primaryimage"},"thumbnailUrl":"https:\/\/www.radioclubedodao.pt\/site\/wp-content\/uploads\/2018\/11\/aterratreme-banner1-2018-digital-custom_2018-300x115.jpg","articleSection":["Local","Nacional","Not\u00edcias","Regional"],"inLanguage":"pt-PT","potentialAction":[{"@type":"CommentAction","name":"Comment","target":["https:\/\/www.radioclubedodao.pt\/site\/2018\/11\/04\/a-terra-treme-5-novembro-2018-11h05\/#respond"]}]},{"@type":"WebPage","@id":"https:\/\/www.radioclubedodao.pt\/site\/2018\/11\/04\/a-terra-treme-5-novembro-2018-11h05\/","url":"https:\/\/www.radioclubedodao.pt\/site\/2018\/11\/04\/a-terra-treme-5-novembro-2018-11h05\/","name":"A Terra Treme - 5 novembro 2018 - 11h05 - R\u00e1dio Clube do D\u00e3o","isPartOf":{"@id":"https:\/\/www.radioclubedodao.pt\/site\/#website"},"primaryImageOfPage":{"@id":"https:\/\/www.radioclubedodao.pt\/site\/2018\/11\/04\/a-terra-treme-5-novembro-2018-11h05\/#primaryimage"},"image":{"@id":"https:\/\/www.radioclubedodao.pt\/site\/2018\/11\/04\/a-terra-treme-5-novembro-2018-11h05\/#primaryimage"},"thumbnailUrl":"https:\/\/www.radioclubedodao.pt\/site\/wp-content\/uploads\/2018\/11\/aterratreme-banner1-2018-digital-custom_2018-300x115.jpg","datePublished":"2018-11-04T18:24:16+00:00","dateModified":"2018-11-04T20:27:34+00:00","breadcrumb":{"@id":"https:\/\/www.radioclubedodao.pt\/site\/2018\/11\/04\/a-terra-treme-5-novembro-2018-11h05\/#breadcrumb"},"inLanguage":"pt-PT","potentialAction":[{"@type":"ReadAction","target":["https:\/\/www.radioclubedodao.pt\/site\/2018\/11\/04\/a-terra-treme-5-novembro-2018-11h05\/"]}]},{"@type":"ImageObject","inLanguage":"pt-PT","@id":"https:\/\/www.radioclubedodao.pt\/site\/2018\/11\/04\/a-terra-treme-5-novembro-2018-11h05\/#primaryimage","url":"https:\/\/www.radioclubedodao.pt\/site\/wp-content\/uploads\/2018\/11\/aterratreme-banner1-2018-digital-custom_2018-300x115.jpg","contentUrl":"https:\/\/www.radioclubedodao.pt\/site\/wp-content\/uploads\/2018\/11\/aterratreme-banner1-2018-digital-custom_2018-300x115.jpg"},{"@type":"BreadcrumbList","@id":"https:\/\/www.radioclubedodao.pt\/site\/2018\/11\/04\/a-terra-treme-5-novembro-2018-11h05\/#breadcrumb","itemListElement":[{"@type":"ListItem","position":1,"name":"In\u00edcio","item":"https:\/\/www.radioclubedodao.pt\/site\/"},{"@type":"ListItem","position":2,"name":"A Terra Treme &#8211; 5 novembro 2018 &#8211; 11h05"}]},{"@type":"WebSite","@id":"https:\/\/www.radioclubedodao.pt\/site\/#website","url":"https:\/\/www.radioclubedodao.pt\/site\/","name":"R\u00e1dio Clube do D\u00e3o","description":"webr\u00e1dio","publisher":{"@id":"https:\/\/www.radioclubedodao.pt\/site\/#organization"},"potentialAction":[{"@type":"SearchAction","target":{"@type":"EntryPoint","urlTemplate":"https:\/\/www.radioclubedodao.pt\/site\/?s={search_term_string}"},"query-input":{"@type":"PropertyValueSpecification","valueRequired":true,"valueName":"search_term_string"}}],"inLanguage":"pt-PT"},{"@type":"Organization","@id":"https:\/\/www.radioclubedodao.pt\/site\/#organization","name":"R\u00e1dio Clube do D\u00e3o","url":"https:\/\/www.radioclubedodao.pt\/site\/","logo":{"@type":"ImageObject","inLanguage":"pt-PT","@id":"https:\/\/www.radioclubedodao.pt\/site\/#\/schema\/logo\/image\/","url":"https:\/\/www.radioclubedodao.pt\/site\/wp-content\/uploads\/2018\/09\/10959501_1528800417385471_8159620885825168864_n.png","contentUrl":"https:\/\/www.radioclubedodao.pt\/site\/wp-content\/uploads\/2018\/09\/10959501_1528800417385471_8159620885825168864_n.png","width":960,"height":678,"caption":"R\u00e1dio Clube do D\u00e3o"},"image":{"@id":"https:\/\/www.radioclubedodao.pt\/site\/#\/schema\/logo\/image\/"},"sameAs":["https:\/\/www.facebook.com\/radioclubedodao\/","https:\/\/x.com\/ClubeDao","https:\/\/www.instagram.com\/rcdao\/?hl=pt"]},{"@type":"Person","@id":"https:\/\/www.radioclubedodao.pt\/site\/#\/schema\/person\/cd7a28554f264c1876d790fedfddf499","name":"admin","image":{"@type":"ImageObject","inLanguage":"pt-PT","@id":"https:\/\/www.radioclubedodao.pt\/site\/#\/schema\/person\/image\/","url":"https:\/\/secure.gravatar.com\/avatar\/34c95391003e4d74dd8a7ac6916f4230?s=96&d=mm&r=g","contentUrl":"https:\/\/secure.gravatar.com\/avatar\/34c95391003e4d74dd8a7ac6916f4230?s=96&d=mm&r=g","caption":"admin"}}]}},"_links":{"self":[{"href":"https:\/\/www.radioclubedodao.pt\/site\/wp-json\/wp\/v2\/posts\/605","targetHints":{"allow":["GET"]}}],"collection":[{"href":"https:\/\/www.radioclubedodao.pt\/site\/wp-json\/wp\/v2\/posts"}],"about":[{"href":"https:\/\/www.radioclubedodao.pt\/site\/wp-json\/wp\/v2\/types\/post"}],"author":[{"embeddable":true,"href":"https:\/\/www.radioclubedodao.pt\/site\/wp-json\/wp\/v2\/users\/1"}],"replies":[{"embeddable":true,"href":"https:\/\/www.radioclubedodao.pt\/site\/wp-json\/wp\/v2\/comments?post=605"}],"version-history":[{"count":3,"href":"https:\/\/www.radioclubedodao.pt\/site\/wp-json\/wp\/v2\/posts\/605\/revisions"}],"predecessor-version":[{"id":611,"href":"https:\/\/www.radioclubedodao.pt\/site\/wp-json\/wp\/v2\/posts\/605\/revisions\/611"}],"wp:attachment":[{"href":"https:\/\/www.radioclubedodao.pt\/site\/wp-json\/wp\/v2\/media?parent=605"}],"wp:term":[{"taxonomy":"category","embeddable":true,"href":"https:\/\/www.radioclubedodao.pt\/site\/wp-json\/wp\/v2\/categories?post=605"},{"taxonomy":"post_tag","embeddable":true,"href":"https:\/\/www.radioclubedodao.pt\/site\/wp-json\/wp\/v2\/tags?post=605"},{"taxonomy":"podcasting_podcasts","embeddable":true,"href":"https:\/\/www.radioclubedodao.pt\/site\/wp-json\/wp\/v2\/podcasting_podcasts?post=605"}],"curies":[{"name":"wp","href":"https:\/\/api.w.org\/{rel}","templated":true}]}}