{"id":742,"date":"2018-12-20T12:12:30","date_gmt":"2018-12-20T12:12:30","guid":{"rendered":"https:\/\/www.radioclubedodao.pt\/site\/?p=742"},"modified":"2018-12-20T12:12:30","modified_gmt":"2018-12-20T12:12:30","slug":"novos-parodiantes-de-lisboa-na-radio-clube-do-dao","status":"publish","type":"post","link":"https:\/\/www.radioclubedodao.pt\/site\/2018\/12\/20\/novos-parodiantes-de-lisboa-na-radio-clube-do-dao\/","title":{"rendered":"NOVOS PARODIANTES DE LISBOA NA R\u00c1DIO CLUBE DO D\u00c3O"},"content":{"rendered":"<p>N\u00e3o perca \u00e0s 13h00 e 21h00 os NOVOS PARODIANTES DE LISBOA na R\u00e1dio Clube do D\u00e3o<\/p>\n<p><img loading=\"lazy\" decoding=\"async\" class=\"alignnone size-medium wp-image-496\" src=\"https:\/\/www.radioclubedodao.pt\/site\/wp-content\/uploads\/2018\/10\/Flyer-Novos-Parodiantes-RCD-300x93.png\" alt=\"\" width=\"300\" height=\"93\" srcset=\"https:\/\/www.radioclubedodao.pt\/site\/wp-content\/uploads\/2018\/10\/Flyer-Novos-Parodiantes-RCD-300x93.png 300w, https:\/\/www.radioclubedodao.pt\/site\/wp-content\/uploads\/2018\/10\/Flyer-Novos-Parodiantes-RCD-768x237.png 768w, https:\/\/www.radioclubedodao.pt\/site\/wp-content\/uploads\/2018\/10\/Flyer-Novos-Parodiantes-RCD.png 960w\" sizes=\"auto, (max-width: 300px) 100vw, 300px\" \/><\/p>\n<p><!--more--><\/p>\n<!--[if lt IE 9]><script>document.createElement('audio');<\/script><![endif]-->\n<audio class=\"wp-audio-shortcode\" id=\"audio-742-1\" preload=\"none\" style=\"width: 100%;\" controls=\"controls\"><source type=\"audio\/mpeg\" src=\"https:\/\/www.radioclubedodao.pt\/site\/wp-content\/uploads\/2018\/10\/Promo-Novos-Parodiantes_RCD.mp3?_=1\" \/><a href=\"https:\/\/www.radioclubedodao.pt\/site\/wp-content\/uploads\/2018\/10\/Promo-Novos-Parodiantes_RCD.mp3\">https:\/\/www.radioclubedodao.pt\/site\/wp-content\/uploads\/2018\/10\/Promo-Novos-Parodiantes_RCD.mp3<\/a><\/audio>\n","protected":false},"excerpt":{"rendered":"<p>N\u00e3o perca \u00e0s 13h00 e 21h00 os NOVOS PARODIANTES DE LISBOA na R\u00e1dio Clube do D\u00e3o<\/p>\n","protected":false},"author":1,"featured_media":0,"comment_status":"open","ping_status":"open","sticky":false,"template":"","format":"standard","meta":{"podcast_url":"","podcast_explicit":"no","podcast_captioned":false,"podcast_duration":"","podcast_filesize":0,"podcast_mime":"","enclosure":"https:\/\/www.radioclubedodao.pt\/site\/wp-content\/uploads\/2018\/10\/Promo-Novos-Parodiantes_RCD.mp3\n721505\naudio\/mpeg\n","podcast_season_number":"","podcast_episode_number":"","podcast_episode_type":"none","podcast_transcript":"","sfsi_plus_gutenberg_text_before_share":"","sfsi_plus_gutenberg_show_text_before_share":"","sfsi_plus_gutenberg_icon_type":"","sfsi_plus_gutenberg_icon_alignemt":"","sfsi_plus_gutenburg_max_per_row":"","sapo_feed_post_nuts":"","footnotes":""},"categories":[11,10,7,9,3,8],"tags":[],"podcasting_podcasts":[],"class_list":["post-742","post","type-post","status-publish","format-standard","hentry","category-cultura","category-internacional","category-local","category-nacional","category-noticias","category-regional"],"yoast_head":"<!-- This site is optimized with the Yoast SEO plugin v24.1 - https:\/\/yoast.com\/wordpress\/plugins\/seo\/ -->\n<title>NOVOS PARODIANTES DE LISBOA NA R\u00c1DIO CLUBE DO D\u00c3O - R\u00e1dio Clube do D\u00e3o<\/title>\n<meta name=\"robots\" content=\"index, follow, max-snippet:-1, max-image-preview:large, max-video-preview:-1\" \/>\n<link rel=\"canonical\" href=\"https:\/\/www.radioclubedodao.pt\/site\/2018\/12\/20\/novos-parodiantes-de-lisboa-na-radio-clube-do-dao\/\" \/>\n<meta property=\"og:locale\" content=\"pt_PT\" \/>\n<meta property=\"og:type\" content=\"article\" \/>\n<meta property=\"og:title\" content=\"NOVOS PARODIANTES DE LISBOA NA R\u00c1DIO CLUBE DO D\u00c3O - R\u00e1dio Clube do D\u00e3o\" \/>\n<meta property=\"og:description\" content=\"N\u00e3o perca \u00e0s 13h00 e 21h00 os NOVOS PARODIANTES DE LISBOA na R\u00e1dio Clube do D\u00e3o\" \/>\n<meta property=\"og:url\" content=\"https:\/\/www.radioclubedodao.pt\/site\/2018\/12\/20\/novos-parodiantes-de-lisboa-na-radio-clube-do-dao\/\" \/>\n<meta property=\"og:site_name\" content=\"R\u00e1dio Clube do D\u00e3o\" \/>\n<meta property=\"article:publisher\" content=\"https:\/\/www.facebook.com\/radioclubedodao\/\" \/>\n<meta property=\"article:published_time\" content=\"2018-12-20T12:12:30+00:00\" \/>\n<meta property=\"og:image\" content=\"https:\/\/www.radioclubedodao.pt\/site\/wp-content\/uploads\/2018\/10\/Flyer-Novos-Parodiantes-RCD-300x93.png\" \/>\n<meta name=\"author\" content=\"admin\" \/>\n<meta name=\"twitter:card\" content=\"summary_large_image\" \/>\n<meta name=\"twitter:creator\" content=\"@ClubeDao\" \/>\n<meta name=\"twitter:site\" content=\"@ClubeDao\" \/>\n<meta name=\"twitter:label1\" content=\"Escrito por\" \/>\n\t<meta name=\"twitter:data1\" content=\"admin\" \/>\n<script type=\"application\/ld+json\" class=\"yoast-schema-graph\">{\"@context\":\"https:\/\/schema.org\",\"@graph\":[{\"@type\":\"Article\",\"@id\":\"https:\/\/www.radioclubedodao.pt\/site\/2018\/12\/20\/novos-parodiantes-de-lisboa-na-radio-clube-do-dao\/#article\",\"isPartOf\":{\"@id\":\"https:\/\/www.radioclubedodao.pt\/site\/2018\/12\/20\/novos-parodiantes-de-lisboa-na-radio-clube-do-dao\/\"},\"author\":{\"name\":\"admin\",\"@id\":\"https:\/\/www.radioclubedodao.pt\/site\/#\/schema\/person\/cd7a28554f264c1876d790fedfddf499\"},\"headline\":\"NOVOS PARODIANTES DE LISBOA NA R\u00c1DIO CLUBE DO D\u00c3O\",\"datePublished\":\"2018-12-20T12:12:30+00:00\",\"dateModified\":\"2018-12-20T12:12:30+00:00\",\"mainEntityOfPage\":{\"@id\":\"https:\/\/www.radioclubedodao.pt\/site\/2018\/12\/20\/novos-parodiantes-de-lisboa-na-radio-clube-do-dao\/\"},\"wordCount\":43,\"commentCount\":0,\"publisher\":{\"@id\":\"https:\/\/www.radioclubedodao.pt\/site\/#organization\"},\"image\":{\"@id\":\"https:\/\/www.radioclubedodao.pt\/site\/2018\/12\/20\/novos-parodiantes-de-lisboa-na-radio-clube-do-dao\/#primaryimage\"},\"thumbnailUrl\":\"https:\/\/www.radioclubedodao.pt\/site\/wp-content\/uploads\/2018\/10\/Flyer-Novos-Parodiantes-RCD-300x93.png\",\"articleSection\":[\"Cultura\",\"Internacional\",\"Local\",\"Nacional\",\"Not\u00edcias\",\"Regional\"],\"inLanguage\":\"pt-PT\",\"potentialAction\":[{\"@type\":\"CommentAction\",\"name\":\"Comment\",\"target\":[\"https:\/\/www.radioclubedodao.pt\/site\/2018\/12\/20\/novos-parodiantes-de-lisboa-na-radio-clube-do-dao\/#respond\"]}]},{\"@type\":\"WebPage\",\"@id\":\"https:\/\/www.radioclubedodao.pt\/site\/2018\/12\/20\/novos-parodiantes-de-lisboa-na-radio-clube-do-dao\/\",\"url\":\"https:\/\/www.radioclubedodao.pt\/site\/2018\/12\/20\/novos-parodiantes-de-lisboa-na-radio-clube-do-dao\/\",\"name\":\"NOVOS PARODIANTES DE LISBOA NA R\u00c1DIO CLUBE DO D\u00c3O - R\u00e1dio Clube do D\u00e3o\",\"isPartOf\":{\"@id\":\"https:\/\/www.radioclubedodao.pt\/site\/#website\"},\"primaryImageOfPage\":{\"@id\":\"https:\/\/www.radioclubedodao.pt\/site\/2018\/12\/20\/novos-parodiantes-de-lisboa-na-radio-clube-do-dao\/#primaryimage\"},\"image\":{\"@id\":\"https:\/\/www.radioclubedodao.pt\/site\/2018\/12\/20\/novos-parodiantes-de-lisboa-na-radio-clube-do-dao\/#primaryimage\"},\"thumbnailUrl\":\"https:\/\/www.radioclubedodao.pt\/site\/wp-content\/uploads\/2018\/10\/Flyer-Novos-Parodiantes-RCD-300x93.png\",\"datePublished\":\"2018-12-20T12:12:30+00:00\",\"dateModified\":\"2018-12-20T12:12:30+00:00\",\"breadcrumb\":{\"@id\":\"https:\/\/www.radioclubedodao.pt\/site\/2018\/12\/20\/novos-parodiantes-de-lisboa-na-radio-clube-do-dao\/#breadcrumb\"},\"inLanguage\":\"pt-PT\",\"potentialAction\":[{\"@type\":\"ReadAction\",\"target\":[\"https:\/\/www.radioclubedodao.pt\/site\/2018\/12\/20\/novos-parodiantes-de-lisboa-na-radio-clube-do-dao\/\"]}]},{\"@type\":\"ImageObject\",\"inLanguage\":\"pt-PT\",\"@id\":\"https:\/\/www.radioclubedodao.pt\/site\/2018\/12\/20\/novos-parodiantes-de-lisboa-na-radio-clube-do-dao\/#primaryimage\",\"url\":\"https:\/\/www.radioclubedodao.pt\/site\/wp-content\/uploads\/2018\/10\/Flyer-Novos-Parodiantes-RCD-300x93.png\",\"contentUrl\":\"https:\/\/www.radioclubedodao.pt\/site\/wp-content\/uploads\/2018\/10\/Flyer-Novos-Parodiantes-RCD-300x93.png\"},{\"@type\":\"BreadcrumbList\",\"@id\":\"https:\/\/www.radioclubedodao.pt\/site\/2018\/12\/20\/novos-parodiantes-de-lisboa-na-radio-clube-do-dao\/#breadcrumb\",\"itemListElement\":[{\"@type\":\"ListItem\",\"position\":1,\"name\":\"In\u00edcio\",\"item\":\"https:\/\/www.radioclubedodao.pt\/site\/\"},{\"@type\":\"ListItem\",\"position\":2,\"name\":\"NOVOS PARODIANTES DE LISBOA NA R\u00c1DIO CLUBE DO D\u00c3O\"}]},{\"@type\":\"WebSite\",\"@id\":\"https:\/\/www.radioclubedodao.pt\/site\/#website\",\"url\":\"https:\/\/www.radioclubedodao.pt\/site\/\",\"name\":\"R\u00e1dio Clube do D\u00e3o\",\"description\":\"webr\u00e1dio\",\"publisher\":{\"@id\":\"https:\/\/www.radioclubedodao.pt\/site\/#organization\"},\"potentialAction\":[{\"@type\":\"SearchAction\",\"target\":{\"@type\":\"EntryPoint\",\"urlTemplate\":\"https:\/\/www.radioclubedodao.pt\/site\/?s={search_term_string}\"},\"query-input\":{\"@type\":\"PropertyValueSpecification\",\"valueRequired\":true,\"valueName\":\"search_term_string\"}}],\"inLanguage\":\"pt-PT\"},{\"@type\":\"Organization\",\"@id\":\"https:\/\/www.radioclubedodao.pt\/site\/#organization\",\"name\":\"R\u00e1dio Clube do D\u00e3o\",\"url\":\"https:\/\/www.radioclubedodao.pt\/site\/\",\"logo\":{\"@type\":\"ImageObject\",\"inLanguage\":\"pt-PT\",\"@id\":\"https:\/\/www.radioclubedodao.pt\/site\/#\/schema\/logo\/image\/\",\"url\":\"https:\/\/www.radioclubedodao.pt\/site\/wp-content\/uploads\/2018\/09\/10959501_1528800417385471_8159620885825168864_n.png\",\"contentUrl\":\"https:\/\/www.radioclubedodao.pt\/site\/wp-content\/uploads\/2018\/09\/10959501_1528800417385471_8159620885825168864_n.png\",\"width\":960,\"height\":678,\"caption\":\"R\u00e1dio Clube do D\u00e3o\"},\"image\":{\"@id\":\"https:\/\/www.radioclubedodao.pt\/site\/#\/schema\/logo\/image\/\"},\"sameAs\":[\"https:\/\/www.facebook.com\/radioclubedodao\/\",\"https:\/\/x.com\/ClubeDao\",\"https:\/\/www.instagram.com\/rcdao\/?hl=pt\"]},{\"@type\":\"Person\",\"@id\":\"https:\/\/www.radioclubedodao.pt\/site\/#\/schema\/person\/cd7a28554f264c1876d790fedfddf499\",\"name\":\"admin\",\"image\":{\"@type\":\"ImageObject\",\"inLanguage\":\"pt-PT\",\"@id\":\"https:\/\/www.radioclubedodao.pt\/site\/#\/schema\/person\/image\/\",\"url\":\"https:\/\/secure.gravatar.com\/avatar\/34c95391003e4d74dd8a7ac6916f4230?s=96&d=mm&r=g\",\"contentUrl\":\"https:\/\/secure.gravatar.com\/avatar\/34c95391003e4d74dd8a7ac6916f4230?s=96&d=mm&r=g\",\"caption\":\"admin\"}}]}<\/script>\n<!-- \/ Yoast SEO plugin. -->","yoast_head_json":{"title":"NOVOS PARODIANTES DE LISBOA NA R\u00c1DIO CLUBE DO D\u00c3O - R\u00e1dio Clube do D\u00e3o","robots":{"index":"index","follow":"follow","max-snippet":"max-snippet:-1","max-image-preview":"max-image-preview:large","max-video-preview":"max-video-preview:-1"},"canonical":"https:\/\/www.radioclubedodao.pt\/site\/2018\/12\/20\/novos-parodiantes-de-lisboa-na-radio-clube-do-dao\/","og_locale":"pt_PT","og_type":"article","og_title":"NOVOS PARODIANTES DE LISBOA NA R\u00c1DIO CLUBE DO D\u00c3O - R\u00e1dio Clube do D\u00e3o","og_description":"N\u00e3o perca \u00e0s 13h00 e 21h00 os NOVOS PARODIANTES DE LISBOA na R\u00e1dio Clube do D\u00e3o","og_url":"https:\/\/www.radioclubedodao.pt\/site\/2018\/12\/20\/novos-parodiantes-de-lisboa-na-radio-clube-do-dao\/","og_site_name":"R\u00e1dio Clube do D\u00e3o","article_publisher":"https:\/\/www.facebook.com\/radioclubedodao\/","article_published_time":"2018-12-20T12:12:30+00:00","og_image":[{"url":"https:\/\/www.radioclubedodao.pt\/site\/wp-content\/uploads\/2018\/10\/Flyer-Novos-Parodiantes-RCD-300x93.png","type":"","width":"","height":""}],"author":"admin","twitter_card":"summary_large_image","twitter_creator":"@ClubeDao","twitter_site":"@ClubeDao","twitter_misc":{"Escrito por":"admin"},"schema":{"@context":"https:\/\/schema.org","@graph":[{"@type":"Article","@id":"https:\/\/www.radioclubedodao.pt\/site\/2018\/12\/20\/novos-parodiantes-de-lisboa-na-radio-clube-do-dao\/#article","isPartOf":{"@id":"https:\/\/www.radioclubedodao.pt\/site\/2018\/12\/20\/novos-parodiantes-de-lisboa-na-radio-clube-do-dao\/"},"author":{"name":"admin","@id":"https:\/\/www.radioclubedodao.pt\/site\/#\/schema\/person\/cd7a28554f264c1876d790fedfddf499"},"headline":"NOVOS PARODIANTES DE LISBOA NA R\u00c1DIO CLUBE DO D\u00c3O","datePublished":"2018-12-20T12:12:30+00:00","dateModified":"2018-12-20T12:12:30+00:00","mainEntityOfPage":{"@id":"https:\/\/www.radioclubedodao.pt\/site\/2018\/12\/20\/novos-parodiantes-de-lisboa-na-radio-clube-do-dao\/"},"wordCount":43,"commentCount":0,"publisher":{"@id":"https:\/\/www.radioclubedodao.pt\/site\/#organization"},"image":{"@id":"https:\/\/www.radioclubedodao.pt\/site\/2018\/12\/20\/novos-parodiantes-de-lisboa-na-radio-clube-do-dao\/#primaryimage"},"thumbnailUrl":"https:\/\/www.radioclubedodao.pt\/site\/wp-content\/uploads\/2018\/10\/Flyer-Novos-Parodiantes-RCD-300x93.png","articleSection":["Cultura","Internacional","Local","Nacional","Not\u00edcias","Regional"],"inLanguage":"pt-PT","potentialAction":[{"@type":"CommentAction","name":"Comment","target":["https:\/\/www.radioclubedodao.pt\/site\/2018\/12\/20\/novos-parodiantes-de-lisboa-na-radio-clube-do-dao\/#respond"]}]},{"@type":"WebPage","@id":"https:\/\/www.radioclubedodao.pt\/site\/2018\/12\/20\/novos-parodiantes-de-lisboa-na-radio-clube-do-dao\/","url":"https:\/\/www.radioclubedodao.pt\/site\/2018\/12\/20\/novos-parodiantes-de-lisboa-na-radio-clube-do-dao\/","name":"NOVOS PARODIANTES DE LISBOA NA R\u00c1DIO CLUBE DO D\u00c3O - R\u00e1dio Clube do D\u00e3o","isPartOf":{"@id":"https:\/\/www.radioclubedodao.pt\/site\/#website"},"primaryImageOfPage":{"@id":"https:\/\/www.radioclubedodao.pt\/site\/2018\/12\/20\/novos-parodiantes-de-lisboa-na-radio-clube-do-dao\/#primaryimage"},"image":{"@id":"https:\/\/www.radioclubedodao.pt\/site\/2018\/12\/20\/novos-parodiantes-de-lisboa-na-radio-clube-do-dao\/#primaryimage"},"thumbnailUrl":"https:\/\/www.radioclubedodao.pt\/site\/wp-content\/uploads\/2018\/10\/Flyer-Novos-Parodiantes-RCD-300x93.png","datePublished":"2018-12-20T12:12:30+00:00","dateModified":"2018-12-20T12:12:30+00:00","breadcrumb":{"@id":"https:\/\/www.radioclubedodao.pt\/site\/2018\/12\/20\/novos-parodiantes-de-lisboa-na-radio-clube-do-dao\/#breadcrumb"},"inLanguage":"pt-PT","potentialAction":[{"@type":"ReadAction","target":["https:\/\/www.radioclubedodao.pt\/site\/2018\/12\/20\/novos-parodiantes-de-lisboa-na-radio-clube-do-dao\/"]}]},{"@type":"ImageObject","inLanguage":"pt-PT","@id":"https:\/\/www.radioclubedodao.pt\/site\/2018\/12\/20\/novos-parodiantes-de-lisboa-na-radio-clube-do-dao\/#primaryimage","url":"https:\/\/www.radioclubedodao.pt\/site\/wp-content\/uploads\/2018\/10\/Flyer-Novos-Parodiantes-RCD-300x93.png","contentUrl":"https:\/\/www.radioclubedodao.pt\/site\/wp-content\/uploads\/2018\/10\/Flyer-Novos-Parodiantes-RCD-300x93.png"},{"@type":"BreadcrumbList","@id":"https:\/\/www.radioclubedodao.pt\/site\/2018\/12\/20\/novos-parodiantes-de-lisboa-na-radio-clube-do-dao\/#breadcrumb","itemListElement":[{"@type":"ListItem","position":1,"name":"In\u00edcio","item":"https:\/\/www.radioclubedodao.pt\/site\/"},{"@type":"ListItem","position":2,"name":"NOVOS PARODIANTES DE LISBOA NA R\u00c1DIO CLUBE DO D\u00c3O"}]},{"@type":"WebSite","@id":"https:\/\/www.radioclubedodao.pt\/site\/#website","url":"https:\/\/www.radioclubedodao.pt\/site\/","name":"R\u00e1dio Clube do D\u00e3o","description":"webr\u00e1dio","publisher":{"@id":"https:\/\/www.radioclubedodao.pt\/site\/#organization"},"potentialAction":[{"@type":"SearchAction","target":{"@type":"EntryPoint","urlTemplate":"https:\/\/www.radioclubedodao.pt\/site\/?s={search_term_string}"},"query-input":{"@type":"PropertyValueSpecification","valueRequired":true,"valueName":"search_term_string"}}],"inLanguage":"pt-PT"},{"@type":"Organization","@id":"https:\/\/www.radioclubedodao.pt\/site\/#organization","name":"R\u00e1dio Clube do D\u00e3o","url":"https:\/\/www.radioclubedodao.pt\/site\/","logo":{"@type":"ImageObject","inLanguage":"pt-PT","@id":"https:\/\/www.radioclubedodao.pt\/site\/#\/schema\/logo\/image\/","url":"https:\/\/www.radioclubedodao.pt\/site\/wp-content\/uploads\/2018\/09\/10959501_1528800417385471_8159620885825168864_n.png","contentUrl":"https:\/\/www.radioclubedodao.pt\/site\/wp-content\/uploads\/2018\/09\/10959501_1528800417385471_8159620885825168864_n.png","width":960,"height":678,"caption":"R\u00e1dio Clube do D\u00e3o"},"image":{"@id":"https:\/\/www.radioclubedodao.pt\/site\/#\/schema\/logo\/image\/"},"sameAs":["https:\/\/www.facebook.com\/radioclubedodao\/","https:\/\/x.com\/ClubeDao","https:\/\/www.instagram.com\/rcdao\/?hl=pt"]},{"@type":"Person","@id":"https:\/\/www.radioclubedodao.pt\/site\/#\/schema\/person\/cd7a28554f264c1876d790fedfddf499","name":"admin","image":{"@type":"ImageObject","inLanguage":"pt-PT","@id":"https:\/\/www.radioclubedodao.pt\/site\/#\/schema\/person\/image\/","url":"https:\/\/secure.gravatar.com\/avatar\/34c95391003e4d74dd8a7ac6916f4230?s=96&d=mm&r=g","contentUrl":"https:\/\/secure.gravatar.com\/avatar\/34c95391003e4d74dd8a7ac6916f4230?s=96&d=mm&r=g","caption":"admin"}}]}},"_links":{"self":[{"href":"https:\/\/www.radioclubedodao.pt\/site\/wp-json\/wp\/v2\/posts\/742","targetHints":{"allow":["GET"]}}],"collection":[{"href":"https:\/\/www.radioclubedodao.pt\/site\/wp-json\/wp\/v2\/posts"}],"about":[{"href":"https:\/\/www.radioclubedodao.pt\/site\/wp-json\/wp\/v2\/types\/post"}],"author":[{"embeddable":true,"href":"https:\/\/www.radioclubedodao.pt\/site\/wp-json\/wp\/v2\/users\/1"}],"replies":[{"embeddable":true,"href":"https:\/\/www.radioclubedodao.pt\/site\/wp-json\/wp\/v2\/comments?post=742"}],"version-history":[{"count":1,"href":"https:\/\/www.radioclubedodao.pt\/site\/wp-json\/wp\/v2\/posts\/742\/revisions"}],"predecessor-version":[{"id":743,"href":"https:\/\/www.radioclubedodao.pt\/site\/wp-json\/wp\/v2\/posts\/742\/revisions\/743"}],"wp:attachment":[{"href":"https:\/\/www.radioclubedodao.pt\/site\/wp-json\/wp\/v2\/media?parent=742"}],"wp:term":[{"taxonomy":"category","embeddable":true,"href":"https:\/\/www.radioclubedodao.pt\/site\/wp-json\/wp\/v2\/categories?post=742"},{"taxonomy":"post_tag","embeddable":true,"href":"https:\/\/www.radioclubedodao.pt\/site\/wp-json\/wp\/v2\/tags?post=742"},{"taxonomy":"podcasting_podcasts","embeddable":true,"href":"https:\/\/www.radioclubedodao.pt\/site\/wp-json\/wp\/v2\/podcasting_podcasts?post=742"}],"curies":[{"name":"wp","href":"https:\/\/api.w.org\/{rel}","templated":true}]}}