{"id":755,"date":"2019-01-02T16:31:51","date_gmt":"2019-01-02T16:31:51","guid":{"rendered":"https:\/\/www.radioclubedodao.pt\/site\/?p=755"},"modified":"2019-01-02T16:32:22","modified_gmt":"2019-01-02T16:32:22","slug":"cristiano-pereira-e-joao-amaral-ao-duplo-espaco-na-radio-clube-do-dao","status":"publish","type":"post","link":"https:\/\/www.radioclubedodao.pt\/site\/2019\/01\/02\/cristiano-pereira-e-joao-amaral-ao-duplo-espaco-na-radio-clube-do-dao\/","title":{"rendered":"CRISTIANO PEREIRA E JO\u00c3O AMARAL AO DUPLO ESPA\u00c7O NA R\u00c1DIO CLUBE DO D\u00c3O"},"content":{"rendered":"<p><strong>Esta 6\u00aa feira das 22h00 \u00e0s 00h00, n\u00e3o perca a conversa de Cristiano Pereira e Jo\u00e3o Amaral no programa DUPLO ESPA\u00c7O, na R\u00e1dio Clube do D\u00e3o.<\/strong><\/p>\n<p><strong>www.radioclubedodao.pt<\/strong><\/p>\n<p><img loading=\"lazy\" decoding=\"async\" class=\"alignnone size-medium wp-image-757\" src=\"https:\/\/www.radioclubedodao.pt\/site\/wp-content\/uploads\/2019\/01\/33168504_1962467780487395_4411089094126338048_n-300x225.jpg\" alt=\"\" width=\"300\" height=\"225\" \/> <img loading=\"lazy\" decoding=\"async\" class=\"alignnone wp-image-758\" src=\"https:\/\/www.radioclubedodao.pt\/site\/wp-content\/uploads\/2019\/01\/40152130_1827881207330390_4511392008010465280_n-217x300.jpg\" alt=\"\" width=\"162\" height=\"224\" \/>\u00a0<img loading=\"lazy\" decoding=\"async\" class=\"alignnone wp-image-440\" src=\"https:\/\/www.radioclubedodao.pt\/site\/wp-content\/uploads\/2018\/10\/Flyer-R\u00e1dio-Clube-do-D\u00e3o-225x300.png\" alt=\"\" width=\"167\" height=\"222\" srcset=\"https:\/\/www.radioclubedodao.pt\/site\/wp-content\/uploads\/2018\/10\/Flyer-R\u00e1dio-Clube-do-D\u00e3o-225x300.png 225w, https:\/\/www.radioclubedodao.pt\/site\/wp-content\/uploads\/2018\/10\/Flyer-R\u00e1dio-Clube-do-D\u00e3o.png 720w\" sizes=\"auto, (max-width: 167px) 100vw, 167px\" \/><\/p>\n","protected":false},"excerpt":{"rendered":"<p>Esta 6\u00aa feira das 22h00 \u00e0s 00h00, n\u00e3o perca a conversa de Cristiano Pereira e Jo\u00e3o Amaral no programa DUPLO ESPA\u00c7O, na R\u00e1dio Clube do D\u00e3o. www.radioclubedodao.pt \u00a0<\/p>\n","protected":false},"author":1,"featured_media":0,"comment_status":"open","ping_status":"open","sticky":false,"template":"","format":"standard","meta":{"podcast_url":"","podcast_explicit":"no","podcast_captioned":false,"podcast_duration":"","podcast_filesize":0,"podcast_mime":"","enclosure":"","podcast_season_number":"","podcast_episode_number":"","podcast_episode_type":"none","podcast_transcript":"","sfsi_plus_gutenberg_text_before_share":"","sfsi_plus_gutenberg_show_text_before_share":"","sfsi_plus_gutenberg_icon_type":"","sfsi_plus_gutenberg_icon_alignemt":"","sfsi_plus_gutenburg_max_per_row":"","sapo_feed_post_nuts":"","footnotes":""},"categories":[11,12,10,7,9,3,8],"tags":[],"podcasting_podcasts":[],"class_list":["post-755","post","type-post","status-publish","format-standard","hentry","category-cultura","category-desporto","category-internacional","category-local","category-nacional","category-noticias","category-regional"],"yoast_head":"<!-- This site is optimized with the Yoast SEO plugin v24.1 - https:\/\/yoast.com\/wordpress\/plugins\/seo\/ -->\n<title>CRISTIANO PEREIRA E JO\u00c3O AMARAL AO DUPLO ESPA\u00c7O NA R\u00c1DIO CLUBE DO D\u00c3O - R\u00e1dio Clube do D\u00e3o<\/title>\n<meta name=\"robots\" content=\"index, follow, max-snippet:-1, max-image-preview:large, max-video-preview:-1\" \/>\n<link rel=\"canonical\" href=\"https:\/\/www.radioclubedodao.pt\/site\/2019\/01\/02\/cristiano-pereira-e-joao-amaral-ao-duplo-espaco-na-radio-clube-do-dao\/\" \/>\n<meta property=\"og:locale\" content=\"pt_PT\" \/>\n<meta property=\"og:type\" content=\"article\" \/>\n<meta property=\"og:title\" content=\"CRISTIANO PEREIRA E JO\u00c3O AMARAL AO DUPLO ESPA\u00c7O NA R\u00c1DIO CLUBE DO D\u00c3O - R\u00e1dio Clube do D\u00e3o\" \/>\n<meta property=\"og:description\" content=\"Esta 6\u00aa feira das 22h00 \u00e0s 00h00, n\u00e3o perca a conversa de Cristiano Pereira e Jo\u00e3o Amaral no programa DUPLO ESPA\u00c7O, na R\u00e1dio Clube do D\u00e3o. www.radioclubedodao.pt \u00a0\" \/>\n<meta property=\"og:url\" content=\"https:\/\/www.radioclubedodao.pt\/site\/2019\/01\/02\/cristiano-pereira-e-joao-amaral-ao-duplo-espaco-na-radio-clube-do-dao\/\" \/>\n<meta property=\"og:site_name\" content=\"R\u00e1dio Clube do D\u00e3o\" \/>\n<meta property=\"article:publisher\" content=\"https:\/\/www.facebook.com\/radioclubedodao\/\" \/>\n<meta property=\"article:published_time\" content=\"2019-01-02T16:31:51+00:00\" \/>\n<meta property=\"article:modified_time\" content=\"2019-01-02T16:32:22+00:00\" \/>\n<meta property=\"og:image\" content=\"https:\/\/www.radioclubedodao.pt\/site\/wp-content\/uploads\/2019\/01\/33168504_1962467780487395_4411089094126338048_n-300x225.jpg\" \/>\n<meta name=\"author\" content=\"admin\" \/>\n<meta name=\"twitter:card\" content=\"summary_large_image\" \/>\n<meta name=\"twitter:creator\" content=\"@ClubeDao\" \/>\n<meta name=\"twitter:site\" content=\"@ClubeDao\" \/>\n<meta name=\"twitter:label1\" content=\"Escrito por\" \/>\n\t<meta name=\"twitter:data1\" content=\"admin\" \/>\n<script type=\"application\/ld+json\" class=\"yoast-schema-graph\">{\"@context\":\"https:\/\/schema.org\",\"@graph\":[{\"@type\":\"Article\",\"@id\":\"https:\/\/www.radioclubedodao.pt\/site\/2019\/01\/02\/cristiano-pereira-e-joao-amaral-ao-duplo-espaco-na-radio-clube-do-dao\/#article\",\"isPartOf\":{\"@id\":\"https:\/\/www.radioclubedodao.pt\/site\/2019\/01\/02\/cristiano-pereira-e-joao-amaral-ao-duplo-espaco-na-radio-clube-do-dao\/\"},\"author\":{\"name\":\"admin\",\"@id\":\"https:\/\/www.radioclubedodao.pt\/site\/#\/schema\/person\/cd7a28554f264c1876d790fedfddf499\"},\"headline\":\"CRISTIANO PEREIRA E JO\u00c3O AMARAL AO DUPLO ESPA\u00c7O NA R\u00c1DIO CLUBE DO D\u00c3O\",\"datePublished\":\"2019-01-02T16:31:51+00:00\",\"dateModified\":\"2019-01-02T16:32:22+00:00\",\"mainEntityOfPage\":{\"@id\":\"https:\/\/www.radioclubedodao.pt\/site\/2019\/01\/02\/cristiano-pereira-e-joao-amaral-ao-duplo-espaco-na-radio-clube-do-dao\/\"},\"wordCount\":50,\"commentCount\":0,\"publisher\":{\"@id\":\"https:\/\/www.radioclubedodao.pt\/site\/#organization\"},\"image\":{\"@id\":\"https:\/\/www.radioclubedodao.pt\/site\/2019\/01\/02\/cristiano-pereira-e-joao-amaral-ao-duplo-espaco-na-radio-clube-do-dao\/#primaryimage\"},\"thumbnailUrl\":\"https:\/\/www.radioclubedodao.pt\/site\/wp-content\/uploads\/2019\/01\/33168504_1962467780487395_4411089094126338048_n-300x225.jpg\",\"articleSection\":[\"Cultura\",\"Desporto\",\"Internacional\",\"Local\",\"Nacional\",\"Not\u00edcias\",\"Regional\"],\"inLanguage\":\"pt-PT\",\"potentialAction\":[{\"@type\":\"CommentAction\",\"name\":\"Comment\",\"target\":[\"https:\/\/www.radioclubedodao.pt\/site\/2019\/01\/02\/cristiano-pereira-e-joao-amaral-ao-duplo-espaco-na-radio-clube-do-dao\/#respond\"]}]},{\"@type\":\"WebPage\",\"@id\":\"https:\/\/www.radioclubedodao.pt\/site\/2019\/01\/02\/cristiano-pereira-e-joao-amaral-ao-duplo-espaco-na-radio-clube-do-dao\/\",\"url\":\"https:\/\/www.radioclubedodao.pt\/site\/2019\/01\/02\/cristiano-pereira-e-joao-amaral-ao-duplo-espaco-na-radio-clube-do-dao\/\",\"name\":\"CRISTIANO PEREIRA E JO\u00c3O AMARAL AO DUPLO ESPA\u00c7O NA R\u00c1DIO CLUBE DO D\u00c3O - R\u00e1dio Clube do D\u00e3o\",\"isPartOf\":{\"@id\":\"https:\/\/www.radioclubedodao.pt\/site\/#website\"},\"primaryImageOfPage\":{\"@id\":\"https:\/\/www.radioclubedodao.pt\/site\/2019\/01\/02\/cristiano-pereira-e-joao-amaral-ao-duplo-espaco-na-radio-clube-do-dao\/#primaryimage\"},\"image\":{\"@id\":\"https:\/\/www.radioclubedodao.pt\/site\/2019\/01\/02\/cristiano-pereira-e-joao-amaral-ao-duplo-espaco-na-radio-clube-do-dao\/#primaryimage\"},\"thumbnailUrl\":\"https:\/\/www.radioclubedodao.pt\/site\/wp-content\/uploads\/2019\/01\/33168504_1962467780487395_4411089094126338048_n-300x225.jpg\",\"datePublished\":\"2019-01-02T16:31:51+00:00\",\"dateModified\":\"2019-01-02T16:32:22+00:00\",\"breadcrumb\":{\"@id\":\"https:\/\/www.radioclubedodao.pt\/site\/2019\/01\/02\/cristiano-pereira-e-joao-amaral-ao-duplo-espaco-na-radio-clube-do-dao\/#breadcrumb\"},\"inLanguage\":\"pt-PT\",\"potentialAction\":[{\"@type\":\"ReadAction\",\"target\":[\"https:\/\/www.radioclubedodao.pt\/site\/2019\/01\/02\/cristiano-pereira-e-joao-amaral-ao-duplo-espaco-na-radio-clube-do-dao\/\"]}]},{\"@type\":\"ImageObject\",\"inLanguage\":\"pt-PT\",\"@id\":\"https:\/\/www.radioclubedodao.pt\/site\/2019\/01\/02\/cristiano-pereira-e-joao-amaral-ao-duplo-espaco-na-radio-clube-do-dao\/#primaryimage\",\"url\":\"https:\/\/www.radioclubedodao.pt\/site\/wp-content\/uploads\/2019\/01\/33168504_1962467780487395_4411089094126338048_n-300x225.jpg\",\"contentUrl\":\"https:\/\/www.radioclubedodao.pt\/site\/wp-content\/uploads\/2019\/01\/33168504_1962467780487395_4411089094126338048_n-300x225.jpg\"},{\"@type\":\"BreadcrumbList\",\"@id\":\"https:\/\/www.radioclubedodao.pt\/site\/2019\/01\/02\/cristiano-pereira-e-joao-amaral-ao-duplo-espaco-na-radio-clube-do-dao\/#breadcrumb\",\"itemListElement\":[{\"@type\":\"ListItem\",\"position\":1,\"name\":\"In\u00edcio\",\"item\":\"https:\/\/www.radioclubedodao.pt\/site\/\"},{\"@type\":\"ListItem\",\"position\":2,\"name\":\"CRISTIANO PEREIRA E JO\u00c3O AMARAL AO DUPLO ESPA\u00c7O NA R\u00c1DIO CLUBE DO D\u00c3O\"}]},{\"@type\":\"WebSite\",\"@id\":\"https:\/\/www.radioclubedodao.pt\/site\/#website\",\"url\":\"https:\/\/www.radioclubedodao.pt\/site\/\",\"name\":\"R\u00e1dio Clube do D\u00e3o\",\"description\":\"webr\u00e1dio\",\"publisher\":{\"@id\":\"https:\/\/www.radioclubedodao.pt\/site\/#organization\"},\"potentialAction\":[{\"@type\":\"SearchAction\",\"target\":{\"@type\":\"EntryPoint\",\"urlTemplate\":\"https:\/\/www.radioclubedodao.pt\/site\/?s={search_term_string}\"},\"query-input\":{\"@type\":\"PropertyValueSpecification\",\"valueRequired\":true,\"valueName\":\"search_term_string\"}}],\"inLanguage\":\"pt-PT\"},{\"@type\":\"Organization\",\"@id\":\"https:\/\/www.radioclubedodao.pt\/site\/#organization\",\"name\":\"R\u00e1dio Clube do D\u00e3o\",\"url\":\"https:\/\/www.radioclubedodao.pt\/site\/\",\"logo\":{\"@type\":\"ImageObject\",\"inLanguage\":\"pt-PT\",\"@id\":\"https:\/\/www.radioclubedodao.pt\/site\/#\/schema\/logo\/image\/\",\"url\":\"https:\/\/www.radioclubedodao.pt\/site\/wp-content\/uploads\/2018\/09\/10959501_1528800417385471_8159620885825168864_n.png\",\"contentUrl\":\"https:\/\/www.radioclubedodao.pt\/site\/wp-content\/uploads\/2018\/09\/10959501_1528800417385471_8159620885825168864_n.png\",\"width\":960,\"height\":678,\"caption\":\"R\u00e1dio Clube do D\u00e3o\"},\"image\":{\"@id\":\"https:\/\/www.radioclubedodao.pt\/site\/#\/schema\/logo\/image\/\"},\"sameAs\":[\"https:\/\/www.facebook.com\/radioclubedodao\/\",\"https:\/\/x.com\/ClubeDao\",\"https:\/\/www.instagram.com\/rcdao\/?hl=pt\"]},{\"@type\":\"Person\",\"@id\":\"https:\/\/www.radioclubedodao.pt\/site\/#\/schema\/person\/cd7a28554f264c1876d790fedfddf499\",\"name\":\"admin\",\"image\":{\"@type\":\"ImageObject\",\"inLanguage\":\"pt-PT\",\"@id\":\"https:\/\/www.radioclubedodao.pt\/site\/#\/schema\/person\/image\/\",\"url\":\"https:\/\/secure.gravatar.com\/avatar\/34c95391003e4d74dd8a7ac6916f4230?s=96&d=mm&r=g\",\"contentUrl\":\"https:\/\/secure.gravatar.com\/avatar\/34c95391003e4d74dd8a7ac6916f4230?s=96&d=mm&r=g\",\"caption\":\"admin\"}}]}<\/script>\n<!-- \/ Yoast SEO plugin. -->","yoast_head_json":{"title":"CRISTIANO PEREIRA E JO\u00c3O AMARAL AO DUPLO ESPA\u00c7O NA R\u00c1DIO CLUBE DO D\u00c3O - R\u00e1dio Clube do D\u00e3o","robots":{"index":"index","follow":"follow","max-snippet":"max-snippet:-1","max-image-preview":"max-image-preview:large","max-video-preview":"max-video-preview:-1"},"canonical":"https:\/\/www.radioclubedodao.pt\/site\/2019\/01\/02\/cristiano-pereira-e-joao-amaral-ao-duplo-espaco-na-radio-clube-do-dao\/","og_locale":"pt_PT","og_type":"article","og_title":"CRISTIANO PEREIRA E JO\u00c3O AMARAL AO DUPLO ESPA\u00c7O NA R\u00c1DIO CLUBE DO D\u00c3O - R\u00e1dio Clube do D\u00e3o","og_description":"Esta 6\u00aa feira das 22h00 \u00e0s 00h00, n\u00e3o perca a conversa de Cristiano Pereira e Jo\u00e3o Amaral no programa DUPLO ESPA\u00c7O, na R\u00e1dio Clube do D\u00e3o. www.radioclubedodao.pt \u00a0","og_url":"https:\/\/www.radioclubedodao.pt\/site\/2019\/01\/02\/cristiano-pereira-e-joao-amaral-ao-duplo-espaco-na-radio-clube-do-dao\/","og_site_name":"R\u00e1dio Clube do D\u00e3o","article_publisher":"https:\/\/www.facebook.com\/radioclubedodao\/","article_published_time":"2019-01-02T16:31:51+00:00","article_modified_time":"2019-01-02T16:32:22+00:00","og_image":[{"url":"https:\/\/www.radioclubedodao.pt\/site\/wp-content\/uploads\/2019\/01\/33168504_1962467780487395_4411089094126338048_n-300x225.jpg","type":"","width":"","height":""}],"author":"admin","twitter_card":"summary_large_image","twitter_creator":"@ClubeDao","twitter_site":"@ClubeDao","twitter_misc":{"Escrito por":"admin"},"schema":{"@context":"https:\/\/schema.org","@graph":[{"@type":"Article","@id":"https:\/\/www.radioclubedodao.pt\/site\/2019\/01\/02\/cristiano-pereira-e-joao-amaral-ao-duplo-espaco-na-radio-clube-do-dao\/#article","isPartOf":{"@id":"https:\/\/www.radioclubedodao.pt\/site\/2019\/01\/02\/cristiano-pereira-e-joao-amaral-ao-duplo-espaco-na-radio-clube-do-dao\/"},"author":{"name":"admin","@id":"https:\/\/www.radioclubedodao.pt\/site\/#\/schema\/person\/cd7a28554f264c1876d790fedfddf499"},"headline":"CRISTIANO PEREIRA E JO\u00c3O AMARAL AO DUPLO ESPA\u00c7O NA R\u00c1DIO CLUBE DO D\u00c3O","datePublished":"2019-01-02T16:31:51+00:00","dateModified":"2019-01-02T16:32:22+00:00","mainEntityOfPage":{"@id":"https:\/\/www.radioclubedodao.pt\/site\/2019\/01\/02\/cristiano-pereira-e-joao-amaral-ao-duplo-espaco-na-radio-clube-do-dao\/"},"wordCount":50,"commentCount":0,"publisher":{"@id":"https:\/\/www.radioclubedodao.pt\/site\/#organization"},"image":{"@id":"https:\/\/www.radioclubedodao.pt\/site\/2019\/01\/02\/cristiano-pereira-e-joao-amaral-ao-duplo-espaco-na-radio-clube-do-dao\/#primaryimage"},"thumbnailUrl":"https:\/\/www.radioclubedodao.pt\/site\/wp-content\/uploads\/2019\/01\/33168504_1962467780487395_4411089094126338048_n-300x225.jpg","articleSection":["Cultura","Desporto","Internacional","Local","Nacional","Not\u00edcias","Regional"],"inLanguage":"pt-PT","potentialAction":[{"@type":"CommentAction","name":"Comment","target":["https:\/\/www.radioclubedodao.pt\/site\/2019\/01\/02\/cristiano-pereira-e-joao-amaral-ao-duplo-espaco-na-radio-clube-do-dao\/#respond"]}]},{"@type":"WebPage","@id":"https:\/\/www.radioclubedodao.pt\/site\/2019\/01\/02\/cristiano-pereira-e-joao-amaral-ao-duplo-espaco-na-radio-clube-do-dao\/","url":"https:\/\/www.radioclubedodao.pt\/site\/2019\/01\/02\/cristiano-pereira-e-joao-amaral-ao-duplo-espaco-na-radio-clube-do-dao\/","name":"CRISTIANO PEREIRA E JO\u00c3O AMARAL AO DUPLO ESPA\u00c7O NA R\u00c1DIO CLUBE DO D\u00c3O - R\u00e1dio Clube do D\u00e3o","isPartOf":{"@id":"https:\/\/www.radioclubedodao.pt\/site\/#website"},"primaryImageOfPage":{"@id":"https:\/\/www.radioclubedodao.pt\/site\/2019\/01\/02\/cristiano-pereira-e-joao-amaral-ao-duplo-espaco-na-radio-clube-do-dao\/#primaryimage"},"image":{"@id":"https:\/\/www.radioclubedodao.pt\/site\/2019\/01\/02\/cristiano-pereira-e-joao-amaral-ao-duplo-espaco-na-radio-clube-do-dao\/#primaryimage"},"thumbnailUrl":"https:\/\/www.radioclubedodao.pt\/site\/wp-content\/uploads\/2019\/01\/33168504_1962467780487395_4411089094126338048_n-300x225.jpg","datePublished":"2019-01-02T16:31:51+00:00","dateModified":"2019-01-02T16:32:22+00:00","breadcrumb":{"@id":"https:\/\/www.radioclubedodao.pt\/site\/2019\/01\/02\/cristiano-pereira-e-joao-amaral-ao-duplo-espaco-na-radio-clube-do-dao\/#breadcrumb"},"inLanguage":"pt-PT","potentialAction":[{"@type":"ReadAction","target":["https:\/\/www.radioclubedodao.pt\/site\/2019\/01\/02\/cristiano-pereira-e-joao-amaral-ao-duplo-espaco-na-radio-clube-do-dao\/"]}]},{"@type":"ImageObject","inLanguage":"pt-PT","@id":"https:\/\/www.radioclubedodao.pt\/site\/2019\/01\/02\/cristiano-pereira-e-joao-amaral-ao-duplo-espaco-na-radio-clube-do-dao\/#primaryimage","url":"https:\/\/www.radioclubedodao.pt\/site\/wp-content\/uploads\/2019\/01\/33168504_1962467780487395_4411089094126338048_n-300x225.jpg","contentUrl":"https:\/\/www.radioclubedodao.pt\/site\/wp-content\/uploads\/2019\/01\/33168504_1962467780487395_4411089094126338048_n-300x225.jpg"},{"@type":"BreadcrumbList","@id":"https:\/\/www.radioclubedodao.pt\/site\/2019\/01\/02\/cristiano-pereira-e-joao-amaral-ao-duplo-espaco-na-radio-clube-do-dao\/#breadcrumb","itemListElement":[{"@type":"ListItem","position":1,"name":"In\u00edcio","item":"https:\/\/www.radioclubedodao.pt\/site\/"},{"@type":"ListItem","position":2,"name":"CRISTIANO PEREIRA E JO\u00c3O AMARAL AO DUPLO ESPA\u00c7O NA R\u00c1DIO CLUBE DO D\u00c3O"}]},{"@type":"WebSite","@id":"https:\/\/www.radioclubedodao.pt\/site\/#website","url":"https:\/\/www.radioclubedodao.pt\/site\/","name":"R\u00e1dio Clube do D\u00e3o","description":"webr\u00e1dio","publisher":{"@id":"https:\/\/www.radioclubedodao.pt\/site\/#organization"},"potentialAction":[{"@type":"SearchAction","target":{"@type":"EntryPoint","urlTemplate":"https:\/\/www.radioclubedodao.pt\/site\/?s={search_term_string}"},"query-input":{"@type":"PropertyValueSpecification","valueRequired":true,"valueName":"search_term_string"}}],"inLanguage":"pt-PT"},{"@type":"Organization","@id":"https:\/\/www.radioclubedodao.pt\/site\/#organization","name":"R\u00e1dio Clube do D\u00e3o","url":"https:\/\/www.radioclubedodao.pt\/site\/","logo":{"@type":"ImageObject","inLanguage":"pt-PT","@id":"https:\/\/www.radioclubedodao.pt\/site\/#\/schema\/logo\/image\/","url":"https:\/\/www.radioclubedodao.pt\/site\/wp-content\/uploads\/2018\/09\/10959501_1528800417385471_8159620885825168864_n.png","contentUrl":"https:\/\/www.radioclubedodao.pt\/site\/wp-content\/uploads\/2018\/09\/10959501_1528800417385471_8159620885825168864_n.png","width":960,"height":678,"caption":"R\u00e1dio Clube do D\u00e3o"},"image":{"@id":"https:\/\/www.radioclubedodao.pt\/site\/#\/schema\/logo\/image\/"},"sameAs":["https:\/\/www.facebook.com\/radioclubedodao\/","https:\/\/x.com\/ClubeDao","https:\/\/www.instagram.com\/rcdao\/?hl=pt"]},{"@type":"Person","@id":"https:\/\/www.radioclubedodao.pt\/site\/#\/schema\/person\/cd7a28554f264c1876d790fedfddf499","name":"admin","image":{"@type":"ImageObject","inLanguage":"pt-PT","@id":"https:\/\/www.radioclubedodao.pt\/site\/#\/schema\/person\/image\/","url":"https:\/\/secure.gravatar.com\/avatar\/34c95391003e4d74dd8a7ac6916f4230?s=96&d=mm&r=g","contentUrl":"https:\/\/secure.gravatar.com\/avatar\/34c95391003e4d74dd8a7ac6916f4230?s=96&d=mm&r=g","caption":"admin"}}]}},"_links":{"self":[{"href":"https:\/\/www.radioclubedodao.pt\/site\/wp-json\/wp\/v2\/posts\/755","targetHints":{"allow":["GET"]}}],"collection":[{"href":"https:\/\/www.radioclubedodao.pt\/site\/wp-json\/wp\/v2\/posts"}],"about":[{"href":"https:\/\/www.radioclubedodao.pt\/site\/wp-json\/wp\/v2\/types\/post"}],"author":[{"embeddable":true,"href":"https:\/\/www.radioclubedodao.pt\/site\/wp-json\/wp\/v2\/users\/1"}],"replies":[{"embeddable":true,"href":"https:\/\/www.radioclubedodao.pt\/site\/wp-json\/wp\/v2\/comments?post=755"}],"version-history":[{"count":2,"href":"https:\/\/www.radioclubedodao.pt\/site\/wp-json\/wp\/v2\/posts\/755\/revisions"}],"predecessor-version":[{"id":760,"href":"https:\/\/www.radioclubedodao.pt\/site\/wp-json\/wp\/v2\/posts\/755\/revisions\/760"}],"wp:attachment":[{"href":"https:\/\/www.radioclubedodao.pt\/site\/wp-json\/wp\/v2\/media?parent=755"}],"wp:term":[{"taxonomy":"category","embeddable":true,"href":"https:\/\/www.radioclubedodao.pt\/site\/wp-json\/wp\/v2\/categories?post=755"},{"taxonomy":"post_tag","embeddable":true,"href":"https:\/\/www.radioclubedodao.pt\/site\/wp-json\/wp\/v2\/tags?post=755"},{"taxonomy":"podcasting_podcasts","embeddable":true,"href":"https:\/\/www.radioclubedodao.pt\/site\/wp-json\/wp\/v2\/podcasting_podcasts?post=755"}],"curies":[{"name":"wp","href":"https:\/\/api.w.org\/{rel}","templated":true}]}}