{"id":791,"date":"2019-01-15T13:11:34","date_gmt":"2019-01-15T13:11:34","guid":{"rendered":"https:\/\/www.radioclubedodao.pt\/site\/?p=791"},"modified":"2019-01-15T11:14:32","modified_gmt":"2019-01-15T11:14:32","slug":"gnr-operacao-floresta-segura-2019-ate-6-de-dezembro","status":"publish","type":"post","link":"https:\/\/www.radioclubedodao.pt\/site\/2019\/01\/15\/gnr-operacao-floresta-segura-2019-ate-6-de-dezembro\/","title":{"rendered":"GNR &#8211; Opera\u00e7\u00e3o Floresta Segura 2019 at\u00e9 6 de dezembro"},"content":{"rendered":"<p style=\"text-align: left;\"><strong><span id=\"ctl00_Conteudo_DetalheNoticia_titulo\" class=\"titulo\">Opera\u00e7\u00e3o Floresta Segura 2019<\/span><\/strong><\/p>\n<p><strong>A Guarda Nacional Republicana (GNR) realiza, a partir de hoje, 15 de janeiro e at\u00e9 6 de dezembro, em todo o territ\u00f3rio nacional, a opera\u00e7\u00e3o \u201cFloresta Segura 2019\u201d, atrav\u00e9s do Servi\u00e7o de Prote\u00e7\u00e3o da Natureza e do Ambiente (SEPNA) e do Grupo de Interven\u00e7\u00e3o Prote\u00e7\u00e3o e Socorro (GIPS), a qual integrar\u00e1 v\u00e1rias fases, desde o planeamento e execu\u00e7\u00e3o de a\u00e7\u00f5es de sensibiliza\u00e7\u00e3o e de fiscaliza\u00e7\u00e3o, no que diz respeito \u00e0s faixas de gest\u00e3o de combust\u00edvel, at\u00e9 ao refor\u00e7o de patrulhamento e vigil\u00e2ncia, para prevenir comportamentos de risco, assim como detetar e combater inc\u00eandios rurais, com a finalidade de garantir a seguran\u00e7a das popula\u00e7\u00f5es e do seu patrim\u00f3nio e salvaguardar o tecido florestal nacional.<\/strong><\/p>\n<p><strong>Neste sentido, a GNR, em coordena\u00e7\u00e3o com a Autoridade Nacional de Prote\u00e7\u00e3o Civil (ANPC) e o Instituto da Conserva\u00e7\u00e3o da Natureza e das Florestas (ICNF) ir\u00e1, junto das popula\u00e7\u00f5es em geral e, em particular, das autarquias, produtores florestais, comunidades escolares e agricultores, promover a\u00e7\u00f5es de sensibiliza\u00e7\u00e3o, com o intuito de alertar para a import\u00e2ncia dos procedimentos preventivos a adotar, nomeadamente sobre o uso do fogo em queimas e queimadas, a limpeza e remo\u00e7\u00e3o de matos, a manuten\u00e7\u00e3o das faixas de gest\u00e3o de combust\u00edvel e a ado\u00e7\u00e3o de medidas de prote\u00e7\u00e3o dos aglomerados e de autoprote\u00e7\u00e3o, no \u00e2mbito dos Programas Aldeia Segura e Pessoas Seguras.\u00a0\u00a0<\/strong><\/p>\n<p><strong>Em apoio \u00e0 ANPC, no combate aos inc\u00eandios rurais, a GNR ir\u00e1 empenhar for\u00e7as do GIPS em a\u00e7\u00f5es de ataque inicial e ampliado\/estendido, com meios terrestres e helitransportados e, atrav\u00e9s do SEPNA, garantir\u00e1 a valida\u00e7\u00e3o, medi\u00e7\u00e3o das \u00e1reas ardidas e investiga\u00e7\u00e3o das causas dos inc\u00eandios.<\/strong><\/p>\n<p><strong>A prote\u00e7\u00e3o de pessoas e bens, no \u00e2mbito dos inc\u00eandios rurais, vai continuar a assumir-se como uma das prioridades da GNR, sustentada numa atua\u00e7\u00e3o preventiva, com o envolvimento de toda a popula\u00e7\u00e3o e demais entidades p\u00fablicas e privadas, o que permitiu, em 2018, comparativamente com 2017, reduzir em 40% as ocorr\u00eancias de inc\u00eandio e a \u00e1rea ardida em mais de 92%.<\/strong><\/p>\n<p><strong>http:\/\/www.gnr.pt\/noticias.aspx?linha=10548<\/strong><\/p>\n","protected":false},"excerpt":{"rendered":"<p>Opera\u00e7\u00e3o Floresta Segura 2019 A Guarda Nacional Republicana (GNR) realiza, a partir de hoje, 15 de janeiro e at\u00e9 6 de dezembro, em todo o territ\u00f3rio nacional, a opera\u00e7\u00e3o \u201cFloresta Segura 2019\u201d, atrav\u00e9s do Servi\u00e7o&#8230;<\/p>\n","protected":false},"author":1,"featured_media":0,"comment_status":"open","ping_status":"open","sticky":false,"template":"","format":"standard","meta":{"podcast_url":"","podcast_explicit":"no","podcast_captioned":false,"podcast_duration":"","podcast_filesize":0,"podcast_mime":"","enclosure":"","podcast_season_number":"","podcast_episode_number":"","podcast_episode_type":"none","podcast_transcript":"","sfsi_plus_gutenberg_text_before_share":"","sfsi_plus_gutenberg_show_text_before_share":"","sfsi_plus_gutenberg_icon_type":"","sfsi_plus_gutenberg_icon_alignemt":"","sfsi_plus_gutenburg_max_per_row":"","sapo_feed_post_nuts":"","footnotes":""},"categories":[7,9,3,8],"tags":[],"podcasting_podcasts":[],"class_list":["post-791","post","type-post","status-publish","format-standard","hentry","category-local","category-nacional","category-noticias","category-regional"],"yoast_head":"<!-- This site is optimized with the Yoast SEO plugin v24.1 - https:\/\/yoast.com\/wordpress\/plugins\/seo\/ -->\n<title>GNR - Opera\u00e7\u00e3o Floresta Segura 2019 at\u00e9 6 de dezembro - R\u00e1dio Clube do D\u00e3o<\/title>\n<meta name=\"robots\" content=\"index, follow, max-snippet:-1, max-image-preview:large, max-video-preview:-1\" \/>\n<link rel=\"canonical\" href=\"https:\/\/www.radioclubedodao.pt\/site\/2019\/01\/15\/gnr-operacao-floresta-segura-2019-ate-6-de-dezembro\/\" \/>\n<meta property=\"og:locale\" content=\"pt_PT\" \/>\n<meta property=\"og:type\" content=\"article\" \/>\n<meta property=\"og:title\" content=\"GNR - Opera\u00e7\u00e3o Floresta Segura 2019 at\u00e9 6 de dezembro - R\u00e1dio Clube do D\u00e3o\" \/>\n<meta property=\"og:description\" content=\"Opera\u00e7\u00e3o Floresta Segura 2019 A Guarda Nacional Republicana (GNR) realiza, a partir de hoje, 15 de janeiro e at\u00e9 6 de dezembro, em todo o territ\u00f3rio nacional, a opera\u00e7\u00e3o \u201cFloresta Segura 2019\u201d, atrav\u00e9s do Servi\u00e7o...\" \/>\n<meta property=\"og:url\" content=\"https:\/\/www.radioclubedodao.pt\/site\/2019\/01\/15\/gnr-operacao-floresta-segura-2019-ate-6-de-dezembro\/\" \/>\n<meta property=\"og:site_name\" content=\"R\u00e1dio Clube do D\u00e3o\" \/>\n<meta property=\"article:publisher\" content=\"https:\/\/www.facebook.com\/radioclubedodao\/\" \/>\n<meta property=\"article:published_time\" content=\"2019-01-15T13:11:34+00:00\" \/>\n<meta property=\"article:modified_time\" content=\"2019-01-15T11:14:32+00:00\" \/>\n<meta name=\"author\" content=\"admin\" \/>\n<meta name=\"twitter:card\" content=\"summary_large_image\" \/>\n<meta name=\"twitter:creator\" content=\"@ClubeDao\" \/>\n<meta name=\"twitter:site\" content=\"@ClubeDao\" \/>\n<meta name=\"twitter:label1\" content=\"Escrito por\" \/>\n\t<meta name=\"twitter:data1\" content=\"admin\" \/>\n\t<meta name=\"twitter:label2\" content=\"Tempo estimado de leitura\" \/>\n\t<meta name=\"twitter:data2\" content=\"2 minutos\" \/>\n<script type=\"application\/ld+json\" class=\"yoast-schema-graph\">{\"@context\":\"https:\/\/schema.org\",\"@graph\":[{\"@type\":\"Article\",\"@id\":\"https:\/\/www.radioclubedodao.pt\/site\/2019\/01\/15\/gnr-operacao-floresta-segura-2019-ate-6-de-dezembro\/#article\",\"isPartOf\":{\"@id\":\"https:\/\/www.radioclubedodao.pt\/site\/2019\/01\/15\/gnr-operacao-floresta-segura-2019-ate-6-de-dezembro\/\"},\"author\":{\"name\":\"admin\",\"@id\":\"https:\/\/www.radioclubedodao.pt\/site\/#\/schema\/person\/cd7a28554f264c1876d790fedfddf499\"},\"headline\":\"GNR &#8211; Opera\u00e7\u00e3o Floresta Segura 2019 at\u00e9 6 de dezembro\",\"datePublished\":\"2019-01-15T13:11:34+00:00\",\"dateModified\":\"2019-01-15T11:14:32+00:00\",\"mainEntityOfPage\":{\"@id\":\"https:\/\/www.radioclubedodao.pt\/site\/2019\/01\/15\/gnr-operacao-floresta-segura-2019-ate-6-de-dezembro\/\"},\"wordCount\":385,\"commentCount\":0,\"publisher\":{\"@id\":\"https:\/\/www.radioclubedodao.pt\/site\/#organization\"},\"articleSection\":[\"Local\",\"Nacional\",\"Not\u00edcias\",\"Regional\"],\"inLanguage\":\"pt-PT\",\"potentialAction\":[{\"@type\":\"CommentAction\",\"name\":\"Comment\",\"target\":[\"https:\/\/www.radioclubedodao.pt\/site\/2019\/01\/15\/gnr-operacao-floresta-segura-2019-ate-6-de-dezembro\/#respond\"]}]},{\"@type\":\"WebPage\",\"@id\":\"https:\/\/www.radioclubedodao.pt\/site\/2019\/01\/15\/gnr-operacao-floresta-segura-2019-ate-6-de-dezembro\/\",\"url\":\"https:\/\/www.radioclubedodao.pt\/site\/2019\/01\/15\/gnr-operacao-floresta-segura-2019-ate-6-de-dezembro\/\",\"name\":\"GNR - Opera\u00e7\u00e3o Floresta Segura 2019 at\u00e9 6 de dezembro - R\u00e1dio Clube do D\u00e3o\",\"isPartOf\":{\"@id\":\"https:\/\/www.radioclubedodao.pt\/site\/#website\"},\"datePublished\":\"2019-01-15T13:11:34+00:00\",\"dateModified\":\"2019-01-15T11:14:32+00:00\",\"breadcrumb\":{\"@id\":\"https:\/\/www.radioclubedodao.pt\/site\/2019\/01\/15\/gnr-operacao-floresta-segura-2019-ate-6-de-dezembro\/#breadcrumb\"},\"inLanguage\":\"pt-PT\",\"potentialAction\":[{\"@type\":\"ReadAction\",\"target\":[\"https:\/\/www.radioclubedodao.pt\/site\/2019\/01\/15\/gnr-operacao-floresta-segura-2019-ate-6-de-dezembro\/\"]}]},{\"@type\":\"BreadcrumbList\",\"@id\":\"https:\/\/www.radioclubedodao.pt\/site\/2019\/01\/15\/gnr-operacao-floresta-segura-2019-ate-6-de-dezembro\/#breadcrumb\",\"itemListElement\":[{\"@type\":\"ListItem\",\"position\":1,\"name\":\"In\u00edcio\",\"item\":\"https:\/\/www.radioclubedodao.pt\/site\/\"},{\"@type\":\"ListItem\",\"position\":2,\"name\":\"GNR &#8211; Opera\u00e7\u00e3o Floresta Segura 2019 at\u00e9 6 de dezembro\"}]},{\"@type\":\"WebSite\",\"@id\":\"https:\/\/www.radioclubedodao.pt\/site\/#website\",\"url\":\"https:\/\/www.radioclubedodao.pt\/site\/\",\"name\":\"R\u00e1dio Clube do D\u00e3o\",\"description\":\"webr\u00e1dio\",\"publisher\":{\"@id\":\"https:\/\/www.radioclubedodao.pt\/site\/#organization\"},\"potentialAction\":[{\"@type\":\"SearchAction\",\"target\":{\"@type\":\"EntryPoint\",\"urlTemplate\":\"https:\/\/www.radioclubedodao.pt\/site\/?s={search_term_string}\"},\"query-input\":{\"@type\":\"PropertyValueSpecification\",\"valueRequired\":true,\"valueName\":\"search_term_string\"}}],\"inLanguage\":\"pt-PT\"},{\"@type\":\"Organization\",\"@id\":\"https:\/\/www.radioclubedodao.pt\/site\/#organization\",\"name\":\"R\u00e1dio Clube do D\u00e3o\",\"url\":\"https:\/\/www.radioclubedodao.pt\/site\/\",\"logo\":{\"@type\":\"ImageObject\",\"inLanguage\":\"pt-PT\",\"@id\":\"https:\/\/www.radioclubedodao.pt\/site\/#\/schema\/logo\/image\/\",\"url\":\"https:\/\/www.radioclubedodao.pt\/site\/wp-content\/uploads\/2018\/09\/10959501_1528800417385471_8159620885825168864_n.png\",\"contentUrl\":\"https:\/\/www.radioclubedodao.pt\/site\/wp-content\/uploads\/2018\/09\/10959501_1528800417385471_8159620885825168864_n.png\",\"width\":960,\"height\":678,\"caption\":\"R\u00e1dio Clube do D\u00e3o\"},\"image\":{\"@id\":\"https:\/\/www.radioclubedodao.pt\/site\/#\/schema\/logo\/image\/\"},\"sameAs\":[\"https:\/\/www.facebook.com\/radioclubedodao\/\",\"https:\/\/x.com\/ClubeDao\",\"https:\/\/www.instagram.com\/rcdao\/?hl=pt\"]},{\"@type\":\"Person\",\"@id\":\"https:\/\/www.radioclubedodao.pt\/site\/#\/schema\/person\/cd7a28554f264c1876d790fedfddf499\",\"name\":\"admin\",\"image\":{\"@type\":\"ImageObject\",\"inLanguage\":\"pt-PT\",\"@id\":\"https:\/\/www.radioclubedodao.pt\/site\/#\/schema\/person\/image\/\",\"url\":\"https:\/\/secure.gravatar.com\/avatar\/34c95391003e4d74dd8a7ac6916f4230?s=96&d=mm&r=g\",\"contentUrl\":\"https:\/\/secure.gravatar.com\/avatar\/34c95391003e4d74dd8a7ac6916f4230?s=96&d=mm&r=g\",\"caption\":\"admin\"}}]}<\/script>\n<!-- \/ Yoast SEO plugin. -->","yoast_head_json":{"title":"GNR - Opera\u00e7\u00e3o Floresta Segura 2019 at\u00e9 6 de dezembro - R\u00e1dio Clube do D\u00e3o","robots":{"index":"index","follow":"follow","max-snippet":"max-snippet:-1","max-image-preview":"max-image-preview:large","max-video-preview":"max-video-preview:-1"},"canonical":"https:\/\/www.radioclubedodao.pt\/site\/2019\/01\/15\/gnr-operacao-floresta-segura-2019-ate-6-de-dezembro\/","og_locale":"pt_PT","og_type":"article","og_title":"GNR - Opera\u00e7\u00e3o Floresta Segura 2019 at\u00e9 6 de dezembro - R\u00e1dio Clube do D\u00e3o","og_description":"Opera\u00e7\u00e3o Floresta Segura 2019 A Guarda Nacional Republicana (GNR) realiza, a partir de hoje, 15 de janeiro e at\u00e9 6 de dezembro, em todo o territ\u00f3rio nacional, a opera\u00e7\u00e3o \u201cFloresta Segura 2019\u201d, atrav\u00e9s do Servi\u00e7o...","og_url":"https:\/\/www.radioclubedodao.pt\/site\/2019\/01\/15\/gnr-operacao-floresta-segura-2019-ate-6-de-dezembro\/","og_site_name":"R\u00e1dio Clube do D\u00e3o","article_publisher":"https:\/\/www.facebook.com\/radioclubedodao\/","article_published_time":"2019-01-15T13:11:34+00:00","article_modified_time":"2019-01-15T11:14:32+00:00","author":"admin","twitter_card":"summary_large_image","twitter_creator":"@ClubeDao","twitter_site":"@ClubeDao","twitter_misc":{"Escrito por":"admin","Tempo estimado de leitura":"2 minutos"},"schema":{"@context":"https:\/\/schema.org","@graph":[{"@type":"Article","@id":"https:\/\/www.radioclubedodao.pt\/site\/2019\/01\/15\/gnr-operacao-floresta-segura-2019-ate-6-de-dezembro\/#article","isPartOf":{"@id":"https:\/\/www.radioclubedodao.pt\/site\/2019\/01\/15\/gnr-operacao-floresta-segura-2019-ate-6-de-dezembro\/"},"author":{"name":"admin","@id":"https:\/\/www.radioclubedodao.pt\/site\/#\/schema\/person\/cd7a28554f264c1876d790fedfddf499"},"headline":"GNR &#8211; Opera\u00e7\u00e3o Floresta Segura 2019 at\u00e9 6 de dezembro","datePublished":"2019-01-15T13:11:34+00:00","dateModified":"2019-01-15T11:14:32+00:00","mainEntityOfPage":{"@id":"https:\/\/www.radioclubedodao.pt\/site\/2019\/01\/15\/gnr-operacao-floresta-segura-2019-ate-6-de-dezembro\/"},"wordCount":385,"commentCount":0,"publisher":{"@id":"https:\/\/www.radioclubedodao.pt\/site\/#organization"},"articleSection":["Local","Nacional","Not\u00edcias","Regional"],"inLanguage":"pt-PT","potentialAction":[{"@type":"CommentAction","name":"Comment","target":["https:\/\/www.radioclubedodao.pt\/site\/2019\/01\/15\/gnr-operacao-floresta-segura-2019-ate-6-de-dezembro\/#respond"]}]},{"@type":"WebPage","@id":"https:\/\/www.radioclubedodao.pt\/site\/2019\/01\/15\/gnr-operacao-floresta-segura-2019-ate-6-de-dezembro\/","url":"https:\/\/www.radioclubedodao.pt\/site\/2019\/01\/15\/gnr-operacao-floresta-segura-2019-ate-6-de-dezembro\/","name":"GNR - Opera\u00e7\u00e3o Floresta Segura 2019 at\u00e9 6 de dezembro - R\u00e1dio Clube do D\u00e3o","isPartOf":{"@id":"https:\/\/www.radioclubedodao.pt\/site\/#website"},"datePublished":"2019-01-15T13:11:34+00:00","dateModified":"2019-01-15T11:14:32+00:00","breadcrumb":{"@id":"https:\/\/www.radioclubedodao.pt\/site\/2019\/01\/15\/gnr-operacao-floresta-segura-2019-ate-6-de-dezembro\/#breadcrumb"},"inLanguage":"pt-PT","potentialAction":[{"@type":"ReadAction","target":["https:\/\/www.radioclubedodao.pt\/site\/2019\/01\/15\/gnr-operacao-floresta-segura-2019-ate-6-de-dezembro\/"]}]},{"@type":"BreadcrumbList","@id":"https:\/\/www.radioclubedodao.pt\/site\/2019\/01\/15\/gnr-operacao-floresta-segura-2019-ate-6-de-dezembro\/#breadcrumb","itemListElement":[{"@type":"ListItem","position":1,"name":"In\u00edcio","item":"https:\/\/www.radioclubedodao.pt\/site\/"},{"@type":"ListItem","position":2,"name":"GNR &#8211; Opera\u00e7\u00e3o Floresta Segura 2019 at\u00e9 6 de dezembro"}]},{"@type":"WebSite","@id":"https:\/\/www.radioclubedodao.pt\/site\/#website","url":"https:\/\/www.radioclubedodao.pt\/site\/","name":"R\u00e1dio Clube do D\u00e3o","description":"webr\u00e1dio","publisher":{"@id":"https:\/\/www.radioclubedodao.pt\/site\/#organization"},"potentialAction":[{"@type":"SearchAction","target":{"@type":"EntryPoint","urlTemplate":"https:\/\/www.radioclubedodao.pt\/site\/?s={search_term_string}"},"query-input":{"@type":"PropertyValueSpecification","valueRequired":true,"valueName":"search_term_string"}}],"inLanguage":"pt-PT"},{"@type":"Organization","@id":"https:\/\/www.radioclubedodao.pt\/site\/#organization","name":"R\u00e1dio Clube do D\u00e3o","url":"https:\/\/www.radioclubedodao.pt\/site\/","logo":{"@type":"ImageObject","inLanguage":"pt-PT","@id":"https:\/\/www.radioclubedodao.pt\/site\/#\/schema\/logo\/image\/","url":"https:\/\/www.radioclubedodao.pt\/site\/wp-content\/uploads\/2018\/09\/10959501_1528800417385471_8159620885825168864_n.png","contentUrl":"https:\/\/www.radioclubedodao.pt\/site\/wp-content\/uploads\/2018\/09\/10959501_1528800417385471_8159620885825168864_n.png","width":960,"height":678,"caption":"R\u00e1dio Clube do D\u00e3o"},"image":{"@id":"https:\/\/www.radioclubedodao.pt\/site\/#\/schema\/logo\/image\/"},"sameAs":["https:\/\/www.facebook.com\/radioclubedodao\/","https:\/\/x.com\/ClubeDao","https:\/\/www.instagram.com\/rcdao\/?hl=pt"]},{"@type":"Person","@id":"https:\/\/www.radioclubedodao.pt\/site\/#\/schema\/person\/cd7a28554f264c1876d790fedfddf499","name":"admin","image":{"@type":"ImageObject","inLanguage":"pt-PT","@id":"https:\/\/www.radioclubedodao.pt\/site\/#\/schema\/person\/image\/","url":"https:\/\/secure.gravatar.com\/avatar\/34c95391003e4d74dd8a7ac6916f4230?s=96&d=mm&r=g","contentUrl":"https:\/\/secure.gravatar.com\/avatar\/34c95391003e4d74dd8a7ac6916f4230?s=96&d=mm&r=g","caption":"admin"}}]}},"_links":{"self":[{"href":"https:\/\/www.radioclubedodao.pt\/site\/wp-json\/wp\/v2\/posts\/791","targetHints":{"allow":["GET"]}}],"collection":[{"href":"https:\/\/www.radioclubedodao.pt\/site\/wp-json\/wp\/v2\/posts"}],"about":[{"href":"https:\/\/www.radioclubedodao.pt\/site\/wp-json\/wp\/v2\/types\/post"}],"author":[{"embeddable":true,"href":"https:\/\/www.radioclubedodao.pt\/site\/wp-json\/wp\/v2\/users\/1"}],"replies":[{"embeddable":true,"href":"https:\/\/www.radioclubedodao.pt\/site\/wp-json\/wp\/v2\/comments?post=791"}],"version-history":[{"count":2,"href":"https:\/\/www.radioclubedodao.pt\/site\/wp-json\/wp\/v2\/posts\/791\/revisions"}],"predecessor-version":[{"id":795,"href":"https:\/\/www.radioclubedodao.pt\/site\/wp-json\/wp\/v2\/posts\/791\/revisions\/795"}],"wp:attachment":[{"href":"https:\/\/www.radioclubedodao.pt\/site\/wp-json\/wp\/v2\/media?parent=791"}],"wp:term":[{"taxonomy":"category","embeddable":true,"href":"https:\/\/www.radioclubedodao.pt\/site\/wp-json\/wp\/v2\/categories?post=791"},{"taxonomy":"post_tag","embeddable":true,"href":"https:\/\/www.radioclubedodao.pt\/site\/wp-json\/wp\/v2\/tags?post=791"},{"taxonomy":"podcasting_podcasts","embeddable":true,"href":"https:\/\/www.radioclubedodao.pt\/site\/wp-json\/wp\/v2\/podcasting_podcasts?post=791"}],"curies":[{"name":"wp","href":"https:\/\/api.w.org\/{rel}","templated":true}]}}