{"id":810,"date":"2019-01-21T20:45:11","date_gmt":"2019-01-21T20:45:11","guid":{"rendered":"https:\/\/www.radioclubedodao.pt\/site\/?p=810"},"modified":"2019-01-22T12:51:30","modified_gmt":"2019-01-22T12:51:30","slug":"sugestoes-mes-fevereiro-fundacao-lapa-do-lobo","status":"publish","type":"post","link":"https:\/\/www.radioclubedodao.pt\/site\/2019\/01\/21\/sugestoes-mes-fevereiro-fundacao-lapa-do-lobo\/","title":{"rendered":"Sugest\u00f5es m\u00eas fevereiro &#8211; Funda\u00e7\u00e3o Lapa do Lobo"},"content":{"rendered":"<p>No m\u00eas de fevereiro, espet\u00e1culos a n\u00e3o perder no audit\u00f3rio Maria Jos\u00e9 Cunha da Funda\u00e7\u00e3o Lapa do Lobo<\/p>\n<p><img loading=\"lazy\" decoding=\"async\" class=\"alignnone size-medium wp-image-812\" src=\"https:\/\/www.radioclubedodao.pt\/site\/wp-content\/uploads\/2019\/01\/FB_IMG_1548102789172-212x300.jpg\" alt=\"\" width=\"212\" height=\"300\" \/><\/p>\n<p><img loading=\"lazy\" decoding=\"async\" class=\"alignnone size-medium wp-image-811\" src=\"https:\/\/www.radioclubedodao.pt\/site\/wp-content\/uploads\/2019\/01\/FB_IMG_1548102792871-212x300.jpg\" alt=\"\" width=\"212\" height=\"300\" \/><\/p>\n","protected":false},"excerpt":{"rendered":"<p>No m\u00eas de fevereiro, espet\u00e1culos a n\u00e3o perder no audit\u00f3rio Maria Jos\u00e9 Cunha da Funda\u00e7\u00e3o Lapa do Lobo<\/p>\n","protected":false},"author":1,"featured_media":819,"comment_status":"open","ping_status":"open","sticky":false,"template":"","format":"standard","meta":{"podcast_url":"","podcast_explicit":"no","podcast_captioned":false,"podcast_duration":"","podcast_filesize":0,"podcast_mime":"","enclosure":"","podcast_season_number":"","podcast_episode_number":"","podcast_episode_type":"none","podcast_transcript":"","sfsi_plus_gutenberg_text_before_share":"","sfsi_plus_gutenberg_show_text_before_share":"","sfsi_plus_gutenberg_icon_type":"","sfsi_plus_gutenberg_icon_alignemt":"","sfsi_plus_gutenburg_max_per_row":"","sapo_feed_post_nuts":"","footnotes":""},"categories":[11,7,9,3,8],"tags":[],"podcasting_podcasts":[],"class_list":["post-810","post","type-post","status-publish","format-standard","has-post-thumbnail","hentry","category-cultura","category-local","category-nacional","category-noticias","category-regional"],"yoast_head":"<!-- This site is optimized with the Yoast SEO plugin v24.1 - https:\/\/yoast.com\/wordpress\/plugins\/seo\/ -->\n<title>Sugest\u00f5es m\u00eas fevereiro - Funda\u00e7\u00e3o Lapa do Lobo - R\u00e1dio Clube do D\u00e3o<\/title>\n<meta name=\"robots\" content=\"index, follow, max-snippet:-1, max-image-preview:large, max-video-preview:-1\" \/>\n<link rel=\"canonical\" href=\"https:\/\/www.radioclubedodao.pt\/site\/2019\/01\/21\/sugestoes-mes-fevereiro-fundacao-lapa-do-lobo\/\" \/>\n<meta property=\"og:locale\" content=\"pt_PT\" \/>\n<meta property=\"og:type\" content=\"article\" \/>\n<meta property=\"og:title\" content=\"Sugest\u00f5es m\u00eas fevereiro - Funda\u00e7\u00e3o Lapa do Lobo - R\u00e1dio Clube do D\u00e3o\" \/>\n<meta property=\"og:description\" content=\"No m\u00eas de fevereiro, espet\u00e1culos a n\u00e3o perder no audit\u00f3rio Maria Jos\u00e9 Cunha da Funda\u00e7\u00e3o Lapa do Lobo\" \/>\n<meta property=\"og:url\" content=\"https:\/\/www.radioclubedodao.pt\/site\/2019\/01\/21\/sugestoes-mes-fevereiro-fundacao-lapa-do-lobo\/\" \/>\n<meta property=\"og:site_name\" content=\"R\u00e1dio Clube do D\u00e3o\" \/>\n<meta property=\"article:publisher\" content=\"https:\/\/www.facebook.com\/radioclubedodao\/\" \/>\n<meta property=\"article:published_time\" content=\"2019-01-21T20:45:11+00:00\" \/>\n<meta property=\"article:modified_time\" content=\"2019-01-22T12:51:30+00:00\" \/>\n<meta property=\"og:image\" content=\"https:\/\/www.radioclubedodao.pt\/site\/wp-content\/uploads\/2019\/01\/11464683_ya67T-2.jpeg\" \/>\n\t<meta property=\"og:image:width\" content=\"500\" \/>\n\t<meta property=\"og:image:height\" content=\"334\" \/>\n\t<meta property=\"og:image:type\" content=\"image\/jpeg\" \/>\n<meta name=\"author\" content=\"admin\" \/>\n<meta name=\"twitter:card\" content=\"summary_large_image\" \/>\n<meta name=\"twitter:creator\" content=\"@ClubeDao\" \/>\n<meta name=\"twitter:site\" content=\"@ClubeDao\" \/>\n<meta name=\"twitter:label1\" content=\"Escrito por\" \/>\n\t<meta name=\"twitter:data1\" content=\"admin\" \/>\n<script type=\"application\/ld+json\" class=\"yoast-schema-graph\">{\"@context\":\"https:\/\/schema.org\",\"@graph\":[{\"@type\":\"Article\",\"@id\":\"https:\/\/www.radioclubedodao.pt\/site\/2019\/01\/21\/sugestoes-mes-fevereiro-fundacao-lapa-do-lobo\/#article\",\"isPartOf\":{\"@id\":\"https:\/\/www.radioclubedodao.pt\/site\/2019\/01\/21\/sugestoes-mes-fevereiro-fundacao-lapa-do-lobo\/\"},\"author\":{\"name\":\"admin\",\"@id\":\"https:\/\/www.radioclubedodao.pt\/site\/#\/schema\/person\/cd7a28554f264c1876d790fedfddf499\"},\"headline\":\"Sugest\u00f5es m\u00eas fevereiro &#8211; Funda\u00e7\u00e3o Lapa do Lobo\",\"datePublished\":\"2019-01-21T20:45:11+00:00\",\"dateModified\":\"2019-01-22T12:51:30+00:00\",\"mainEntityOfPage\":{\"@id\":\"https:\/\/www.radioclubedodao.pt\/site\/2019\/01\/21\/sugestoes-mes-fevereiro-fundacao-lapa-do-lobo\/\"},\"wordCount\":34,\"commentCount\":0,\"publisher\":{\"@id\":\"https:\/\/www.radioclubedodao.pt\/site\/#organization\"},\"image\":{\"@id\":\"https:\/\/www.radioclubedodao.pt\/site\/2019\/01\/21\/sugestoes-mes-fevereiro-fundacao-lapa-do-lobo\/#primaryimage\"},\"thumbnailUrl\":\"https:\/\/www.radioclubedodao.pt\/site\/wp-content\/uploads\/2019\/01\/11464683_ya67T-2.jpeg\",\"articleSection\":[\"Cultura\",\"Local\",\"Nacional\",\"Not\u00edcias\",\"Regional\"],\"inLanguage\":\"pt-PT\",\"potentialAction\":[{\"@type\":\"CommentAction\",\"name\":\"Comment\",\"target\":[\"https:\/\/www.radioclubedodao.pt\/site\/2019\/01\/21\/sugestoes-mes-fevereiro-fundacao-lapa-do-lobo\/#respond\"]}]},{\"@type\":\"WebPage\",\"@id\":\"https:\/\/www.radioclubedodao.pt\/site\/2019\/01\/21\/sugestoes-mes-fevereiro-fundacao-lapa-do-lobo\/\",\"url\":\"https:\/\/www.radioclubedodao.pt\/site\/2019\/01\/21\/sugestoes-mes-fevereiro-fundacao-lapa-do-lobo\/\",\"name\":\"Sugest\u00f5es m\u00eas fevereiro - Funda\u00e7\u00e3o Lapa do Lobo - R\u00e1dio Clube do D\u00e3o\",\"isPartOf\":{\"@id\":\"https:\/\/www.radioclubedodao.pt\/site\/#website\"},\"primaryImageOfPage\":{\"@id\":\"https:\/\/www.radioclubedodao.pt\/site\/2019\/01\/21\/sugestoes-mes-fevereiro-fundacao-lapa-do-lobo\/#primaryimage\"},\"image\":{\"@id\":\"https:\/\/www.radioclubedodao.pt\/site\/2019\/01\/21\/sugestoes-mes-fevereiro-fundacao-lapa-do-lobo\/#primaryimage\"},\"thumbnailUrl\":\"https:\/\/www.radioclubedodao.pt\/site\/wp-content\/uploads\/2019\/01\/11464683_ya67T-2.jpeg\",\"datePublished\":\"2019-01-21T20:45:11+00:00\",\"dateModified\":\"2019-01-22T12:51:30+00:00\",\"breadcrumb\":{\"@id\":\"https:\/\/www.radioclubedodao.pt\/site\/2019\/01\/21\/sugestoes-mes-fevereiro-fundacao-lapa-do-lobo\/#breadcrumb\"},\"inLanguage\":\"pt-PT\",\"potentialAction\":[{\"@type\":\"ReadAction\",\"target\":[\"https:\/\/www.radioclubedodao.pt\/site\/2019\/01\/21\/sugestoes-mes-fevereiro-fundacao-lapa-do-lobo\/\"]}]},{\"@type\":\"ImageObject\",\"inLanguage\":\"pt-PT\",\"@id\":\"https:\/\/www.radioclubedodao.pt\/site\/2019\/01\/21\/sugestoes-mes-fevereiro-fundacao-lapa-do-lobo\/#primaryimage\",\"url\":\"https:\/\/www.radioclubedodao.pt\/site\/wp-content\/uploads\/2019\/01\/11464683_ya67T-2.jpeg\",\"contentUrl\":\"https:\/\/www.radioclubedodao.pt\/site\/wp-content\/uploads\/2019\/01\/11464683_ya67T-2.jpeg\",\"width\":500,\"height\":334},{\"@type\":\"BreadcrumbList\",\"@id\":\"https:\/\/www.radioclubedodao.pt\/site\/2019\/01\/21\/sugestoes-mes-fevereiro-fundacao-lapa-do-lobo\/#breadcrumb\",\"itemListElement\":[{\"@type\":\"ListItem\",\"position\":1,\"name\":\"In\u00edcio\",\"item\":\"https:\/\/www.radioclubedodao.pt\/site\/\"},{\"@type\":\"ListItem\",\"position\":2,\"name\":\"Sugest\u00f5es m\u00eas fevereiro &#8211; Funda\u00e7\u00e3o Lapa do Lobo\"}]},{\"@type\":\"WebSite\",\"@id\":\"https:\/\/www.radioclubedodao.pt\/site\/#website\",\"url\":\"https:\/\/www.radioclubedodao.pt\/site\/\",\"name\":\"R\u00e1dio Clube do D\u00e3o\",\"description\":\"webr\u00e1dio\",\"publisher\":{\"@id\":\"https:\/\/www.radioclubedodao.pt\/site\/#organization\"},\"potentialAction\":[{\"@type\":\"SearchAction\",\"target\":{\"@type\":\"EntryPoint\",\"urlTemplate\":\"https:\/\/www.radioclubedodao.pt\/site\/?s={search_term_string}\"},\"query-input\":{\"@type\":\"PropertyValueSpecification\",\"valueRequired\":true,\"valueName\":\"search_term_string\"}}],\"inLanguage\":\"pt-PT\"},{\"@type\":\"Organization\",\"@id\":\"https:\/\/www.radioclubedodao.pt\/site\/#organization\",\"name\":\"R\u00e1dio Clube do D\u00e3o\",\"url\":\"https:\/\/www.radioclubedodao.pt\/site\/\",\"logo\":{\"@type\":\"ImageObject\",\"inLanguage\":\"pt-PT\",\"@id\":\"https:\/\/www.radioclubedodao.pt\/site\/#\/schema\/logo\/image\/\",\"url\":\"https:\/\/www.radioclubedodao.pt\/site\/wp-content\/uploads\/2018\/09\/10959501_1528800417385471_8159620885825168864_n.png\",\"contentUrl\":\"https:\/\/www.radioclubedodao.pt\/site\/wp-content\/uploads\/2018\/09\/10959501_1528800417385471_8159620885825168864_n.png\",\"width\":960,\"height\":678,\"caption\":\"R\u00e1dio Clube do D\u00e3o\"},\"image\":{\"@id\":\"https:\/\/www.radioclubedodao.pt\/site\/#\/schema\/logo\/image\/\"},\"sameAs\":[\"https:\/\/www.facebook.com\/radioclubedodao\/\",\"https:\/\/x.com\/ClubeDao\",\"https:\/\/www.instagram.com\/rcdao\/?hl=pt\"]},{\"@type\":\"Person\",\"@id\":\"https:\/\/www.radioclubedodao.pt\/site\/#\/schema\/person\/cd7a28554f264c1876d790fedfddf499\",\"name\":\"admin\",\"image\":{\"@type\":\"ImageObject\",\"inLanguage\":\"pt-PT\",\"@id\":\"https:\/\/www.radioclubedodao.pt\/site\/#\/schema\/person\/image\/\",\"url\":\"https:\/\/secure.gravatar.com\/avatar\/34c95391003e4d74dd8a7ac6916f4230?s=96&d=mm&r=g\",\"contentUrl\":\"https:\/\/secure.gravatar.com\/avatar\/34c95391003e4d74dd8a7ac6916f4230?s=96&d=mm&r=g\",\"caption\":\"admin\"}}]}<\/script>\n<!-- \/ Yoast SEO plugin. -->","yoast_head_json":{"title":"Sugest\u00f5es m\u00eas fevereiro - Funda\u00e7\u00e3o Lapa do Lobo - R\u00e1dio Clube do D\u00e3o","robots":{"index":"index","follow":"follow","max-snippet":"max-snippet:-1","max-image-preview":"max-image-preview:large","max-video-preview":"max-video-preview:-1"},"canonical":"https:\/\/www.radioclubedodao.pt\/site\/2019\/01\/21\/sugestoes-mes-fevereiro-fundacao-lapa-do-lobo\/","og_locale":"pt_PT","og_type":"article","og_title":"Sugest\u00f5es m\u00eas fevereiro - Funda\u00e7\u00e3o Lapa do Lobo - R\u00e1dio Clube do D\u00e3o","og_description":"No m\u00eas de fevereiro, espet\u00e1culos a n\u00e3o perder no audit\u00f3rio Maria Jos\u00e9 Cunha da Funda\u00e7\u00e3o Lapa do Lobo","og_url":"https:\/\/www.radioclubedodao.pt\/site\/2019\/01\/21\/sugestoes-mes-fevereiro-fundacao-lapa-do-lobo\/","og_site_name":"R\u00e1dio Clube do D\u00e3o","article_publisher":"https:\/\/www.facebook.com\/radioclubedodao\/","article_published_time":"2019-01-21T20:45:11+00:00","article_modified_time":"2019-01-22T12:51:30+00:00","og_image":[{"width":500,"height":334,"url":"https:\/\/www.radioclubedodao.pt\/site\/wp-content\/uploads\/2019\/01\/11464683_ya67T-2.jpeg","type":"image\/jpeg"}],"author":"admin","twitter_card":"summary_large_image","twitter_creator":"@ClubeDao","twitter_site":"@ClubeDao","twitter_misc":{"Escrito por":"admin"},"schema":{"@context":"https:\/\/schema.org","@graph":[{"@type":"Article","@id":"https:\/\/www.radioclubedodao.pt\/site\/2019\/01\/21\/sugestoes-mes-fevereiro-fundacao-lapa-do-lobo\/#article","isPartOf":{"@id":"https:\/\/www.radioclubedodao.pt\/site\/2019\/01\/21\/sugestoes-mes-fevereiro-fundacao-lapa-do-lobo\/"},"author":{"name":"admin","@id":"https:\/\/www.radioclubedodao.pt\/site\/#\/schema\/person\/cd7a28554f264c1876d790fedfddf499"},"headline":"Sugest\u00f5es m\u00eas fevereiro &#8211; Funda\u00e7\u00e3o Lapa do Lobo","datePublished":"2019-01-21T20:45:11+00:00","dateModified":"2019-01-22T12:51:30+00:00","mainEntityOfPage":{"@id":"https:\/\/www.radioclubedodao.pt\/site\/2019\/01\/21\/sugestoes-mes-fevereiro-fundacao-lapa-do-lobo\/"},"wordCount":34,"commentCount":0,"publisher":{"@id":"https:\/\/www.radioclubedodao.pt\/site\/#organization"},"image":{"@id":"https:\/\/www.radioclubedodao.pt\/site\/2019\/01\/21\/sugestoes-mes-fevereiro-fundacao-lapa-do-lobo\/#primaryimage"},"thumbnailUrl":"https:\/\/www.radioclubedodao.pt\/site\/wp-content\/uploads\/2019\/01\/11464683_ya67T-2.jpeg","articleSection":["Cultura","Local","Nacional","Not\u00edcias","Regional"],"inLanguage":"pt-PT","potentialAction":[{"@type":"CommentAction","name":"Comment","target":["https:\/\/www.radioclubedodao.pt\/site\/2019\/01\/21\/sugestoes-mes-fevereiro-fundacao-lapa-do-lobo\/#respond"]}]},{"@type":"WebPage","@id":"https:\/\/www.radioclubedodao.pt\/site\/2019\/01\/21\/sugestoes-mes-fevereiro-fundacao-lapa-do-lobo\/","url":"https:\/\/www.radioclubedodao.pt\/site\/2019\/01\/21\/sugestoes-mes-fevereiro-fundacao-lapa-do-lobo\/","name":"Sugest\u00f5es m\u00eas fevereiro - Funda\u00e7\u00e3o Lapa do Lobo - R\u00e1dio Clube do D\u00e3o","isPartOf":{"@id":"https:\/\/www.radioclubedodao.pt\/site\/#website"},"primaryImageOfPage":{"@id":"https:\/\/www.radioclubedodao.pt\/site\/2019\/01\/21\/sugestoes-mes-fevereiro-fundacao-lapa-do-lobo\/#primaryimage"},"image":{"@id":"https:\/\/www.radioclubedodao.pt\/site\/2019\/01\/21\/sugestoes-mes-fevereiro-fundacao-lapa-do-lobo\/#primaryimage"},"thumbnailUrl":"https:\/\/www.radioclubedodao.pt\/site\/wp-content\/uploads\/2019\/01\/11464683_ya67T-2.jpeg","datePublished":"2019-01-21T20:45:11+00:00","dateModified":"2019-01-22T12:51:30+00:00","breadcrumb":{"@id":"https:\/\/www.radioclubedodao.pt\/site\/2019\/01\/21\/sugestoes-mes-fevereiro-fundacao-lapa-do-lobo\/#breadcrumb"},"inLanguage":"pt-PT","potentialAction":[{"@type":"ReadAction","target":["https:\/\/www.radioclubedodao.pt\/site\/2019\/01\/21\/sugestoes-mes-fevereiro-fundacao-lapa-do-lobo\/"]}]},{"@type":"ImageObject","inLanguage":"pt-PT","@id":"https:\/\/www.radioclubedodao.pt\/site\/2019\/01\/21\/sugestoes-mes-fevereiro-fundacao-lapa-do-lobo\/#primaryimage","url":"https:\/\/www.radioclubedodao.pt\/site\/wp-content\/uploads\/2019\/01\/11464683_ya67T-2.jpeg","contentUrl":"https:\/\/www.radioclubedodao.pt\/site\/wp-content\/uploads\/2019\/01\/11464683_ya67T-2.jpeg","width":500,"height":334},{"@type":"BreadcrumbList","@id":"https:\/\/www.radioclubedodao.pt\/site\/2019\/01\/21\/sugestoes-mes-fevereiro-fundacao-lapa-do-lobo\/#breadcrumb","itemListElement":[{"@type":"ListItem","position":1,"name":"In\u00edcio","item":"https:\/\/www.radioclubedodao.pt\/site\/"},{"@type":"ListItem","position":2,"name":"Sugest\u00f5es m\u00eas fevereiro &#8211; Funda\u00e7\u00e3o Lapa do Lobo"}]},{"@type":"WebSite","@id":"https:\/\/www.radioclubedodao.pt\/site\/#website","url":"https:\/\/www.radioclubedodao.pt\/site\/","name":"R\u00e1dio Clube do D\u00e3o","description":"webr\u00e1dio","publisher":{"@id":"https:\/\/www.radioclubedodao.pt\/site\/#organization"},"potentialAction":[{"@type":"SearchAction","target":{"@type":"EntryPoint","urlTemplate":"https:\/\/www.radioclubedodao.pt\/site\/?s={search_term_string}"},"query-input":{"@type":"PropertyValueSpecification","valueRequired":true,"valueName":"search_term_string"}}],"inLanguage":"pt-PT"},{"@type":"Organization","@id":"https:\/\/www.radioclubedodao.pt\/site\/#organization","name":"R\u00e1dio Clube do D\u00e3o","url":"https:\/\/www.radioclubedodao.pt\/site\/","logo":{"@type":"ImageObject","inLanguage":"pt-PT","@id":"https:\/\/www.radioclubedodao.pt\/site\/#\/schema\/logo\/image\/","url":"https:\/\/www.radioclubedodao.pt\/site\/wp-content\/uploads\/2018\/09\/10959501_1528800417385471_8159620885825168864_n.png","contentUrl":"https:\/\/www.radioclubedodao.pt\/site\/wp-content\/uploads\/2018\/09\/10959501_1528800417385471_8159620885825168864_n.png","width":960,"height":678,"caption":"R\u00e1dio Clube do D\u00e3o"},"image":{"@id":"https:\/\/www.radioclubedodao.pt\/site\/#\/schema\/logo\/image\/"},"sameAs":["https:\/\/www.facebook.com\/radioclubedodao\/","https:\/\/x.com\/ClubeDao","https:\/\/www.instagram.com\/rcdao\/?hl=pt"]},{"@type":"Person","@id":"https:\/\/www.radioclubedodao.pt\/site\/#\/schema\/person\/cd7a28554f264c1876d790fedfddf499","name":"admin","image":{"@type":"ImageObject","inLanguage":"pt-PT","@id":"https:\/\/www.radioclubedodao.pt\/site\/#\/schema\/person\/image\/","url":"https:\/\/secure.gravatar.com\/avatar\/34c95391003e4d74dd8a7ac6916f4230?s=96&d=mm&r=g","contentUrl":"https:\/\/secure.gravatar.com\/avatar\/34c95391003e4d74dd8a7ac6916f4230?s=96&d=mm&r=g","caption":"admin"}}]}},"_links":{"self":[{"href":"https:\/\/www.radioclubedodao.pt\/site\/wp-json\/wp\/v2\/posts\/810","targetHints":{"allow":["GET"]}}],"collection":[{"href":"https:\/\/www.radioclubedodao.pt\/site\/wp-json\/wp\/v2\/posts"}],"about":[{"href":"https:\/\/www.radioclubedodao.pt\/site\/wp-json\/wp\/v2\/types\/post"}],"author":[{"embeddable":true,"href":"https:\/\/www.radioclubedodao.pt\/site\/wp-json\/wp\/v2\/users\/1"}],"replies":[{"embeddable":true,"href":"https:\/\/www.radioclubedodao.pt\/site\/wp-json\/wp\/v2\/comments?post=810"}],"version-history":[{"count":3,"href":"https:\/\/www.radioclubedodao.pt\/site\/wp-json\/wp\/v2\/posts\/810\/revisions"}],"predecessor-version":[{"id":820,"href":"https:\/\/www.radioclubedodao.pt\/site\/wp-json\/wp\/v2\/posts\/810\/revisions\/820"}],"wp:featuredmedia":[{"embeddable":true,"href":"https:\/\/www.radioclubedodao.pt\/site\/wp-json\/wp\/v2\/media\/819"}],"wp:attachment":[{"href":"https:\/\/www.radioclubedodao.pt\/site\/wp-json\/wp\/v2\/media?parent=810"}],"wp:term":[{"taxonomy":"category","embeddable":true,"href":"https:\/\/www.radioclubedodao.pt\/site\/wp-json\/wp\/v2\/categories?post=810"},{"taxonomy":"post_tag","embeddable":true,"href":"https:\/\/www.radioclubedodao.pt\/site\/wp-json\/wp\/v2\/tags?post=810"},{"taxonomy":"podcasting_podcasts","embeddable":true,"href":"https:\/\/www.radioclubedodao.pt\/site\/wp-json\/wp\/v2\/podcasting_podcasts?post=810"}],"curies":[{"name":"wp","href":"https:\/\/api.w.org\/{rel}","templated":true}]}}