{"id":953,"date":"2019-03-07T13:10:10","date_gmt":"2019-03-07T13:10:10","guid":{"rendered":"https:\/\/www.radioclubedodao.pt\/site\/?p=953"},"modified":"2019-03-07T12:35:00","modified_gmt":"2019-03-07T12:35:00","slug":"radios-juntam-se-na-promocao-do-fumeiro","status":"publish","type":"post","link":"https:\/\/www.radioclubedodao.pt\/site\/2019\/03\/07\/radios-juntam-se-na-promocao-do-fumeiro\/","title":{"rendered":"R\u00e1dios juntam-se na promo\u00e7\u00e3o do fumeiro"},"content":{"rendered":"<p>Seis r\u00e1dios locais da Beira Alta v\u00e3o juntar-se para transmitir, em cadeia, um programa debate sobre a produ\u00e7\u00e3o de fumeiro. A emiss\u00e3o ser\u00e1 transmitida, em simult\u00e2neo, a partir da Feira de Fumeiro do Demo, que come\u00e7a no pr\u00f3ximo s\u00e1bado no Touro, em Vila Nova de Paiva.<\/p>\n<p>\u201cOs produtos end\u00f3genos podem ser, pela sua elevada qualidade, um dos motores do desenvolvimento do interior do pa\u00eds e no caso do concelho de Vila Nova de Paiva, onde o fumeiro tem enorme tradi\u00e7\u00e3o, \u00e9 uma relevante atividade econ\u00f3mica\u201d, salienta Paulo Tavares, diretor da R\u00e1dio Escuro que produzir\u00e1 o programa, a partir do Touro.<br \/>\nA emiss\u00e3o ser\u00e1 tamb\u00e9m transmitida pelas r\u00e1dios Clube do Interior, de Viseu; Riba T\u00e1vora, em Moimenta da Beira; Cultura de Seia, Alive, no S\u00e1t\u00e3o e <strong>R\u00e1dio Clube do D\u00e3o<\/strong>.<\/p>\n<p>\u201cO nosso fumeiro \u00e9 produzido com saber ancestral e pode ser uma deliciosa oferta da gastronomia, tradi\u00e7\u00e3o e sobretudo neg\u00f3cio. Acreditamos na qualidade dos nossos enchidos e no potencial para contribuir para o desenvolvimento destes territ\u00f3rios\u201d, remata M\u00e1rio Morgado, presidente da Junta de Freguesia do Touro que se juntou \u00e0 produ\u00e7\u00e3o do programa.<\/p>\n<p>Duas horas de emiss\u00e3o, para falar de fumeiro num programa que junta seis convidados: Diogo Cardoso, CEO do Grupo FTD com sede em Vila Nova de Paiva e que junta a salsicharia tradicional Terras do Demo e a Fumados Douro, que opera de forma vertical no sector de carnes. Juntas empregam 110 pessoas e vendem 14 milh\u00f5es de euros de fumeiro e carnes. Lu\u00eds Almeida, chef com prof\u00edcua carreira, respons\u00e1vel pelos restaurantes Palace e Qb Bistr\u00f4, e formador na \u00e1rea da restaura\u00e7\u00e3o, \u00e9 outros dos convidados. Carolina Oliveira, propriet\u00e1ria de um alojamento local e mentora do projeto \u201cCentro Portugal Polo Gastron\u00f3mico, que faz a promo\u00e7\u00e3o de produtos com denomina\u00e7\u00e3o de origem e indica\u00e7\u00e3o geogr\u00e1fica protegida, ser\u00e1 outra das preletoras. Ant\u00f3nio Pereira, gourmand, influenciador, administrador da p\u00e1gina \u2018vinho nossa paix\u00e3o\u2019 e grande divulgador dos certames de produtos tradicionais, tamb\u00e9m ser\u00e1 chamado \u00e0 conversa que conta ainda com Cristina Pessanha, propriet\u00e1ria da loja \u2018que viso eu\u2019, conhecedora e promotora da venda de produtos certificados com origem na regi\u00e3o. Jos\u00e9 Luis Ara\u00fajo, jornalista com dezenas de anos de experi\u00eancia na gastronomia e vinhos e diretor da revista Gazeta Rural, publica\u00e7\u00e3o especializada do mundo rural, ser\u00e1 outro dos intervenientes.<\/p>\n<p>O programa ser\u00e1 conduzido, a partir da Feira de Fumeiro do Demo, pelo jornalista Amadeu Ara\u00fajo da R\u00e1dio Escuro e ter\u00e1 transmiss\u00e3o em direto e simult\u00e2nea, nas 5 r\u00e1dios, entre as 17 e as 19 horas deste s\u00e1bado, 9 de mar\u00e7o.<\/p>\n<p>A Feira de Fumeiro do Demo celebra este ano 8 edi\u00e7\u00f5es, que decorrem sempre no Parque Urbano do Touro e conta no programa com gastronomia, anima\u00e7\u00e3o e provas de fumeiro tradicional, que tamb\u00e9m pode ser adquirido ao longo dos dois dias do certame.<\/p>\n<p>Entre 9 e 10 de mar\u00e7o a Feira desenvolve um enorme programa de anima\u00e7\u00e3o, com Vivi da concertina, a atua\u00e7\u00e3o do Grupo de Cantares de Cerdeira e, na noite de s\u00e1bado, os The Undercover\u00b4s e o DJ Kostadeejay.<\/p>\n<p>No domingo atuam o Grupo de Bombos de Pendilhe, Grupo de Z\u00e9s Pereiras, Grupo T\u00edpico Infantil Pauliteiritos de Abraveses, Grupo de Concertinas Diat\u00f3nicos e o Rancho Folcl\u00f3rico As Capuchinhas de Pendilhe. Toy encerra o cartaz de espet\u00e1culos do certame que ao longo dos dois dias ter\u00e1 a atua\u00e7\u00e3o itinerante das Marias Malucas \u2013 Romeiras de Portugal e no domingo o certame encerra com um concerto de Toy.<\/p>\n<p><img loading=\"lazy\" decoding=\"async\" class=\"alignnone size-medium wp-image-954\" src=\"https:\/\/www.radioclubedodao.pt\/site\/wp-content\/uploads\/2019\/03\/54256327_2163147793747065_264896136660123648_n-298x300.jpg\" alt=\"\" width=\"298\" height=\"300\" \/><\/p>\n","protected":false},"excerpt":{"rendered":"<p>Seis r\u00e1dios locais da Beira Alta v\u00e3o juntar-se para transmitir, em cadeia, um programa debate sobre a produ\u00e7\u00e3o de fumeiro. A emiss\u00e3o ser\u00e1 transmitida, em simult\u00e2neo, a partir da Feira de Fumeiro do Demo, que&#8230;<\/p>\n","protected":false},"author":1,"featured_media":0,"comment_status":"open","ping_status":"open","sticky":false,"template":"","format":"standard","meta":{"podcast_url":"","podcast_explicit":"no","podcast_captioned":false,"podcast_duration":"","podcast_filesize":0,"podcast_mime":"","enclosure":"","podcast_season_number":"","podcast_episode_number":"","podcast_episode_type":"none","podcast_transcript":"","sfsi_plus_gutenberg_text_before_share":"","sfsi_plus_gutenberg_show_text_before_share":"","sfsi_plus_gutenberg_icon_type":"","sfsi_plus_gutenberg_icon_alignemt":"","sfsi_plus_gutenburg_max_per_row":"","sapo_feed_post_nuts":"","footnotes":""},"categories":[7,9,3,8],"tags":[],"podcasting_podcasts":[],"class_list":["post-953","post","type-post","status-publish","format-standard","hentry","category-local","category-nacional","category-noticias","category-regional"],"yoast_head":"<!-- This site is optimized with the Yoast SEO plugin v24.1 - https:\/\/yoast.com\/wordpress\/plugins\/seo\/ -->\n<title>R\u00e1dios juntam-se na promo\u00e7\u00e3o do fumeiro - R\u00e1dio Clube do D\u00e3o<\/title>\n<meta name=\"robots\" content=\"index, follow, max-snippet:-1, max-image-preview:large, max-video-preview:-1\" \/>\n<link rel=\"canonical\" href=\"https:\/\/www.radioclubedodao.pt\/site\/2019\/03\/07\/radios-juntam-se-na-promocao-do-fumeiro\/\" \/>\n<meta property=\"og:locale\" content=\"pt_PT\" \/>\n<meta property=\"og:type\" content=\"article\" \/>\n<meta property=\"og:title\" content=\"R\u00e1dios juntam-se na promo\u00e7\u00e3o do fumeiro - R\u00e1dio Clube do D\u00e3o\" \/>\n<meta property=\"og:description\" content=\"Seis r\u00e1dios locais da Beira Alta v\u00e3o juntar-se para transmitir, em cadeia, um programa debate sobre a produ\u00e7\u00e3o de fumeiro. A emiss\u00e3o ser\u00e1 transmitida, em simult\u00e2neo, a partir da Feira de Fumeiro do Demo, que...\" \/>\n<meta property=\"og:url\" content=\"https:\/\/www.radioclubedodao.pt\/site\/2019\/03\/07\/radios-juntam-se-na-promocao-do-fumeiro\/\" \/>\n<meta property=\"og:site_name\" content=\"R\u00e1dio Clube do D\u00e3o\" \/>\n<meta property=\"article:publisher\" content=\"https:\/\/www.facebook.com\/radioclubedodao\/\" \/>\n<meta property=\"article:published_time\" content=\"2019-03-07T13:10:10+00:00\" \/>\n<meta property=\"article:modified_time\" content=\"2019-03-07T12:35:00+00:00\" \/>\n<meta property=\"og:image\" content=\"https:\/\/www.radioclubedodao.pt\/site\/wp-content\/uploads\/2019\/03\/54256327_2163147793747065_264896136660123648_n-298x300.jpg\" \/>\n<meta name=\"author\" content=\"admin\" \/>\n<meta name=\"twitter:card\" content=\"summary_large_image\" \/>\n<meta name=\"twitter:creator\" content=\"@ClubeDao\" \/>\n<meta name=\"twitter:site\" content=\"@ClubeDao\" \/>\n<meta name=\"twitter:label1\" content=\"Escrito por\" \/>\n\t<meta name=\"twitter:data1\" content=\"admin\" \/>\n\t<meta name=\"twitter:label2\" content=\"Tempo estimado de leitura\" \/>\n\t<meta name=\"twitter:data2\" content=\"3 minutos\" \/>\n<script type=\"application\/ld+json\" class=\"yoast-schema-graph\">{\"@context\":\"https:\/\/schema.org\",\"@graph\":[{\"@type\":\"Article\",\"@id\":\"https:\/\/www.radioclubedodao.pt\/site\/2019\/03\/07\/radios-juntam-se-na-promocao-do-fumeiro\/#article\",\"isPartOf\":{\"@id\":\"https:\/\/www.radioclubedodao.pt\/site\/2019\/03\/07\/radios-juntam-se-na-promocao-do-fumeiro\/\"},\"author\":{\"name\":\"admin\",\"@id\":\"https:\/\/www.radioclubedodao.pt\/site\/#\/schema\/person\/cd7a28554f264c1876d790fedfddf499\"},\"headline\":\"R\u00e1dios juntam-se na promo\u00e7\u00e3o do fumeiro\",\"datePublished\":\"2019-03-07T13:10:10+00:00\",\"dateModified\":\"2019-03-07T12:35:00+00:00\",\"mainEntityOfPage\":{\"@id\":\"https:\/\/www.radioclubedodao.pt\/site\/2019\/03\/07\/radios-juntam-se-na-promocao-do-fumeiro\/\"},\"wordCount\":627,\"commentCount\":0,\"publisher\":{\"@id\":\"https:\/\/www.radioclubedodao.pt\/site\/#organization\"},\"image\":{\"@id\":\"https:\/\/www.radioclubedodao.pt\/site\/2019\/03\/07\/radios-juntam-se-na-promocao-do-fumeiro\/#primaryimage\"},\"thumbnailUrl\":\"https:\/\/www.radioclubedodao.pt\/site\/wp-content\/uploads\/2019\/03\/54256327_2163147793747065_264896136660123648_n-298x300.jpg\",\"articleSection\":[\"Local\",\"Nacional\",\"Not\u00edcias\",\"Regional\"],\"inLanguage\":\"pt-PT\",\"potentialAction\":[{\"@type\":\"CommentAction\",\"name\":\"Comment\",\"target\":[\"https:\/\/www.radioclubedodao.pt\/site\/2019\/03\/07\/radios-juntam-se-na-promocao-do-fumeiro\/#respond\"]}]},{\"@type\":\"WebPage\",\"@id\":\"https:\/\/www.radioclubedodao.pt\/site\/2019\/03\/07\/radios-juntam-se-na-promocao-do-fumeiro\/\",\"url\":\"https:\/\/www.radioclubedodao.pt\/site\/2019\/03\/07\/radios-juntam-se-na-promocao-do-fumeiro\/\",\"name\":\"R\u00e1dios juntam-se na promo\u00e7\u00e3o do fumeiro - R\u00e1dio Clube do D\u00e3o\",\"isPartOf\":{\"@id\":\"https:\/\/www.radioclubedodao.pt\/site\/#website\"},\"primaryImageOfPage\":{\"@id\":\"https:\/\/www.radioclubedodao.pt\/site\/2019\/03\/07\/radios-juntam-se-na-promocao-do-fumeiro\/#primaryimage\"},\"image\":{\"@id\":\"https:\/\/www.radioclubedodao.pt\/site\/2019\/03\/07\/radios-juntam-se-na-promocao-do-fumeiro\/#primaryimage\"},\"thumbnailUrl\":\"https:\/\/www.radioclubedodao.pt\/site\/wp-content\/uploads\/2019\/03\/54256327_2163147793747065_264896136660123648_n-298x300.jpg\",\"datePublished\":\"2019-03-07T13:10:10+00:00\",\"dateModified\":\"2019-03-07T12:35:00+00:00\",\"breadcrumb\":{\"@id\":\"https:\/\/www.radioclubedodao.pt\/site\/2019\/03\/07\/radios-juntam-se-na-promocao-do-fumeiro\/#breadcrumb\"},\"inLanguage\":\"pt-PT\",\"potentialAction\":[{\"@type\":\"ReadAction\",\"target\":[\"https:\/\/www.radioclubedodao.pt\/site\/2019\/03\/07\/radios-juntam-se-na-promocao-do-fumeiro\/\"]}]},{\"@type\":\"ImageObject\",\"inLanguage\":\"pt-PT\",\"@id\":\"https:\/\/www.radioclubedodao.pt\/site\/2019\/03\/07\/radios-juntam-se-na-promocao-do-fumeiro\/#primaryimage\",\"url\":\"https:\/\/www.radioclubedodao.pt\/site\/wp-content\/uploads\/2019\/03\/54256327_2163147793747065_264896136660123648_n-298x300.jpg\",\"contentUrl\":\"https:\/\/www.radioclubedodao.pt\/site\/wp-content\/uploads\/2019\/03\/54256327_2163147793747065_264896136660123648_n-298x300.jpg\"},{\"@type\":\"BreadcrumbList\",\"@id\":\"https:\/\/www.radioclubedodao.pt\/site\/2019\/03\/07\/radios-juntam-se-na-promocao-do-fumeiro\/#breadcrumb\",\"itemListElement\":[{\"@type\":\"ListItem\",\"position\":1,\"name\":\"In\u00edcio\",\"item\":\"https:\/\/www.radioclubedodao.pt\/site\/\"},{\"@type\":\"ListItem\",\"position\":2,\"name\":\"R\u00e1dios juntam-se na promo\u00e7\u00e3o do fumeiro\"}]},{\"@type\":\"WebSite\",\"@id\":\"https:\/\/www.radioclubedodao.pt\/site\/#website\",\"url\":\"https:\/\/www.radioclubedodao.pt\/site\/\",\"name\":\"R\u00e1dio Clube do D\u00e3o\",\"description\":\"webr\u00e1dio\",\"publisher\":{\"@id\":\"https:\/\/www.radioclubedodao.pt\/site\/#organization\"},\"potentialAction\":[{\"@type\":\"SearchAction\",\"target\":{\"@type\":\"EntryPoint\",\"urlTemplate\":\"https:\/\/www.radioclubedodao.pt\/site\/?s={search_term_string}\"},\"query-input\":{\"@type\":\"PropertyValueSpecification\",\"valueRequired\":true,\"valueName\":\"search_term_string\"}}],\"inLanguage\":\"pt-PT\"},{\"@type\":\"Organization\",\"@id\":\"https:\/\/www.radioclubedodao.pt\/site\/#organization\",\"name\":\"R\u00e1dio Clube do D\u00e3o\",\"url\":\"https:\/\/www.radioclubedodao.pt\/site\/\",\"logo\":{\"@type\":\"ImageObject\",\"inLanguage\":\"pt-PT\",\"@id\":\"https:\/\/www.radioclubedodao.pt\/site\/#\/schema\/logo\/image\/\",\"url\":\"https:\/\/www.radioclubedodao.pt\/site\/wp-content\/uploads\/2018\/09\/10959501_1528800417385471_8159620885825168864_n.png\",\"contentUrl\":\"https:\/\/www.radioclubedodao.pt\/site\/wp-content\/uploads\/2018\/09\/10959501_1528800417385471_8159620885825168864_n.png\",\"width\":960,\"height\":678,\"caption\":\"R\u00e1dio Clube do D\u00e3o\"},\"image\":{\"@id\":\"https:\/\/www.radioclubedodao.pt\/site\/#\/schema\/logo\/image\/\"},\"sameAs\":[\"https:\/\/www.facebook.com\/radioclubedodao\/\",\"https:\/\/x.com\/ClubeDao\",\"https:\/\/www.instagram.com\/rcdao\/?hl=pt\"]},{\"@type\":\"Person\",\"@id\":\"https:\/\/www.radioclubedodao.pt\/site\/#\/schema\/person\/cd7a28554f264c1876d790fedfddf499\",\"name\":\"admin\",\"image\":{\"@type\":\"ImageObject\",\"inLanguage\":\"pt-PT\",\"@id\":\"https:\/\/www.radioclubedodao.pt\/site\/#\/schema\/person\/image\/\",\"url\":\"https:\/\/secure.gravatar.com\/avatar\/34c95391003e4d74dd8a7ac6916f4230?s=96&d=mm&r=g\",\"contentUrl\":\"https:\/\/secure.gravatar.com\/avatar\/34c95391003e4d74dd8a7ac6916f4230?s=96&d=mm&r=g\",\"caption\":\"admin\"}}]}<\/script>\n<!-- \/ Yoast SEO plugin. -->","yoast_head_json":{"title":"R\u00e1dios juntam-se na promo\u00e7\u00e3o do fumeiro - R\u00e1dio Clube do D\u00e3o","robots":{"index":"index","follow":"follow","max-snippet":"max-snippet:-1","max-image-preview":"max-image-preview:large","max-video-preview":"max-video-preview:-1"},"canonical":"https:\/\/www.radioclubedodao.pt\/site\/2019\/03\/07\/radios-juntam-se-na-promocao-do-fumeiro\/","og_locale":"pt_PT","og_type":"article","og_title":"R\u00e1dios juntam-se na promo\u00e7\u00e3o do fumeiro - R\u00e1dio Clube do D\u00e3o","og_description":"Seis r\u00e1dios locais da Beira Alta v\u00e3o juntar-se para transmitir, em cadeia, um programa debate sobre a produ\u00e7\u00e3o de fumeiro. A emiss\u00e3o ser\u00e1 transmitida, em simult\u00e2neo, a partir da Feira de Fumeiro do Demo, que...","og_url":"https:\/\/www.radioclubedodao.pt\/site\/2019\/03\/07\/radios-juntam-se-na-promocao-do-fumeiro\/","og_site_name":"R\u00e1dio Clube do D\u00e3o","article_publisher":"https:\/\/www.facebook.com\/radioclubedodao\/","article_published_time":"2019-03-07T13:10:10+00:00","article_modified_time":"2019-03-07T12:35:00+00:00","og_image":[{"url":"https:\/\/www.radioclubedodao.pt\/site\/wp-content\/uploads\/2019\/03\/54256327_2163147793747065_264896136660123648_n-298x300.jpg","type":"","width":"","height":""}],"author":"admin","twitter_card":"summary_large_image","twitter_creator":"@ClubeDao","twitter_site":"@ClubeDao","twitter_misc":{"Escrito por":"admin","Tempo estimado de leitura":"3 minutos"},"schema":{"@context":"https:\/\/schema.org","@graph":[{"@type":"Article","@id":"https:\/\/www.radioclubedodao.pt\/site\/2019\/03\/07\/radios-juntam-se-na-promocao-do-fumeiro\/#article","isPartOf":{"@id":"https:\/\/www.radioclubedodao.pt\/site\/2019\/03\/07\/radios-juntam-se-na-promocao-do-fumeiro\/"},"author":{"name":"admin","@id":"https:\/\/www.radioclubedodao.pt\/site\/#\/schema\/person\/cd7a28554f264c1876d790fedfddf499"},"headline":"R\u00e1dios juntam-se na promo\u00e7\u00e3o do fumeiro","datePublished":"2019-03-07T13:10:10+00:00","dateModified":"2019-03-07T12:35:00+00:00","mainEntityOfPage":{"@id":"https:\/\/www.radioclubedodao.pt\/site\/2019\/03\/07\/radios-juntam-se-na-promocao-do-fumeiro\/"},"wordCount":627,"commentCount":0,"publisher":{"@id":"https:\/\/www.radioclubedodao.pt\/site\/#organization"},"image":{"@id":"https:\/\/www.radioclubedodao.pt\/site\/2019\/03\/07\/radios-juntam-se-na-promocao-do-fumeiro\/#primaryimage"},"thumbnailUrl":"https:\/\/www.radioclubedodao.pt\/site\/wp-content\/uploads\/2019\/03\/54256327_2163147793747065_264896136660123648_n-298x300.jpg","articleSection":["Local","Nacional","Not\u00edcias","Regional"],"inLanguage":"pt-PT","potentialAction":[{"@type":"CommentAction","name":"Comment","target":["https:\/\/www.radioclubedodao.pt\/site\/2019\/03\/07\/radios-juntam-se-na-promocao-do-fumeiro\/#respond"]}]},{"@type":"WebPage","@id":"https:\/\/www.radioclubedodao.pt\/site\/2019\/03\/07\/radios-juntam-se-na-promocao-do-fumeiro\/","url":"https:\/\/www.radioclubedodao.pt\/site\/2019\/03\/07\/radios-juntam-se-na-promocao-do-fumeiro\/","name":"R\u00e1dios juntam-se na promo\u00e7\u00e3o do fumeiro - R\u00e1dio Clube do D\u00e3o","isPartOf":{"@id":"https:\/\/www.radioclubedodao.pt\/site\/#website"},"primaryImageOfPage":{"@id":"https:\/\/www.radioclubedodao.pt\/site\/2019\/03\/07\/radios-juntam-se-na-promocao-do-fumeiro\/#primaryimage"},"image":{"@id":"https:\/\/www.radioclubedodao.pt\/site\/2019\/03\/07\/radios-juntam-se-na-promocao-do-fumeiro\/#primaryimage"},"thumbnailUrl":"https:\/\/www.radioclubedodao.pt\/site\/wp-content\/uploads\/2019\/03\/54256327_2163147793747065_264896136660123648_n-298x300.jpg","datePublished":"2019-03-07T13:10:10+00:00","dateModified":"2019-03-07T12:35:00+00:00","breadcrumb":{"@id":"https:\/\/www.radioclubedodao.pt\/site\/2019\/03\/07\/radios-juntam-se-na-promocao-do-fumeiro\/#breadcrumb"},"inLanguage":"pt-PT","potentialAction":[{"@type":"ReadAction","target":["https:\/\/www.radioclubedodao.pt\/site\/2019\/03\/07\/radios-juntam-se-na-promocao-do-fumeiro\/"]}]},{"@type":"ImageObject","inLanguage":"pt-PT","@id":"https:\/\/www.radioclubedodao.pt\/site\/2019\/03\/07\/radios-juntam-se-na-promocao-do-fumeiro\/#primaryimage","url":"https:\/\/www.radioclubedodao.pt\/site\/wp-content\/uploads\/2019\/03\/54256327_2163147793747065_264896136660123648_n-298x300.jpg","contentUrl":"https:\/\/www.radioclubedodao.pt\/site\/wp-content\/uploads\/2019\/03\/54256327_2163147793747065_264896136660123648_n-298x300.jpg"},{"@type":"BreadcrumbList","@id":"https:\/\/www.radioclubedodao.pt\/site\/2019\/03\/07\/radios-juntam-se-na-promocao-do-fumeiro\/#breadcrumb","itemListElement":[{"@type":"ListItem","position":1,"name":"In\u00edcio","item":"https:\/\/www.radioclubedodao.pt\/site\/"},{"@type":"ListItem","position":2,"name":"R\u00e1dios juntam-se na promo\u00e7\u00e3o do fumeiro"}]},{"@type":"WebSite","@id":"https:\/\/www.radioclubedodao.pt\/site\/#website","url":"https:\/\/www.radioclubedodao.pt\/site\/","name":"R\u00e1dio Clube do D\u00e3o","description":"webr\u00e1dio","publisher":{"@id":"https:\/\/www.radioclubedodao.pt\/site\/#organization"},"potentialAction":[{"@type":"SearchAction","target":{"@type":"EntryPoint","urlTemplate":"https:\/\/www.radioclubedodao.pt\/site\/?s={search_term_string}"},"query-input":{"@type":"PropertyValueSpecification","valueRequired":true,"valueName":"search_term_string"}}],"inLanguage":"pt-PT"},{"@type":"Organization","@id":"https:\/\/www.radioclubedodao.pt\/site\/#organization","name":"R\u00e1dio Clube do D\u00e3o","url":"https:\/\/www.radioclubedodao.pt\/site\/","logo":{"@type":"ImageObject","inLanguage":"pt-PT","@id":"https:\/\/www.radioclubedodao.pt\/site\/#\/schema\/logo\/image\/","url":"https:\/\/www.radioclubedodao.pt\/site\/wp-content\/uploads\/2018\/09\/10959501_1528800417385471_8159620885825168864_n.png","contentUrl":"https:\/\/www.radioclubedodao.pt\/site\/wp-content\/uploads\/2018\/09\/10959501_1528800417385471_8159620885825168864_n.png","width":960,"height":678,"caption":"R\u00e1dio Clube do D\u00e3o"},"image":{"@id":"https:\/\/www.radioclubedodao.pt\/site\/#\/schema\/logo\/image\/"},"sameAs":["https:\/\/www.facebook.com\/radioclubedodao\/","https:\/\/x.com\/ClubeDao","https:\/\/www.instagram.com\/rcdao\/?hl=pt"]},{"@type":"Person","@id":"https:\/\/www.radioclubedodao.pt\/site\/#\/schema\/person\/cd7a28554f264c1876d790fedfddf499","name":"admin","image":{"@type":"ImageObject","inLanguage":"pt-PT","@id":"https:\/\/www.radioclubedodao.pt\/site\/#\/schema\/person\/image\/","url":"https:\/\/secure.gravatar.com\/avatar\/34c95391003e4d74dd8a7ac6916f4230?s=96&d=mm&r=g","contentUrl":"https:\/\/secure.gravatar.com\/avatar\/34c95391003e4d74dd8a7ac6916f4230?s=96&d=mm&r=g","caption":"admin"}}]}},"_links":{"self":[{"href":"https:\/\/www.radioclubedodao.pt\/site\/wp-json\/wp\/v2\/posts\/953","targetHints":{"allow":["GET"]}}],"collection":[{"href":"https:\/\/www.radioclubedodao.pt\/site\/wp-json\/wp\/v2\/posts"}],"about":[{"href":"https:\/\/www.radioclubedodao.pt\/site\/wp-json\/wp\/v2\/types\/post"}],"author":[{"embeddable":true,"href":"https:\/\/www.radioclubedodao.pt\/site\/wp-json\/wp\/v2\/users\/1"}],"replies":[{"embeddable":true,"href":"https:\/\/www.radioclubedodao.pt\/site\/wp-json\/wp\/v2\/comments?post=953"}],"version-history":[{"count":4,"href":"https:\/\/www.radioclubedodao.pt\/site\/wp-json\/wp\/v2\/posts\/953\/revisions"}],"predecessor-version":[{"id":959,"href":"https:\/\/www.radioclubedodao.pt\/site\/wp-json\/wp\/v2\/posts\/953\/revisions\/959"}],"wp:attachment":[{"href":"https:\/\/www.radioclubedodao.pt\/site\/wp-json\/wp\/v2\/media?parent=953"}],"wp:term":[{"taxonomy":"category","embeddable":true,"href":"https:\/\/www.radioclubedodao.pt\/site\/wp-json\/wp\/v2\/categories?post=953"},{"taxonomy":"post_tag","embeddable":true,"href":"https:\/\/www.radioclubedodao.pt\/site\/wp-json\/wp\/v2\/tags?post=953"},{"taxonomy":"podcasting_podcasts","embeddable":true,"href":"https:\/\/www.radioclubedodao.pt\/site\/wp-json\/wp\/v2\/podcasting_podcasts?post=953"}],"curies":[{"name":"wp","href":"https:\/\/api.w.org\/{rel}","templated":true}]}}