{"id":960,"date":"2019-03-08T13:00:10","date_gmt":"2019-03-08T13:00:10","guid":{"rendered":"https:\/\/www.radioclubedodao.pt\/site\/?p=960"},"modified":"2019-03-08T11:32:48","modified_gmt":"2019-03-08T11:32:48","slug":"hoje-e-o-dia-internacional-da-mulher","status":"publish","type":"post","link":"https:\/\/www.radioclubedodao.pt\/site\/2019\/03\/08\/hoje-e-o-dia-internacional-da-mulher\/","title":{"rendered":"HOJE \u00c9 O DIA INTERNACIONAL DA MULHER"},"content":{"rendered":"<p style=\"text-align: left;\"><strong>O Dia Internacional da Mulher \u00e9 comemorado anualmente a\u00a08 de mar\u00e7o.<\/strong><\/p>\n<h2 style=\"text-align: left;\"><strong>Hist\u00f3ria do Dia da Mulher<\/strong><\/h2>\n<p style=\"text-align: left;\"><strong>A data surgiu pela primeira vez a 19 de mar\u00e7o de 1911 na \u00c1ustria, Dinamarca, Alemanha e Su\u00ed\u00e7a.<\/strong><\/p>\n<p style=\"text-align: left;\"><strong>Desde esse ano, o dia tem vindo a ser comemorado em v\u00e1rios pa\u00edses do mundo, de forma a reconhecer a import\u00e2ncia e contributo da mulher na sociedade.<\/strong><\/p>\n<p style=\"text-align: left;\"><strong>Outro dos objetivos por detr\u00e1s da origem do Dia Internacional da Mulher \u00e9 recordar as conquistas das mulheres e a luta contra o preconceito, seja racial, sexual, pol\u00edtico, cultural, lingu\u00edstico ou econ\u00f3mico.<\/strong><\/p>\n<p style=\"text-align: left;\"><strong>Em 1975, as Na\u00e7\u00f5es Unidas promoveram o Ano Internacional da Mulher e em 1977 proclamaram o dia 8 de mar\u00e7o como o Dia Internacional da Mulher.<\/strong><\/p>\n<p style=\"text-align: left;\"><strong>No Dia Internacional da Mulher \u00e9 comum serem enviadas \u00e0s mulheres mensagens de apre\u00e7o e de homenagem, e fazerem-se pequenas surpresas, como o envio de flores e bombons.<\/strong><\/p>\n<h2 style=\"text-align: left;\"><strong>Origem do Dia Internacional da Mulher<\/strong><\/h2>\n<p style=\"text-align: left;\"><strong>H\u00e1 v\u00e1rias explica\u00e7\u00f5es para a origem do Dia Internacional da Mulher ser 8 de mar\u00e7o.<\/strong><\/p>\n<p style=\"text-align: left;\"><strong>Uma delas \u00e9 a pr\u00f3pria luta das mulheres oper\u00e1rias por mais direitos e melhores condi\u00e7\u00f5es de vida nas f\u00e1bricas. Junte-se a isso, ao movimento sufragista que reivindicava o direito ao voto.<\/strong><\/p>\n<p style=\"text-align: left;\"><strong>H\u00e1 quem afirme que a data foi proposta por causa de um inc\u00eandio em 1857, numa f\u00e1brica em Nova York. No entanto, este acidente nunca existiu e o mais prov\u00e1vel \u00e9 que se fizesse refer\u00eancia a um sinistro ocorrido na mesma cidade em 1911.<\/strong><\/p>\n<p style=\"text-align: left;\"><strong>Na verdade, o 8 de mar\u00e7o foi escolhido porque neste dia, em 1917, as mulheres russas protestaram exigindo melhores condi\u00e7\u00f5es de vida. A manifesta\u00e7\u00e3o reuniu mais de 90 mil pessoas e data se tornou oficial em 1917.<\/strong><\/p>\n<p><strong>Em 1977, a ONU reconheceu esta data como o Dia Internacional da Mulher.<\/strong><\/p>\n","protected":false},"excerpt":{"rendered":"<p>O Dia Internacional da Mulher \u00e9 comemorado anualmente a\u00a08 de mar\u00e7o. Hist\u00f3ria do Dia da Mulher A data surgiu pela primeira vez a 19 de mar\u00e7o de 1911 na \u00c1ustria, Dinamarca, Alemanha e Su\u00ed\u00e7a. Desde&#8230;<\/p>\n","protected":false},"author":1,"featured_media":961,"comment_status":"open","ping_status":"open","sticky":false,"template":"","format":"standard","meta":{"podcast_url":"","podcast_explicit":"no","podcast_captioned":false,"podcast_duration":"","podcast_filesize":0,"podcast_mime":"","enclosure":"","podcast_season_number":"","podcast_episode_number":"","podcast_episode_type":"none","podcast_transcript":"","sfsi_plus_gutenberg_text_before_share":"","sfsi_plus_gutenberg_show_text_before_share":"","sfsi_plus_gutenberg_icon_type":"","sfsi_plus_gutenberg_icon_alignemt":"","sfsi_plus_gutenburg_max_per_row":"","sapo_feed_post_nuts":"","footnotes":""},"categories":[10,7,9,3,8],"tags":[],"podcasting_podcasts":[],"class_list":["post-960","post","type-post","status-publish","format-standard","has-post-thumbnail","hentry","category-internacional","category-local","category-nacional","category-noticias","category-regional"],"yoast_head":"<!-- This site is optimized with the Yoast SEO plugin v24.1 - https:\/\/yoast.com\/wordpress\/plugins\/seo\/ -->\n<title>HOJE \u00c9 O DIA INTERNACIONAL DA MULHER - R\u00e1dio Clube do D\u00e3o<\/title>\n<meta name=\"robots\" content=\"index, follow, max-snippet:-1, max-image-preview:large, max-video-preview:-1\" \/>\n<link rel=\"canonical\" href=\"https:\/\/www.radioclubedodao.pt\/site\/2019\/03\/08\/hoje-e-o-dia-internacional-da-mulher\/\" \/>\n<meta property=\"og:locale\" content=\"pt_PT\" \/>\n<meta property=\"og:type\" content=\"article\" \/>\n<meta property=\"og:title\" content=\"HOJE \u00c9 O DIA INTERNACIONAL DA MULHER - R\u00e1dio Clube do D\u00e3o\" \/>\n<meta property=\"og:description\" content=\"O Dia Internacional da Mulher \u00e9 comemorado anualmente a\u00a08 de mar\u00e7o. Hist\u00f3ria do Dia da Mulher A data surgiu pela primeira vez a 19 de mar\u00e7o de 1911 na \u00c1ustria, Dinamarca, Alemanha e Su\u00ed\u00e7a. Desde...\" \/>\n<meta property=\"og:url\" content=\"https:\/\/www.radioclubedodao.pt\/site\/2019\/03\/08\/hoje-e-o-dia-internacional-da-mulher\/\" \/>\n<meta property=\"og:site_name\" content=\"R\u00e1dio Clube do D\u00e3o\" \/>\n<meta property=\"article:publisher\" content=\"https:\/\/www.facebook.com\/radioclubedodao\/\" \/>\n<meta property=\"article:published_time\" content=\"2019-03-08T13:00:10+00:00\" \/>\n<meta property=\"article:modified_time\" content=\"2019-03-08T11:32:48+00:00\" \/>\n<meta property=\"og:image\" content=\"https:\/\/www.radioclubedodao.pt\/site\/wp-content\/uploads\/2019\/03\/Apresenta\u00e7\u00e3o1.png\" \/>\n\t<meta property=\"og:image:width\" content=\"942\" \/>\n\t<meta property=\"og:image:height\" content=\"500\" \/>\n\t<meta property=\"og:image:type\" content=\"image\/png\" \/>\n<meta name=\"author\" content=\"admin\" \/>\n<meta name=\"twitter:card\" content=\"summary_large_image\" \/>\n<meta name=\"twitter:creator\" content=\"@ClubeDao\" \/>\n<meta name=\"twitter:site\" content=\"@ClubeDao\" \/>\n<meta name=\"twitter:label1\" content=\"Escrito por\" \/>\n\t<meta name=\"twitter:data1\" content=\"admin\" \/>\n\t<meta name=\"twitter:label2\" content=\"Tempo estimado de leitura\" \/>\n\t<meta name=\"twitter:data2\" content=\"2 minutos\" \/>\n<script type=\"application\/ld+json\" class=\"yoast-schema-graph\">{\"@context\":\"https:\/\/schema.org\",\"@graph\":[{\"@type\":\"Article\",\"@id\":\"https:\/\/www.radioclubedodao.pt\/site\/2019\/03\/08\/hoje-e-o-dia-internacional-da-mulher\/#article\",\"isPartOf\":{\"@id\":\"https:\/\/www.radioclubedodao.pt\/site\/2019\/03\/08\/hoje-e-o-dia-internacional-da-mulher\/\"},\"author\":{\"name\":\"admin\",\"@id\":\"https:\/\/www.radioclubedodao.pt\/site\/#\/schema\/person\/cd7a28554f264c1876d790fedfddf499\"},\"headline\":\"HOJE \u00c9 O DIA INTERNACIONAL DA MULHER\",\"datePublished\":\"2019-03-08T13:00:10+00:00\",\"dateModified\":\"2019-03-08T11:32:48+00:00\",\"mainEntityOfPage\":{\"@id\":\"https:\/\/www.radioclubedodao.pt\/site\/2019\/03\/08\/hoje-e-o-dia-internacional-da-mulher\/\"},\"wordCount\":309,\"commentCount\":0,\"publisher\":{\"@id\":\"https:\/\/www.radioclubedodao.pt\/site\/#organization\"},\"image\":{\"@id\":\"https:\/\/www.radioclubedodao.pt\/site\/2019\/03\/08\/hoje-e-o-dia-internacional-da-mulher\/#primaryimage\"},\"thumbnailUrl\":\"https:\/\/www.radioclubedodao.pt\/site\/wp-content\/uploads\/2019\/03\/Apresenta\u00e7\u00e3o1.png\",\"articleSection\":[\"Internacional\",\"Local\",\"Nacional\",\"Not\u00edcias\",\"Regional\"],\"inLanguage\":\"pt-PT\",\"potentialAction\":[{\"@type\":\"CommentAction\",\"name\":\"Comment\",\"target\":[\"https:\/\/www.radioclubedodao.pt\/site\/2019\/03\/08\/hoje-e-o-dia-internacional-da-mulher\/#respond\"]}]},{\"@type\":\"WebPage\",\"@id\":\"https:\/\/www.radioclubedodao.pt\/site\/2019\/03\/08\/hoje-e-o-dia-internacional-da-mulher\/\",\"url\":\"https:\/\/www.radioclubedodao.pt\/site\/2019\/03\/08\/hoje-e-o-dia-internacional-da-mulher\/\",\"name\":\"HOJE \u00c9 O DIA INTERNACIONAL DA MULHER - R\u00e1dio Clube do D\u00e3o\",\"isPartOf\":{\"@id\":\"https:\/\/www.radioclubedodao.pt\/site\/#website\"},\"primaryImageOfPage\":{\"@id\":\"https:\/\/www.radioclubedodao.pt\/site\/2019\/03\/08\/hoje-e-o-dia-internacional-da-mulher\/#primaryimage\"},\"image\":{\"@id\":\"https:\/\/www.radioclubedodao.pt\/site\/2019\/03\/08\/hoje-e-o-dia-internacional-da-mulher\/#primaryimage\"},\"thumbnailUrl\":\"https:\/\/www.radioclubedodao.pt\/site\/wp-content\/uploads\/2019\/03\/Apresenta\u00e7\u00e3o1.png\",\"datePublished\":\"2019-03-08T13:00:10+00:00\",\"dateModified\":\"2019-03-08T11:32:48+00:00\",\"breadcrumb\":{\"@id\":\"https:\/\/www.radioclubedodao.pt\/site\/2019\/03\/08\/hoje-e-o-dia-internacional-da-mulher\/#breadcrumb\"},\"inLanguage\":\"pt-PT\",\"potentialAction\":[{\"@type\":\"ReadAction\",\"target\":[\"https:\/\/www.radioclubedodao.pt\/site\/2019\/03\/08\/hoje-e-o-dia-internacional-da-mulher\/\"]}]},{\"@type\":\"ImageObject\",\"inLanguage\":\"pt-PT\",\"@id\":\"https:\/\/www.radioclubedodao.pt\/site\/2019\/03\/08\/hoje-e-o-dia-internacional-da-mulher\/#primaryimage\",\"url\":\"https:\/\/www.radioclubedodao.pt\/site\/wp-content\/uploads\/2019\/03\/Apresenta\u00e7\u00e3o1.png\",\"contentUrl\":\"https:\/\/www.radioclubedodao.pt\/site\/wp-content\/uploads\/2019\/03\/Apresenta\u00e7\u00e3o1.png\",\"width\":942,\"height\":500},{\"@type\":\"BreadcrumbList\",\"@id\":\"https:\/\/www.radioclubedodao.pt\/site\/2019\/03\/08\/hoje-e-o-dia-internacional-da-mulher\/#breadcrumb\",\"itemListElement\":[{\"@type\":\"ListItem\",\"position\":1,\"name\":\"In\u00edcio\",\"item\":\"https:\/\/www.radioclubedodao.pt\/site\/\"},{\"@type\":\"ListItem\",\"position\":2,\"name\":\"HOJE \u00c9 O DIA INTERNACIONAL DA MULHER\"}]},{\"@type\":\"WebSite\",\"@id\":\"https:\/\/www.radioclubedodao.pt\/site\/#website\",\"url\":\"https:\/\/www.radioclubedodao.pt\/site\/\",\"name\":\"R\u00e1dio Clube do D\u00e3o\",\"description\":\"webr\u00e1dio\",\"publisher\":{\"@id\":\"https:\/\/www.radioclubedodao.pt\/site\/#organization\"},\"potentialAction\":[{\"@type\":\"SearchAction\",\"target\":{\"@type\":\"EntryPoint\",\"urlTemplate\":\"https:\/\/www.radioclubedodao.pt\/site\/?s={search_term_string}\"},\"query-input\":{\"@type\":\"PropertyValueSpecification\",\"valueRequired\":true,\"valueName\":\"search_term_string\"}}],\"inLanguage\":\"pt-PT\"},{\"@type\":\"Organization\",\"@id\":\"https:\/\/www.radioclubedodao.pt\/site\/#organization\",\"name\":\"R\u00e1dio Clube do D\u00e3o\",\"url\":\"https:\/\/www.radioclubedodao.pt\/site\/\",\"logo\":{\"@type\":\"ImageObject\",\"inLanguage\":\"pt-PT\",\"@id\":\"https:\/\/www.radioclubedodao.pt\/site\/#\/schema\/logo\/image\/\",\"url\":\"https:\/\/www.radioclubedodao.pt\/site\/wp-content\/uploads\/2018\/09\/10959501_1528800417385471_8159620885825168864_n.png\",\"contentUrl\":\"https:\/\/www.radioclubedodao.pt\/site\/wp-content\/uploads\/2018\/09\/10959501_1528800417385471_8159620885825168864_n.png\",\"width\":960,\"height\":678,\"caption\":\"R\u00e1dio Clube do D\u00e3o\"},\"image\":{\"@id\":\"https:\/\/www.radioclubedodao.pt\/site\/#\/schema\/logo\/image\/\"},\"sameAs\":[\"https:\/\/www.facebook.com\/radioclubedodao\/\",\"https:\/\/x.com\/ClubeDao\",\"https:\/\/www.instagram.com\/rcdao\/?hl=pt\"]},{\"@type\":\"Person\",\"@id\":\"https:\/\/www.radioclubedodao.pt\/site\/#\/schema\/person\/cd7a28554f264c1876d790fedfddf499\",\"name\":\"admin\",\"image\":{\"@type\":\"ImageObject\",\"inLanguage\":\"pt-PT\",\"@id\":\"https:\/\/www.radioclubedodao.pt\/site\/#\/schema\/person\/image\/\",\"url\":\"https:\/\/secure.gravatar.com\/avatar\/34c95391003e4d74dd8a7ac6916f4230?s=96&d=mm&r=g\",\"contentUrl\":\"https:\/\/secure.gravatar.com\/avatar\/34c95391003e4d74dd8a7ac6916f4230?s=96&d=mm&r=g\",\"caption\":\"admin\"}}]}<\/script>\n<!-- \/ Yoast SEO plugin. -->","yoast_head_json":{"title":"HOJE \u00c9 O DIA INTERNACIONAL DA MULHER - R\u00e1dio Clube do D\u00e3o","robots":{"index":"index","follow":"follow","max-snippet":"max-snippet:-1","max-image-preview":"max-image-preview:large","max-video-preview":"max-video-preview:-1"},"canonical":"https:\/\/www.radioclubedodao.pt\/site\/2019\/03\/08\/hoje-e-o-dia-internacional-da-mulher\/","og_locale":"pt_PT","og_type":"article","og_title":"HOJE \u00c9 O DIA INTERNACIONAL DA MULHER - R\u00e1dio Clube do D\u00e3o","og_description":"O Dia Internacional da Mulher \u00e9 comemorado anualmente a\u00a08 de mar\u00e7o. Hist\u00f3ria do Dia da Mulher A data surgiu pela primeira vez a 19 de mar\u00e7o de 1911 na \u00c1ustria, Dinamarca, Alemanha e Su\u00ed\u00e7a. Desde...","og_url":"https:\/\/www.radioclubedodao.pt\/site\/2019\/03\/08\/hoje-e-o-dia-internacional-da-mulher\/","og_site_name":"R\u00e1dio Clube do D\u00e3o","article_publisher":"https:\/\/www.facebook.com\/radioclubedodao\/","article_published_time":"2019-03-08T13:00:10+00:00","article_modified_time":"2019-03-08T11:32:48+00:00","og_image":[{"width":942,"height":500,"url":"https:\/\/www.radioclubedodao.pt\/site\/wp-content\/uploads\/2019\/03\/Apresenta\u00e7\u00e3o1.png","type":"image\/png"}],"author":"admin","twitter_card":"summary_large_image","twitter_creator":"@ClubeDao","twitter_site":"@ClubeDao","twitter_misc":{"Escrito por":"admin","Tempo estimado de leitura":"2 minutos"},"schema":{"@context":"https:\/\/schema.org","@graph":[{"@type":"Article","@id":"https:\/\/www.radioclubedodao.pt\/site\/2019\/03\/08\/hoje-e-o-dia-internacional-da-mulher\/#article","isPartOf":{"@id":"https:\/\/www.radioclubedodao.pt\/site\/2019\/03\/08\/hoje-e-o-dia-internacional-da-mulher\/"},"author":{"name":"admin","@id":"https:\/\/www.radioclubedodao.pt\/site\/#\/schema\/person\/cd7a28554f264c1876d790fedfddf499"},"headline":"HOJE \u00c9 O DIA INTERNACIONAL DA MULHER","datePublished":"2019-03-08T13:00:10+00:00","dateModified":"2019-03-08T11:32:48+00:00","mainEntityOfPage":{"@id":"https:\/\/www.radioclubedodao.pt\/site\/2019\/03\/08\/hoje-e-o-dia-internacional-da-mulher\/"},"wordCount":309,"commentCount":0,"publisher":{"@id":"https:\/\/www.radioclubedodao.pt\/site\/#organization"},"image":{"@id":"https:\/\/www.radioclubedodao.pt\/site\/2019\/03\/08\/hoje-e-o-dia-internacional-da-mulher\/#primaryimage"},"thumbnailUrl":"https:\/\/www.radioclubedodao.pt\/site\/wp-content\/uploads\/2019\/03\/Apresenta\u00e7\u00e3o1.png","articleSection":["Internacional","Local","Nacional","Not\u00edcias","Regional"],"inLanguage":"pt-PT","potentialAction":[{"@type":"CommentAction","name":"Comment","target":["https:\/\/www.radioclubedodao.pt\/site\/2019\/03\/08\/hoje-e-o-dia-internacional-da-mulher\/#respond"]}]},{"@type":"WebPage","@id":"https:\/\/www.radioclubedodao.pt\/site\/2019\/03\/08\/hoje-e-o-dia-internacional-da-mulher\/","url":"https:\/\/www.radioclubedodao.pt\/site\/2019\/03\/08\/hoje-e-o-dia-internacional-da-mulher\/","name":"HOJE \u00c9 O DIA INTERNACIONAL DA MULHER - R\u00e1dio Clube do D\u00e3o","isPartOf":{"@id":"https:\/\/www.radioclubedodao.pt\/site\/#website"},"primaryImageOfPage":{"@id":"https:\/\/www.radioclubedodao.pt\/site\/2019\/03\/08\/hoje-e-o-dia-internacional-da-mulher\/#primaryimage"},"image":{"@id":"https:\/\/www.radioclubedodao.pt\/site\/2019\/03\/08\/hoje-e-o-dia-internacional-da-mulher\/#primaryimage"},"thumbnailUrl":"https:\/\/www.radioclubedodao.pt\/site\/wp-content\/uploads\/2019\/03\/Apresenta\u00e7\u00e3o1.png","datePublished":"2019-03-08T13:00:10+00:00","dateModified":"2019-03-08T11:32:48+00:00","breadcrumb":{"@id":"https:\/\/www.radioclubedodao.pt\/site\/2019\/03\/08\/hoje-e-o-dia-internacional-da-mulher\/#breadcrumb"},"inLanguage":"pt-PT","potentialAction":[{"@type":"ReadAction","target":["https:\/\/www.radioclubedodao.pt\/site\/2019\/03\/08\/hoje-e-o-dia-internacional-da-mulher\/"]}]},{"@type":"ImageObject","inLanguage":"pt-PT","@id":"https:\/\/www.radioclubedodao.pt\/site\/2019\/03\/08\/hoje-e-o-dia-internacional-da-mulher\/#primaryimage","url":"https:\/\/www.radioclubedodao.pt\/site\/wp-content\/uploads\/2019\/03\/Apresenta\u00e7\u00e3o1.png","contentUrl":"https:\/\/www.radioclubedodao.pt\/site\/wp-content\/uploads\/2019\/03\/Apresenta\u00e7\u00e3o1.png","width":942,"height":500},{"@type":"BreadcrumbList","@id":"https:\/\/www.radioclubedodao.pt\/site\/2019\/03\/08\/hoje-e-o-dia-internacional-da-mulher\/#breadcrumb","itemListElement":[{"@type":"ListItem","position":1,"name":"In\u00edcio","item":"https:\/\/www.radioclubedodao.pt\/site\/"},{"@type":"ListItem","position":2,"name":"HOJE \u00c9 O DIA INTERNACIONAL DA MULHER"}]},{"@type":"WebSite","@id":"https:\/\/www.radioclubedodao.pt\/site\/#website","url":"https:\/\/www.radioclubedodao.pt\/site\/","name":"R\u00e1dio Clube do D\u00e3o","description":"webr\u00e1dio","publisher":{"@id":"https:\/\/www.radioclubedodao.pt\/site\/#organization"},"potentialAction":[{"@type":"SearchAction","target":{"@type":"EntryPoint","urlTemplate":"https:\/\/www.radioclubedodao.pt\/site\/?s={search_term_string}"},"query-input":{"@type":"PropertyValueSpecification","valueRequired":true,"valueName":"search_term_string"}}],"inLanguage":"pt-PT"},{"@type":"Organization","@id":"https:\/\/www.radioclubedodao.pt\/site\/#organization","name":"R\u00e1dio Clube do D\u00e3o","url":"https:\/\/www.radioclubedodao.pt\/site\/","logo":{"@type":"ImageObject","inLanguage":"pt-PT","@id":"https:\/\/www.radioclubedodao.pt\/site\/#\/schema\/logo\/image\/","url":"https:\/\/www.radioclubedodao.pt\/site\/wp-content\/uploads\/2018\/09\/10959501_1528800417385471_8159620885825168864_n.png","contentUrl":"https:\/\/www.radioclubedodao.pt\/site\/wp-content\/uploads\/2018\/09\/10959501_1528800417385471_8159620885825168864_n.png","width":960,"height":678,"caption":"R\u00e1dio Clube do D\u00e3o"},"image":{"@id":"https:\/\/www.radioclubedodao.pt\/site\/#\/schema\/logo\/image\/"},"sameAs":["https:\/\/www.facebook.com\/radioclubedodao\/","https:\/\/x.com\/ClubeDao","https:\/\/www.instagram.com\/rcdao\/?hl=pt"]},{"@type":"Person","@id":"https:\/\/www.radioclubedodao.pt\/site\/#\/schema\/person\/cd7a28554f264c1876d790fedfddf499","name":"admin","image":{"@type":"ImageObject","inLanguage":"pt-PT","@id":"https:\/\/www.radioclubedodao.pt\/site\/#\/schema\/person\/image\/","url":"https:\/\/secure.gravatar.com\/avatar\/34c95391003e4d74dd8a7ac6916f4230?s=96&d=mm&r=g","contentUrl":"https:\/\/secure.gravatar.com\/avatar\/34c95391003e4d74dd8a7ac6916f4230?s=96&d=mm&r=g","caption":"admin"}}]}},"_links":{"self":[{"href":"https:\/\/www.radioclubedodao.pt\/site\/wp-json\/wp\/v2\/posts\/960","targetHints":{"allow":["GET"]}}],"collection":[{"href":"https:\/\/www.radioclubedodao.pt\/site\/wp-json\/wp\/v2\/posts"}],"about":[{"href":"https:\/\/www.radioclubedodao.pt\/site\/wp-json\/wp\/v2\/types\/post"}],"author":[{"embeddable":true,"href":"https:\/\/www.radioclubedodao.pt\/site\/wp-json\/wp\/v2\/users\/1"}],"replies":[{"embeddable":true,"href":"https:\/\/www.radioclubedodao.pt\/site\/wp-json\/wp\/v2\/comments?post=960"}],"version-history":[{"count":1,"href":"https:\/\/www.radioclubedodao.pt\/site\/wp-json\/wp\/v2\/posts\/960\/revisions"}],"predecessor-version":[{"id":962,"href":"https:\/\/www.radioclubedodao.pt\/site\/wp-json\/wp\/v2\/posts\/960\/revisions\/962"}],"wp:featuredmedia":[{"embeddable":true,"href":"https:\/\/www.radioclubedodao.pt\/site\/wp-json\/wp\/v2\/media\/961"}],"wp:attachment":[{"href":"https:\/\/www.radioclubedodao.pt\/site\/wp-json\/wp\/v2\/media?parent=960"}],"wp:term":[{"taxonomy":"category","embeddable":true,"href":"https:\/\/www.radioclubedodao.pt\/site\/wp-json\/wp\/v2\/categories?post=960"},{"taxonomy":"post_tag","embeddable":true,"href":"https:\/\/www.radioclubedodao.pt\/site\/wp-json\/wp\/v2\/tags?post=960"},{"taxonomy":"podcasting_podcasts","embeddable":true,"href":"https:\/\/www.radioclubedodao.pt\/site\/wp-json\/wp\/v2\/podcasting_podcasts?post=960"}],"curies":[{"name":"wp","href":"https:\/\/api.w.org\/{rel}","templated":true}]}}