{"id":964,"date":"2019-03-11T19:45:51","date_gmt":"2019-03-11T19:45:51","guid":{"rendered":"https:\/\/www.radioclubedodao.pt\/site\/?p=964"},"modified":"2019-03-11T19:45:51","modified_gmt":"2019-03-11T19:45:51","slug":"rui-moreira-eleito-para-a-qualificacao-para-o-europeu-sub-19","status":"publish","type":"post","link":"https:\/\/www.radioclubedodao.pt\/site\/2019\/03\/11\/rui-moreira-eleito-para-a-qualificacao-para-o-europeu-sub-19\/","title":{"rendered":"RUI MOREIRA &#8211; Eleito para a qualifica\u00e7\u00e3o para o Europeu Sub 19"},"content":{"rendered":"<div>A Sele\u00e7\u00e3o Nacional de futsal sub-19 est\u00e1 prestes a iniciar a fase de qualifica\u00e7\u00e3o para o Campeonato da Europa da categoria. Jos\u00e9 Lu\u00eds Mendes, Treinador Nacional, divulgou os convocados para o apuramento, que decorre entre 27 e 30 de Mar\u00e7o, juntamente com Mold\u00e1via, S\u00e9rvia e B\u00f3snia Herzegovina.<\/div>\n<div><\/div>\n<div>At\u00e9 esse momento de qualifica\u00e7\u00e3o, a Equipa das Quinas ainda vai cumprir dois jogos de prepara\u00e7\u00e3o com Espanha, agendados para 19 e 20 de Mar\u00e7o.<\/div>\n<div><\/div>\n<div>Na etapa de qualifica\u00e7\u00e3o, os vencedores dos sete grupos juntam-se \u00e0 anfitri\u00e3 Let\u00f3nia na fase final da competi\u00e7\u00e3o, que se disputa entre 8 e 14 de Setembro, em Riga.<\/div>\n<div><\/div>\n<div>Eis os convocados para o est\u00e1gio de prepara\u00e7\u00e3o:<\/div>\n<div>ACDR Caxinas Po\u00e7a Barca: R\u00faben G\u00f3is;<\/div>\n<div>CS S\u00e3o Jo\u00e3o Urgicentro: Daniel Costa;<\/div>\n<div>SL Benfica: Martim Figueira e Milton Dias;<\/div>\n<div>Sporting CP: Bernardo Pa\u00e7\u00f3, Tom\u00e1s Pa\u00e7\u00f3, C\u00e9lio Coque, Gustavo Rodrigues, Hugo Neves, S\u00e9vio Marcelo, <strong>Rui Moreira<\/strong> e Tom\u00e1s Reis.<\/div>\n","protected":false},"excerpt":{"rendered":"<p>A Sele\u00e7\u00e3o Nacional de futsal sub-19 est\u00e1 prestes a iniciar a fase de qualifica\u00e7\u00e3o para o Campeonato da Europa da categoria. Jos\u00e9 Lu\u00eds Mendes, Treinador Nacional, divulgou os convocados para o apuramento, que decorre entre&#8230;<\/p>\n","protected":false},"author":1,"featured_media":0,"comment_status":"open","ping_status":"open","sticky":false,"template":"","format":"standard","meta":{"podcast_url":"","podcast_explicit":"no","podcast_captioned":false,"podcast_duration":"","podcast_filesize":0,"podcast_mime":"","enclosure":"","podcast_season_number":"","podcast_episode_number":"","podcast_episode_type":"none","podcast_transcript":"","sfsi_plus_gutenberg_text_before_share":"","sfsi_plus_gutenberg_show_text_before_share":"","sfsi_plus_gutenberg_icon_type":"","sfsi_plus_gutenberg_icon_alignemt":"","sfsi_plus_gutenburg_max_per_row":"","sapo_feed_post_nuts":"","footnotes":""},"categories":[12,7,9,3,8],"tags":[],"podcasting_podcasts":[],"class_list":["post-964","post","type-post","status-publish","format-standard","hentry","category-desporto","category-local","category-nacional","category-noticias","category-regional"],"yoast_head":"<!-- This site is optimized with the Yoast SEO plugin v24.1 - https:\/\/yoast.com\/wordpress\/plugins\/seo\/ -->\n<title>RUI MOREIRA - Eleito para a qualifica\u00e7\u00e3o para o Europeu Sub 19 - R\u00e1dio Clube do D\u00e3o<\/title>\n<meta name=\"robots\" content=\"index, follow, max-snippet:-1, max-image-preview:large, max-video-preview:-1\" \/>\n<link rel=\"canonical\" href=\"https:\/\/www.radioclubedodao.pt\/site\/2019\/03\/11\/rui-moreira-eleito-para-a-qualificacao-para-o-europeu-sub-19\/\" \/>\n<meta property=\"og:locale\" content=\"pt_PT\" \/>\n<meta property=\"og:type\" content=\"article\" \/>\n<meta property=\"og:title\" content=\"RUI MOREIRA - Eleito para a qualifica\u00e7\u00e3o para o Europeu Sub 19 - R\u00e1dio Clube do D\u00e3o\" \/>\n<meta property=\"og:description\" content=\"A Sele\u00e7\u00e3o Nacional de futsal sub-19 est\u00e1 prestes a iniciar a fase de qualifica\u00e7\u00e3o para o Campeonato da Europa da categoria. Jos\u00e9 Lu\u00eds Mendes, Treinador Nacional, divulgou os convocados para o apuramento, que decorre entre...\" \/>\n<meta property=\"og:url\" content=\"https:\/\/www.radioclubedodao.pt\/site\/2019\/03\/11\/rui-moreira-eleito-para-a-qualificacao-para-o-europeu-sub-19\/\" \/>\n<meta property=\"og:site_name\" content=\"R\u00e1dio Clube do D\u00e3o\" \/>\n<meta property=\"article:publisher\" content=\"https:\/\/www.facebook.com\/radioclubedodao\/\" \/>\n<meta property=\"article:published_time\" content=\"2019-03-11T19:45:51+00:00\" \/>\n<meta name=\"author\" content=\"admin\" \/>\n<meta name=\"twitter:card\" content=\"summary_large_image\" \/>\n<meta name=\"twitter:creator\" content=\"@ClubeDao\" \/>\n<meta name=\"twitter:site\" content=\"@ClubeDao\" \/>\n<meta name=\"twitter:label1\" content=\"Escrito por\" \/>\n\t<meta name=\"twitter:data1\" content=\"admin\" \/>\n\t<meta name=\"twitter:label2\" content=\"Tempo estimado de leitura\" \/>\n\t<meta name=\"twitter:data2\" content=\"1 minuto\" \/>\n<script type=\"application\/ld+json\" class=\"yoast-schema-graph\">{\"@context\":\"https:\/\/schema.org\",\"@graph\":[{\"@type\":\"Article\",\"@id\":\"https:\/\/www.radioclubedodao.pt\/site\/2019\/03\/11\/rui-moreira-eleito-para-a-qualificacao-para-o-europeu-sub-19\/#article\",\"isPartOf\":{\"@id\":\"https:\/\/www.radioclubedodao.pt\/site\/2019\/03\/11\/rui-moreira-eleito-para-a-qualificacao-para-o-europeu-sub-19\/\"},\"author\":{\"name\":\"admin\",\"@id\":\"https:\/\/www.radioclubedodao.pt\/site\/#\/schema\/person\/cd7a28554f264c1876d790fedfddf499\"},\"headline\":\"RUI MOREIRA &#8211; Eleito para a qualifica\u00e7\u00e3o para o Europeu Sub 19\",\"datePublished\":\"2019-03-11T19:45:51+00:00\",\"dateModified\":\"2019-03-11T19:45:51+00:00\",\"mainEntityOfPage\":{\"@id\":\"https:\/\/www.radioclubedodao.pt\/site\/2019\/03\/11\/rui-moreira-eleito-para-a-qualificacao-para-o-europeu-sub-19\/\"},\"wordCount\":176,\"commentCount\":0,\"publisher\":{\"@id\":\"https:\/\/www.radioclubedodao.pt\/site\/#organization\"},\"articleSection\":[\"Desporto\",\"Local\",\"Nacional\",\"Not\u00edcias\",\"Regional\"],\"inLanguage\":\"pt-PT\",\"potentialAction\":[{\"@type\":\"CommentAction\",\"name\":\"Comment\",\"target\":[\"https:\/\/www.radioclubedodao.pt\/site\/2019\/03\/11\/rui-moreira-eleito-para-a-qualificacao-para-o-europeu-sub-19\/#respond\"]}]},{\"@type\":\"WebPage\",\"@id\":\"https:\/\/www.radioclubedodao.pt\/site\/2019\/03\/11\/rui-moreira-eleito-para-a-qualificacao-para-o-europeu-sub-19\/\",\"url\":\"https:\/\/www.radioclubedodao.pt\/site\/2019\/03\/11\/rui-moreira-eleito-para-a-qualificacao-para-o-europeu-sub-19\/\",\"name\":\"RUI MOREIRA - Eleito para a qualifica\u00e7\u00e3o para o Europeu Sub 19 - R\u00e1dio Clube do D\u00e3o\",\"isPartOf\":{\"@id\":\"https:\/\/www.radioclubedodao.pt\/site\/#website\"},\"datePublished\":\"2019-03-11T19:45:51+00:00\",\"dateModified\":\"2019-03-11T19:45:51+00:00\",\"breadcrumb\":{\"@id\":\"https:\/\/www.radioclubedodao.pt\/site\/2019\/03\/11\/rui-moreira-eleito-para-a-qualificacao-para-o-europeu-sub-19\/#breadcrumb\"},\"inLanguage\":\"pt-PT\",\"potentialAction\":[{\"@type\":\"ReadAction\",\"target\":[\"https:\/\/www.radioclubedodao.pt\/site\/2019\/03\/11\/rui-moreira-eleito-para-a-qualificacao-para-o-europeu-sub-19\/\"]}]},{\"@type\":\"BreadcrumbList\",\"@id\":\"https:\/\/www.radioclubedodao.pt\/site\/2019\/03\/11\/rui-moreira-eleito-para-a-qualificacao-para-o-europeu-sub-19\/#breadcrumb\",\"itemListElement\":[{\"@type\":\"ListItem\",\"position\":1,\"name\":\"In\u00edcio\",\"item\":\"https:\/\/www.radioclubedodao.pt\/site\/\"},{\"@type\":\"ListItem\",\"position\":2,\"name\":\"RUI MOREIRA &#8211; Eleito para a qualifica\u00e7\u00e3o para o Europeu Sub 19\"}]},{\"@type\":\"WebSite\",\"@id\":\"https:\/\/www.radioclubedodao.pt\/site\/#website\",\"url\":\"https:\/\/www.radioclubedodao.pt\/site\/\",\"name\":\"R\u00e1dio Clube do D\u00e3o\",\"description\":\"webr\u00e1dio\",\"publisher\":{\"@id\":\"https:\/\/www.radioclubedodao.pt\/site\/#organization\"},\"potentialAction\":[{\"@type\":\"SearchAction\",\"target\":{\"@type\":\"EntryPoint\",\"urlTemplate\":\"https:\/\/www.radioclubedodao.pt\/site\/?s={search_term_string}\"},\"query-input\":{\"@type\":\"PropertyValueSpecification\",\"valueRequired\":true,\"valueName\":\"search_term_string\"}}],\"inLanguage\":\"pt-PT\"},{\"@type\":\"Organization\",\"@id\":\"https:\/\/www.radioclubedodao.pt\/site\/#organization\",\"name\":\"R\u00e1dio Clube do D\u00e3o\",\"url\":\"https:\/\/www.radioclubedodao.pt\/site\/\",\"logo\":{\"@type\":\"ImageObject\",\"inLanguage\":\"pt-PT\",\"@id\":\"https:\/\/www.radioclubedodao.pt\/site\/#\/schema\/logo\/image\/\",\"url\":\"https:\/\/www.radioclubedodao.pt\/site\/wp-content\/uploads\/2018\/09\/10959501_1528800417385471_8159620885825168864_n.png\",\"contentUrl\":\"https:\/\/www.radioclubedodao.pt\/site\/wp-content\/uploads\/2018\/09\/10959501_1528800417385471_8159620885825168864_n.png\",\"width\":960,\"height\":678,\"caption\":\"R\u00e1dio Clube do D\u00e3o\"},\"image\":{\"@id\":\"https:\/\/www.radioclubedodao.pt\/site\/#\/schema\/logo\/image\/\"},\"sameAs\":[\"https:\/\/www.facebook.com\/radioclubedodao\/\",\"https:\/\/x.com\/ClubeDao\",\"https:\/\/www.instagram.com\/rcdao\/?hl=pt\"]},{\"@type\":\"Person\",\"@id\":\"https:\/\/www.radioclubedodao.pt\/site\/#\/schema\/person\/cd7a28554f264c1876d790fedfddf499\",\"name\":\"admin\",\"image\":{\"@type\":\"ImageObject\",\"inLanguage\":\"pt-PT\",\"@id\":\"https:\/\/www.radioclubedodao.pt\/site\/#\/schema\/person\/image\/\",\"url\":\"https:\/\/secure.gravatar.com\/avatar\/34c95391003e4d74dd8a7ac6916f4230?s=96&d=mm&r=g\",\"contentUrl\":\"https:\/\/secure.gravatar.com\/avatar\/34c95391003e4d74dd8a7ac6916f4230?s=96&d=mm&r=g\",\"caption\":\"admin\"}}]}<\/script>\n<!-- \/ Yoast SEO plugin. -->","yoast_head_json":{"title":"RUI MOREIRA - Eleito para a qualifica\u00e7\u00e3o para o Europeu Sub 19 - R\u00e1dio Clube do D\u00e3o","robots":{"index":"index","follow":"follow","max-snippet":"max-snippet:-1","max-image-preview":"max-image-preview:large","max-video-preview":"max-video-preview:-1"},"canonical":"https:\/\/www.radioclubedodao.pt\/site\/2019\/03\/11\/rui-moreira-eleito-para-a-qualificacao-para-o-europeu-sub-19\/","og_locale":"pt_PT","og_type":"article","og_title":"RUI MOREIRA - Eleito para a qualifica\u00e7\u00e3o para o Europeu Sub 19 - R\u00e1dio Clube do D\u00e3o","og_description":"A Sele\u00e7\u00e3o Nacional de futsal sub-19 est\u00e1 prestes a iniciar a fase de qualifica\u00e7\u00e3o para o Campeonato da Europa da categoria. Jos\u00e9 Lu\u00eds Mendes, Treinador Nacional, divulgou os convocados para o apuramento, que decorre entre...","og_url":"https:\/\/www.radioclubedodao.pt\/site\/2019\/03\/11\/rui-moreira-eleito-para-a-qualificacao-para-o-europeu-sub-19\/","og_site_name":"R\u00e1dio Clube do D\u00e3o","article_publisher":"https:\/\/www.facebook.com\/radioclubedodao\/","article_published_time":"2019-03-11T19:45:51+00:00","author":"admin","twitter_card":"summary_large_image","twitter_creator":"@ClubeDao","twitter_site":"@ClubeDao","twitter_misc":{"Escrito por":"admin","Tempo estimado de leitura":"1 minuto"},"schema":{"@context":"https:\/\/schema.org","@graph":[{"@type":"Article","@id":"https:\/\/www.radioclubedodao.pt\/site\/2019\/03\/11\/rui-moreira-eleito-para-a-qualificacao-para-o-europeu-sub-19\/#article","isPartOf":{"@id":"https:\/\/www.radioclubedodao.pt\/site\/2019\/03\/11\/rui-moreira-eleito-para-a-qualificacao-para-o-europeu-sub-19\/"},"author":{"name":"admin","@id":"https:\/\/www.radioclubedodao.pt\/site\/#\/schema\/person\/cd7a28554f264c1876d790fedfddf499"},"headline":"RUI MOREIRA &#8211; Eleito para a qualifica\u00e7\u00e3o para o Europeu Sub 19","datePublished":"2019-03-11T19:45:51+00:00","dateModified":"2019-03-11T19:45:51+00:00","mainEntityOfPage":{"@id":"https:\/\/www.radioclubedodao.pt\/site\/2019\/03\/11\/rui-moreira-eleito-para-a-qualificacao-para-o-europeu-sub-19\/"},"wordCount":176,"commentCount":0,"publisher":{"@id":"https:\/\/www.radioclubedodao.pt\/site\/#organization"},"articleSection":["Desporto","Local","Nacional","Not\u00edcias","Regional"],"inLanguage":"pt-PT","potentialAction":[{"@type":"CommentAction","name":"Comment","target":["https:\/\/www.radioclubedodao.pt\/site\/2019\/03\/11\/rui-moreira-eleito-para-a-qualificacao-para-o-europeu-sub-19\/#respond"]}]},{"@type":"WebPage","@id":"https:\/\/www.radioclubedodao.pt\/site\/2019\/03\/11\/rui-moreira-eleito-para-a-qualificacao-para-o-europeu-sub-19\/","url":"https:\/\/www.radioclubedodao.pt\/site\/2019\/03\/11\/rui-moreira-eleito-para-a-qualificacao-para-o-europeu-sub-19\/","name":"RUI MOREIRA - Eleito para a qualifica\u00e7\u00e3o para o Europeu Sub 19 - R\u00e1dio Clube do D\u00e3o","isPartOf":{"@id":"https:\/\/www.radioclubedodao.pt\/site\/#website"},"datePublished":"2019-03-11T19:45:51+00:00","dateModified":"2019-03-11T19:45:51+00:00","breadcrumb":{"@id":"https:\/\/www.radioclubedodao.pt\/site\/2019\/03\/11\/rui-moreira-eleito-para-a-qualificacao-para-o-europeu-sub-19\/#breadcrumb"},"inLanguage":"pt-PT","potentialAction":[{"@type":"ReadAction","target":["https:\/\/www.radioclubedodao.pt\/site\/2019\/03\/11\/rui-moreira-eleito-para-a-qualificacao-para-o-europeu-sub-19\/"]}]},{"@type":"BreadcrumbList","@id":"https:\/\/www.radioclubedodao.pt\/site\/2019\/03\/11\/rui-moreira-eleito-para-a-qualificacao-para-o-europeu-sub-19\/#breadcrumb","itemListElement":[{"@type":"ListItem","position":1,"name":"In\u00edcio","item":"https:\/\/www.radioclubedodao.pt\/site\/"},{"@type":"ListItem","position":2,"name":"RUI MOREIRA &#8211; Eleito para a qualifica\u00e7\u00e3o para o Europeu Sub 19"}]},{"@type":"WebSite","@id":"https:\/\/www.radioclubedodao.pt\/site\/#website","url":"https:\/\/www.radioclubedodao.pt\/site\/","name":"R\u00e1dio Clube do D\u00e3o","description":"webr\u00e1dio","publisher":{"@id":"https:\/\/www.radioclubedodao.pt\/site\/#organization"},"potentialAction":[{"@type":"SearchAction","target":{"@type":"EntryPoint","urlTemplate":"https:\/\/www.radioclubedodao.pt\/site\/?s={search_term_string}"},"query-input":{"@type":"PropertyValueSpecification","valueRequired":true,"valueName":"search_term_string"}}],"inLanguage":"pt-PT"},{"@type":"Organization","@id":"https:\/\/www.radioclubedodao.pt\/site\/#organization","name":"R\u00e1dio Clube do D\u00e3o","url":"https:\/\/www.radioclubedodao.pt\/site\/","logo":{"@type":"ImageObject","inLanguage":"pt-PT","@id":"https:\/\/www.radioclubedodao.pt\/site\/#\/schema\/logo\/image\/","url":"https:\/\/www.radioclubedodao.pt\/site\/wp-content\/uploads\/2018\/09\/10959501_1528800417385471_8159620885825168864_n.png","contentUrl":"https:\/\/www.radioclubedodao.pt\/site\/wp-content\/uploads\/2018\/09\/10959501_1528800417385471_8159620885825168864_n.png","width":960,"height":678,"caption":"R\u00e1dio Clube do D\u00e3o"},"image":{"@id":"https:\/\/www.radioclubedodao.pt\/site\/#\/schema\/logo\/image\/"},"sameAs":["https:\/\/www.facebook.com\/radioclubedodao\/","https:\/\/x.com\/ClubeDao","https:\/\/www.instagram.com\/rcdao\/?hl=pt"]},{"@type":"Person","@id":"https:\/\/www.radioclubedodao.pt\/site\/#\/schema\/person\/cd7a28554f264c1876d790fedfddf499","name":"admin","image":{"@type":"ImageObject","inLanguage":"pt-PT","@id":"https:\/\/www.radioclubedodao.pt\/site\/#\/schema\/person\/image\/","url":"https:\/\/secure.gravatar.com\/avatar\/34c95391003e4d74dd8a7ac6916f4230?s=96&d=mm&r=g","contentUrl":"https:\/\/secure.gravatar.com\/avatar\/34c95391003e4d74dd8a7ac6916f4230?s=96&d=mm&r=g","caption":"admin"}}]}},"_links":{"self":[{"href":"https:\/\/www.radioclubedodao.pt\/site\/wp-json\/wp\/v2\/posts\/964","targetHints":{"allow":["GET"]}}],"collection":[{"href":"https:\/\/www.radioclubedodao.pt\/site\/wp-json\/wp\/v2\/posts"}],"about":[{"href":"https:\/\/www.radioclubedodao.pt\/site\/wp-json\/wp\/v2\/types\/post"}],"author":[{"embeddable":true,"href":"https:\/\/www.radioclubedodao.pt\/site\/wp-json\/wp\/v2\/users\/1"}],"replies":[{"embeddable":true,"href":"https:\/\/www.radioclubedodao.pt\/site\/wp-json\/wp\/v2\/comments?post=964"}],"version-history":[{"count":1,"href":"https:\/\/www.radioclubedodao.pt\/site\/wp-json\/wp\/v2\/posts\/964\/revisions"}],"predecessor-version":[{"id":965,"href":"https:\/\/www.radioclubedodao.pt\/site\/wp-json\/wp\/v2\/posts\/964\/revisions\/965"}],"wp:attachment":[{"href":"https:\/\/www.radioclubedodao.pt\/site\/wp-json\/wp\/v2\/media?parent=964"}],"wp:term":[{"taxonomy":"category","embeddable":true,"href":"https:\/\/www.radioclubedodao.pt\/site\/wp-json\/wp\/v2\/categories?post=964"},{"taxonomy":"post_tag","embeddable":true,"href":"https:\/\/www.radioclubedodao.pt\/site\/wp-json\/wp\/v2\/tags?post=964"},{"taxonomy":"podcasting_podcasts","embeddable":true,"href":"https:\/\/www.radioclubedodao.pt\/site\/wp-json\/wp\/v2\/podcasting_podcasts?post=964"}],"curies":[{"name":"wp","href":"https:\/\/api.w.org\/{rel}","templated":true}]}}