{"id":970,"date":"2019-03-15T15:13:35","date_gmt":"2019-03-15T15:13:35","guid":{"rendered":"https:\/\/www.radioclubedodao.pt\/site\/?p=970"},"modified":"2019-03-15T15:13:35","modified_gmt":"2019-03-15T15:13:35","slug":"selecao-nacional-convocados-para-os-jogos-com-a-ucrania-e-servia","status":"publish","type":"post","link":"https:\/\/www.radioclubedodao.pt\/site\/2019\/03\/15\/selecao-nacional-convocados-para-os-jogos-com-a-ucrania-e-servia\/","title":{"rendered":"SELE\u00c7\u00c3O NACIONAL &#8211; Convocados para os jogos com a Ucr\u00e2nia e S\u00e9rvia"},"content":{"rendered":"<div class=\"i-amphtml-slides-container i-amphtml-slidescroll-no-snap\" aria-live=\"polite\">\n<div class=\"i-amphtml-slide-item i-amphtml-slide-item-show\">\n<figure class=\"amp-carousel-slide\" aria-hidden=\"false\"><figcaption>\n<p class=\"autor\">Portugal defronta Ucr\u00e2nia (22 de mar\u00e7o) e S\u00e9rvia (25 de mar\u00e7o), em jogos de qualifica\u00e7\u00e3o para o Europeu de 2020.<\/p>\n<p>N\u00e3o perca os relatos na R\u00e1dio Clube do D\u00e3o em simult\u00e2neo com a Golo Fm.<\/p>\n<p><strong>Eis a lista completa de convocados:<\/strong><\/p>\n<p><strong>Guarda-redes:<\/strong>\u00a0Beto (Goztepe), Jos\u00e9 S\u00e1 (Olympiakos) e Rui Patr\u00edcio (Wolverhampton).<\/p>\n<p><strong>Defesas:<\/strong>\u00a0Jo\u00e3o Cancelo (Juventus), N\u00e9lson Semedo (Barcelona), Jos\u00e9 Fonte (Lille), Pepe (FC Porto), R\u00faben Dias (Benfica),\u00a0Raphael Guerreiro (Borussia Dortmund) e M\u00e1rio Rui (N\u00e1poles).<\/p>\n<p><strong>M\u00e9dios:<\/strong>\u00a0Danilo Pereira (FC Porto),\u00a0 R\u00faben Neves (Wolverhampton), William Carvalho (B\u00e9tis), Bruno Fernandes (Sporting), Jo\u00e3o M\u00e1rio (Inter), Jo\u00e3o Moutinho (Wolverhampton) e\u00a0Pizzi (Benfica)<\/p>\n<p><strong>Avan\u00e7ados:<\/strong>\u00a0Bernardo Silva (Manchester City), Jo\u00e3o F\u00e9lix (SL Benfica), Gon\u00e7alo Guedes (Valencia) Rafa Silva (SL Benfica),\u00a0Andr\u00e9 Silva (Sevilha), Cristiano Ronaldo (Juventus), Diogo Jota (Wolverhampton) e\u00a0Dyego Sousa (SC Braga).<\/p>\n<\/figcaption><\/figure>\n<\/div>\n<\/div>\n","protected":false},"excerpt":{"rendered":"<p>Portugal defronta Ucr\u00e2nia (22 de mar\u00e7o) e S\u00e9rvia (25 de mar\u00e7o), em jogos de qualifica\u00e7\u00e3o para o Europeu de 2020. N\u00e3o perca os relatos na R\u00e1dio Clube do D\u00e3o em simult\u00e2neo com a Golo Fm&#8230;.<\/p>\n","protected":false},"author":1,"featured_media":0,"comment_status":"open","ping_status":"open","sticky":false,"template":"","format":"standard","meta":{"podcast_url":"","podcast_explicit":"no","podcast_captioned":false,"podcast_duration":"","podcast_filesize":0,"podcast_mime":"","enclosure":"","podcast_season_number":"","podcast_episode_number":"","podcast_episode_type":"none","podcast_transcript":"","sfsi_plus_gutenberg_text_before_share":"","sfsi_plus_gutenberg_show_text_before_share":"","sfsi_plus_gutenberg_icon_type":"","sfsi_plus_gutenberg_icon_alignemt":"","sfsi_plus_gutenburg_max_per_row":"","sapo_feed_post_nuts":"","footnotes":""},"categories":[12,10,7,9,3,8],"tags":[],"podcasting_podcasts":[],"class_list":["post-970","post","type-post","status-publish","format-standard","hentry","category-desporto","category-internacional","category-local","category-nacional","category-noticias","category-regional"],"yoast_head":"<!-- This site is optimized with the Yoast SEO plugin v24.1 - https:\/\/yoast.com\/wordpress\/plugins\/seo\/ -->\n<title>SELE\u00c7\u00c3O NACIONAL - Convocados para os jogos com a Ucr\u00e2nia e S\u00e9rvia - R\u00e1dio Clube do D\u00e3o<\/title>\n<meta name=\"robots\" content=\"index, follow, max-snippet:-1, max-image-preview:large, max-video-preview:-1\" \/>\n<link rel=\"canonical\" href=\"https:\/\/www.radioclubedodao.pt\/site\/2019\/03\/15\/selecao-nacional-convocados-para-os-jogos-com-a-ucrania-e-servia\/\" \/>\n<meta property=\"og:locale\" content=\"pt_PT\" \/>\n<meta property=\"og:type\" content=\"article\" \/>\n<meta property=\"og:title\" content=\"SELE\u00c7\u00c3O NACIONAL - Convocados para os jogos com a Ucr\u00e2nia e S\u00e9rvia - R\u00e1dio Clube do D\u00e3o\" \/>\n<meta property=\"og:description\" content=\"Portugal defronta Ucr\u00e2nia (22 de mar\u00e7o) e S\u00e9rvia (25 de mar\u00e7o), em jogos de qualifica\u00e7\u00e3o para o Europeu de 2020. N\u00e3o perca os relatos na R\u00e1dio Clube do D\u00e3o em simult\u00e2neo com a Golo Fm....\" \/>\n<meta property=\"og:url\" content=\"https:\/\/www.radioclubedodao.pt\/site\/2019\/03\/15\/selecao-nacional-convocados-para-os-jogos-com-a-ucrania-e-servia\/\" \/>\n<meta property=\"og:site_name\" content=\"R\u00e1dio Clube do D\u00e3o\" \/>\n<meta property=\"article:publisher\" content=\"https:\/\/www.facebook.com\/radioclubedodao\/\" \/>\n<meta property=\"article:published_time\" content=\"2019-03-15T15:13:35+00:00\" \/>\n<meta name=\"author\" content=\"admin\" \/>\n<meta name=\"twitter:card\" content=\"summary_large_image\" \/>\n<meta name=\"twitter:creator\" content=\"@ClubeDao\" \/>\n<meta name=\"twitter:site\" content=\"@ClubeDao\" \/>\n<meta name=\"twitter:label1\" content=\"Escrito por\" \/>\n\t<meta name=\"twitter:data1\" content=\"admin\" \/>\n\t<meta name=\"twitter:label2\" content=\"Tempo estimado de leitura\" \/>\n\t<meta name=\"twitter:data2\" content=\"1 minuto\" \/>\n<script type=\"application\/ld+json\" class=\"yoast-schema-graph\">{\"@context\":\"https:\/\/schema.org\",\"@graph\":[{\"@type\":\"Article\",\"@id\":\"https:\/\/www.radioclubedodao.pt\/site\/2019\/03\/15\/selecao-nacional-convocados-para-os-jogos-com-a-ucrania-e-servia\/#article\",\"isPartOf\":{\"@id\":\"https:\/\/www.radioclubedodao.pt\/site\/2019\/03\/15\/selecao-nacional-convocados-para-os-jogos-com-a-ucrania-e-servia\/\"},\"author\":{\"name\":\"admin\",\"@id\":\"https:\/\/www.radioclubedodao.pt\/site\/#\/schema\/person\/cd7a28554f264c1876d790fedfddf499\"},\"headline\":\"SELE\u00c7\u00c3O NACIONAL &#8211; Convocados para os jogos com a Ucr\u00e2nia e S\u00e9rvia\",\"datePublished\":\"2019-03-15T15:13:35+00:00\",\"dateModified\":\"2019-03-15T15:13:35+00:00\",\"mainEntityOfPage\":{\"@id\":\"https:\/\/www.radioclubedodao.pt\/site\/2019\/03\/15\/selecao-nacional-convocados-para-os-jogos-com-a-ucrania-e-servia\/\"},\"wordCount\":165,\"commentCount\":0,\"publisher\":{\"@id\":\"https:\/\/www.radioclubedodao.pt\/site\/#organization\"},\"articleSection\":[\"Desporto\",\"Internacional\",\"Local\",\"Nacional\",\"Not\u00edcias\",\"Regional\"],\"inLanguage\":\"pt-PT\",\"potentialAction\":[{\"@type\":\"CommentAction\",\"name\":\"Comment\",\"target\":[\"https:\/\/www.radioclubedodao.pt\/site\/2019\/03\/15\/selecao-nacional-convocados-para-os-jogos-com-a-ucrania-e-servia\/#respond\"]}]},{\"@type\":\"WebPage\",\"@id\":\"https:\/\/www.radioclubedodao.pt\/site\/2019\/03\/15\/selecao-nacional-convocados-para-os-jogos-com-a-ucrania-e-servia\/\",\"url\":\"https:\/\/www.radioclubedodao.pt\/site\/2019\/03\/15\/selecao-nacional-convocados-para-os-jogos-com-a-ucrania-e-servia\/\",\"name\":\"SELE\u00c7\u00c3O NACIONAL - Convocados para os jogos com a Ucr\u00e2nia e S\u00e9rvia - R\u00e1dio Clube do D\u00e3o\",\"isPartOf\":{\"@id\":\"https:\/\/www.radioclubedodao.pt\/site\/#website\"},\"datePublished\":\"2019-03-15T15:13:35+00:00\",\"dateModified\":\"2019-03-15T15:13:35+00:00\",\"breadcrumb\":{\"@id\":\"https:\/\/www.radioclubedodao.pt\/site\/2019\/03\/15\/selecao-nacional-convocados-para-os-jogos-com-a-ucrania-e-servia\/#breadcrumb\"},\"inLanguage\":\"pt-PT\",\"potentialAction\":[{\"@type\":\"ReadAction\",\"target\":[\"https:\/\/www.radioclubedodao.pt\/site\/2019\/03\/15\/selecao-nacional-convocados-para-os-jogos-com-a-ucrania-e-servia\/\"]}]},{\"@type\":\"BreadcrumbList\",\"@id\":\"https:\/\/www.radioclubedodao.pt\/site\/2019\/03\/15\/selecao-nacional-convocados-para-os-jogos-com-a-ucrania-e-servia\/#breadcrumb\",\"itemListElement\":[{\"@type\":\"ListItem\",\"position\":1,\"name\":\"In\u00edcio\",\"item\":\"https:\/\/www.radioclubedodao.pt\/site\/\"},{\"@type\":\"ListItem\",\"position\":2,\"name\":\"SELE\u00c7\u00c3O NACIONAL &#8211; Convocados para os jogos com a Ucr\u00e2nia e S\u00e9rvia\"}]},{\"@type\":\"WebSite\",\"@id\":\"https:\/\/www.radioclubedodao.pt\/site\/#website\",\"url\":\"https:\/\/www.radioclubedodao.pt\/site\/\",\"name\":\"R\u00e1dio Clube do D\u00e3o\",\"description\":\"webr\u00e1dio\",\"publisher\":{\"@id\":\"https:\/\/www.radioclubedodao.pt\/site\/#organization\"},\"potentialAction\":[{\"@type\":\"SearchAction\",\"target\":{\"@type\":\"EntryPoint\",\"urlTemplate\":\"https:\/\/www.radioclubedodao.pt\/site\/?s={search_term_string}\"},\"query-input\":{\"@type\":\"PropertyValueSpecification\",\"valueRequired\":true,\"valueName\":\"search_term_string\"}}],\"inLanguage\":\"pt-PT\"},{\"@type\":\"Organization\",\"@id\":\"https:\/\/www.radioclubedodao.pt\/site\/#organization\",\"name\":\"R\u00e1dio Clube do D\u00e3o\",\"url\":\"https:\/\/www.radioclubedodao.pt\/site\/\",\"logo\":{\"@type\":\"ImageObject\",\"inLanguage\":\"pt-PT\",\"@id\":\"https:\/\/www.radioclubedodao.pt\/site\/#\/schema\/logo\/image\/\",\"url\":\"https:\/\/www.radioclubedodao.pt\/site\/wp-content\/uploads\/2018\/09\/10959501_1528800417385471_8159620885825168864_n.png\",\"contentUrl\":\"https:\/\/www.radioclubedodao.pt\/site\/wp-content\/uploads\/2018\/09\/10959501_1528800417385471_8159620885825168864_n.png\",\"width\":960,\"height\":678,\"caption\":\"R\u00e1dio Clube do D\u00e3o\"},\"image\":{\"@id\":\"https:\/\/www.radioclubedodao.pt\/site\/#\/schema\/logo\/image\/\"},\"sameAs\":[\"https:\/\/www.facebook.com\/radioclubedodao\/\",\"https:\/\/x.com\/ClubeDao\",\"https:\/\/www.instagram.com\/rcdao\/?hl=pt\"]},{\"@type\":\"Person\",\"@id\":\"https:\/\/www.radioclubedodao.pt\/site\/#\/schema\/person\/cd7a28554f264c1876d790fedfddf499\",\"name\":\"admin\",\"image\":{\"@type\":\"ImageObject\",\"inLanguage\":\"pt-PT\",\"@id\":\"https:\/\/www.radioclubedodao.pt\/site\/#\/schema\/person\/image\/\",\"url\":\"https:\/\/secure.gravatar.com\/avatar\/34c95391003e4d74dd8a7ac6916f4230?s=96&d=mm&r=g\",\"contentUrl\":\"https:\/\/secure.gravatar.com\/avatar\/34c95391003e4d74dd8a7ac6916f4230?s=96&d=mm&r=g\",\"caption\":\"admin\"}}]}<\/script>\n<!-- \/ Yoast SEO plugin. -->","yoast_head_json":{"title":"SELE\u00c7\u00c3O NACIONAL - Convocados para os jogos com a Ucr\u00e2nia e S\u00e9rvia - R\u00e1dio Clube do D\u00e3o","robots":{"index":"index","follow":"follow","max-snippet":"max-snippet:-1","max-image-preview":"max-image-preview:large","max-video-preview":"max-video-preview:-1"},"canonical":"https:\/\/www.radioclubedodao.pt\/site\/2019\/03\/15\/selecao-nacional-convocados-para-os-jogos-com-a-ucrania-e-servia\/","og_locale":"pt_PT","og_type":"article","og_title":"SELE\u00c7\u00c3O NACIONAL - Convocados para os jogos com a Ucr\u00e2nia e S\u00e9rvia - R\u00e1dio Clube do D\u00e3o","og_description":"Portugal defronta Ucr\u00e2nia (22 de mar\u00e7o) e S\u00e9rvia (25 de mar\u00e7o), em jogos de qualifica\u00e7\u00e3o para o Europeu de 2020. N\u00e3o perca os relatos na R\u00e1dio Clube do D\u00e3o em simult\u00e2neo com a Golo Fm....","og_url":"https:\/\/www.radioclubedodao.pt\/site\/2019\/03\/15\/selecao-nacional-convocados-para-os-jogos-com-a-ucrania-e-servia\/","og_site_name":"R\u00e1dio Clube do D\u00e3o","article_publisher":"https:\/\/www.facebook.com\/radioclubedodao\/","article_published_time":"2019-03-15T15:13:35+00:00","author":"admin","twitter_card":"summary_large_image","twitter_creator":"@ClubeDao","twitter_site":"@ClubeDao","twitter_misc":{"Escrito por":"admin","Tempo estimado de leitura":"1 minuto"},"schema":{"@context":"https:\/\/schema.org","@graph":[{"@type":"Article","@id":"https:\/\/www.radioclubedodao.pt\/site\/2019\/03\/15\/selecao-nacional-convocados-para-os-jogos-com-a-ucrania-e-servia\/#article","isPartOf":{"@id":"https:\/\/www.radioclubedodao.pt\/site\/2019\/03\/15\/selecao-nacional-convocados-para-os-jogos-com-a-ucrania-e-servia\/"},"author":{"name":"admin","@id":"https:\/\/www.radioclubedodao.pt\/site\/#\/schema\/person\/cd7a28554f264c1876d790fedfddf499"},"headline":"SELE\u00c7\u00c3O NACIONAL &#8211; Convocados para os jogos com a Ucr\u00e2nia e S\u00e9rvia","datePublished":"2019-03-15T15:13:35+00:00","dateModified":"2019-03-15T15:13:35+00:00","mainEntityOfPage":{"@id":"https:\/\/www.radioclubedodao.pt\/site\/2019\/03\/15\/selecao-nacional-convocados-para-os-jogos-com-a-ucrania-e-servia\/"},"wordCount":165,"commentCount":0,"publisher":{"@id":"https:\/\/www.radioclubedodao.pt\/site\/#organization"},"articleSection":["Desporto","Internacional","Local","Nacional","Not\u00edcias","Regional"],"inLanguage":"pt-PT","potentialAction":[{"@type":"CommentAction","name":"Comment","target":["https:\/\/www.radioclubedodao.pt\/site\/2019\/03\/15\/selecao-nacional-convocados-para-os-jogos-com-a-ucrania-e-servia\/#respond"]}]},{"@type":"WebPage","@id":"https:\/\/www.radioclubedodao.pt\/site\/2019\/03\/15\/selecao-nacional-convocados-para-os-jogos-com-a-ucrania-e-servia\/","url":"https:\/\/www.radioclubedodao.pt\/site\/2019\/03\/15\/selecao-nacional-convocados-para-os-jogos-com-a-ucrania-e-servia\/","name":"SELE\u00c7\u00c3O NACIONAL - Convocados para os jogos com a Ucr\u00e2nia e S\u00e9rvia - R\u00e1dio Clube do D\u00e3o","isPartOf":{"@id":"https:\/\/www.radioclubedodao.pt\/site\/#website"},"datePublished":"2019-03-15T15:13:35+00:00","dateModified":"2019-03-15T15:13:35+00:00","breadcrumb":{"@id":"https:\/\/www.radioclubedodao.pt\/site\/2019\/03\/15\/selecao-nacional-convocados-para-os-jogos-com-a-ucrania-e-servia\/#breadcrumb"},"inLanguage":"pt-PT","potentialAction":[{"@type":"ReadAction","target":["https:\/\/www.radioclubedodao.pt\/site\/2019\/03\/15\/selecao-nacional-convocados-para-os-jogos-com-a-ucrania-e-servia\/"]}]},{"@type":"BreadcrumbList","@id":"https:\/\/www.radioclubedodao.pt\/site\/2019\/03\/15\/selecao-nacional-convocados-para-os-jogos-com-a-ucrania-e-servia\/#breadcrumb","itemListElement":[{"@type":"ListItem","position":1,"name":"In\u00edcio","item":"https:\/\/www.radioclubedodao.pt\/site\/"},{"@type":"ListItem","position":2,"name":"SELE\u00c7\u00c3O NACIONAL &#8211; Convocados para os jogos com a Ucr\u00e2nia e S\u00e9rvia"}]},{"@type":"WebSite","@id":"https:\/\/www.radioclubedodao.pt\/site\/#website","url":"https:\/\/www.radioclubedodao.pt\/site\/","name":"R\u00e1dio Clube do D\u00e3o","description":"webr\u00e1dio","publisher":{"@id":"https:\/\/www.radioclubedodao.pt\/site\/#organization"},"potentialAction":[{"@type":"SearchAction","target":{"@type":"EntryPoint","urlTemplate":"https:\/\/www.radioclubedodao.pt\/site\/?s={search_term_string}"},"query-input":{"@type":"PropertyValueSpecification","valueRequired":true,"valueName":"search_term_string"}}],"inLanguage":"pt-PT"},{"@type":"Organization","@id":"https:\/\/www.radioclubedodao.pt\/site\/#organization","name":"R\u00e1dio Clube do D\u00e3o","url":"https:\/\/www.radioclubedodao.pt\/site\/","logo":{"@type":"ImageObject","inLanguage":"pt-PT","@id":"https:\/\/www.radioclubedodao.pt\/site\/#\/schema\/logo\/image\/","url":"https:\/\/www.radioclubedodao.pt\/site\/wp-content\/uploads\/2018\/09\/10959501_1528800417385471_8159620885825168864_n.png","contentUrl":"https:\/\/www.radioclubedodao.pt\/site\/wp-content\/uploads\/2018\/09\/10959501_1528800417385471_8159620885825168864_n.png","width":960,"height":678,"caption":"R\u00e1dio Clube do D\u00e3o"},"image":{"@id":"https:\/\/www.radioclubedodao.pt\/site\/#\/schema\/logo\/image\/"},"sameAs":["https:\/\/www.facebook.com\/radioclubedodao\/","https:\/\/x.com\/ClubeDao","https:\/\/www.instagram.com\/rcdao\/?hl=pt"]},{"@type":"Person","@id":"https:\/\/www.radioclubedodao.pt\/site\/#\/schema\/person\/cd7a28554f264c1876d790fedfddf499","name":"admin","image":{"@type":"ImageObject","inLanguage":"pt-PT","@id":"https:\/\/www.radioclubedodao.pt\/site\/#\/schema\/person\/image\/","url":"https:\/\/secure.gravatar.com\/avatar\/34c95391003e4d74dd8a7ac6916f4230?s=96&d=mm&r=g","contentUrl":"https:\/\/secure.gravatar.com\/avatar\/34c95391003e4d74dd8a7ac6916f4230?s=96&d=mm&r=g","caption":"admin"}}]}},"_links":{"self":[{"href":"https:\/\/www.radioclubedodao.pt\/site\/wp-json\/wp\/v2\/posts\/970","targetHints":{"allow":["GET"]}}],"collection":[{"href":"https:\/\/www.radioclubedodao.pt\/site\/wp-json\/wp\/v2\/posts"}],"about":[{"href":"https:\/\/www.radioclubedodao.pt\/site\/wp-json\/wp\/v2\/types\/post"}],"author":[{"embeddable":true,"href":"https:\/\/www.radioclubedodao.pt\/site\/wp-json\/wp\/v2\/users\/1"}],"replies":[{"embeddable":true,"href":"https:\/\/www.radioclubedodao.pt\/site\/wp-json\/wp\/v2\/comments?post=970"}],"version-history":[{"count":1,"href":"https:\/\/www.radioclubedodao.pt\/site\/wp-json\/wp\/v2\/posts\/970\/revisions"}],"predecessor-version":[{"id":973,"href":"https:\/\/www.radioclubedodao.pt\/site\/wp-json\/wp\/v2\/posts\/970\/revisions\/973"}],"wp:attachment":[{"href":"https:\/\/www.radioclubedodao.pt\/site\/wp-json\/wp\/v2\/media?parent=970"}],"wp:term":[{"taxonomy":"category","embeddable":true,"href":"https:\/\/www.radioclubedodao.pt\/site\/wp-json\/wp\/v2\/categories?post=970"},{"taxonomy":"post_tag","embeddable":true,"href":"https:\/\/www.radioclubedodao.pt\/site\/wp-json\/wp\/v2\/tags?post=970"},{"taxonomy":"podcasting_podcasts","embeddable":true,"href":"https:\/\/www.radioclubedodao.pt\/site\/wp-json\/wp\/v2\/podcasting_podcasts?post=970"}],"curies":[{"name":"wp","href":"https:\/\/api.w.org\/{rel}","templated":true}]}}