{"id":988,"date":"2019-03-22T11:14:53","date_gmt":"2019-03-22T11:14:53","guid":{"rendered":"https:\/\/www.radioclubedodao.pt\/site\/?p=988"},"modified":"2019-03-22T11:17:35","modified_gmt":"2019-03-22T11:17:35","slug":"canense-joao-rodrigues-integra-equipa-para-ajudar-nas-operacoes-de-socorro-em-mocambique","status":"publish","type":"post","link":"https:\/\/www.radioclubedodao.pt\/site\/2019\/03\/22\/canense-joao-rodrigues-integra-equipa-para-ajudar-nas-operacoes-de-socorro-em-mocambique\/","title":{"rendered":"Canense Jo\u00e3o Rodrigues integra equipa para ajudar nas opera\u00e7\u00f5es de Socorro em Mo\u00e7ambique"},"content":{"rendered":"<p><strong>Autoridade Nacional de Prote\u00e7\u00e3o Civil enviou ontem, dia 21 de mar\u00e7o, para Mo\u00e7ambique uma equipa avan\u00e7ada de peritos multidisciplinares que integra elementos de Comando da ANPC, da For\u00e7a Especial de Bombeiros, da Guarda Nacional Republicana (UEPS &#8211; Unidade de Emerg\u00eancia de Prote\u00e7\u00e3o e Socorro e bin\u00f3mios de busca e socorro), do INEM e da EDP. Esta equipa ir\u00e1 participar nas opera\u00e7\u00f5es de socorro na sequ\u00eancia do ciclone Idai que afetou este pa\u00eds. A miss\u00e3o, coordenada pela ANPC, seguiu a bordo de um avi\u00e3o C-130 da For\u00e7a A\u00e9rea Portuguesa que partiu do AT 1 (Aeroporto Militar de Figo Maduro).<\/strong><\/p>\n<p><strong>Jo\u00e3o Miguel Rodrigues, Canense, antigo comandante dos Bombeiros Volunt\u00e1rios de Canas de Senhorim, faz parte desta equipa.<\/strong><\/p>\n<p><strong>Not\u00edcia: Autoridade Nacional de Prote\u00e7\u00e3o Civil\u00a0<\/strong><\/p>\n<p><strong>Fotos:\u00a0Autoridade Nacional de Prote\u00e7\u00e3o Civil\u00a0<\/strong><\/p>\n<p><img loading=\"lazy\" decoding=\"async\" class=\"alignnone size-medium wp-image-989\" src=\"https:\/\/www.radioclubedodao.pt\/site\/wp-content\/uploads\/2019\/03\/54515895_10156636801103183_8293965530889453568_n-300x200.jpg\" alt=\"\" width=\"300\" height=\"200\" \/><img loading=\"lazy\" decoding=\"async\" class=\"alignnone size-medium wp-image-991\" src=\"https:\/\/www.radioclubedodao.pt\/site\/wp-content\/uploads\/2019\/03\/55595611_10156636800948183_164568294785810432_n-300x200.jpg\" alt=\"\" width=\"300\" height=\"200\" \/><\/p>\n","protected":false},"excerpt":{"rendered":"<p>Autoridade Nacional de Prote\u00e7\u00e3o Civil enviou ontem, dia 21 de mar\u00e7o, para Mo\u00e7ambique uma equipa avan\u00e7ada de peritos multidisciplinares que integra elementos de Comando da ANPC, da For\u00e7a Especial de Bombeiros, da Guarda Nacional Republicana&#8230;<\/p>\n","protected":false},"author":1,"featured_media":0,"comment_status":"open","ping_status":"open","sticky":false,"template":"","format":"standard","meta":{"podcast_url":"","podcast_explicit":"no","podcast_captioned":false,"podcast_duration":"","podcast_filesize":0,"podcast_mime":"","enclosure":"","podcast_season_number":"","podcast_episode_number":"","podcast_episode_type":"none","podcast_transcript":"","sfsi_plus_gutenberg_text_before_share":"","sfsi_plus_gutenberg_show_text_before_share":"","sfsi_plus_gutenberg_icon_type":"","sfsi_plus_gutenberg_icon_alignemt":"","sfsi_plus_gutenburg_max_per_row":"","sapo_feed_post_nuts":"","footnotes":""},"categories":[10,7,9,3,8],"tags":[],"podcasting_podcasts":[],"class_list":["post-988","post","type-post","status-publish","format-standard","hentry","category-internacional","category-local","category-nacional","category-noticias","category-regional"],"yoast_head":"<!-- This site is optimized with the Yoast SEO plugin v24.1 - https:\/\/yoast.com\/wordpress\/plugins\/seo\/ -->\n<title>Canense Jo\u00e3o Rodrigues integra equipa para ajudar nas opera\u00e7\u00f5es de Socorro em Mo\u00e7ambique - R\u00e1dio Clube do D\u00e3o<\/title>\n<meta name=\"robots\" content=\"index, follow, max-snippet:-1, max-image-preview:large, max-video-preview:-1\" \/>\n<link rel=\"canonical\" href=\"https:\/\/www.radioclubedodao.pt\/site\/2019\/03\/22\/canense-joao-rodrigues-integra-equipa-para-ajudar-nas-operacoes-de-socorro-em-mocambique\/\" \/>\n<meta property=\"og:locale\" content=\"pt_PT\" \/>\n<meta property=\"og:type\" content=\"article\" \/>\n<meta property=\"og:title\" content=\"Canense Jo\u00e3o Rodrigues integra equipa para ajudar nas opera\u00e7\u00f5es de Socorro em Mo\u00e7ambique - R\u00e1dio Clube do D\u00e3o\" \/>\n<meta property=\"og:description\" content=\"Autoridade Nacional de Prote\u00e7\u00e3o Civil enviou ontem, dia 21 de mar\u00e7o, para Mo\u00e7ambique uma equipa avan\u00e7ada de peritos multidisciplinares que integra elementos de Comando da ANPC, da For\u00e7a Especial de Bombeiros, da Guarda Nacional Republicana...\" \/>\n<meta property=\"og:url\" content=\"https:\/\/www.radioclubedodao.pt\/site\/2019\/03\/22\/canense-joao-rodrigues-integra-equipa-para-ajudar-nas-operacoes-de-socorro-em-mocambique\/\" \/>\n<meta property=\"og:site_name\" content=\"R\u00e1dio Clube do D\u00e3o\" \/>\n<meta property=\"article:publisher\" content=\"https:\/\/www.facebook.com\/radioclubedodao\/\" \/>\n<meta property=\"article:published_time\" content=\"2019-03-22T11:14:53+00:00\" \/>\n<meta property=\"article:modified_time\" content=\"2019-03-22T11:17:35+00:00\" \/>\n<meta property=\"og:image\" content=\"https:\/\/www.radioclubedodao.pt\/site\/wp-content\/uploads\/2019\/03\/54515895_10156636801103183_8293965530889453568_n-300x200.jpg\" \/>\n<meta name=\"author\" content=\"admin\" \/>\n<meta name=\"twitter:card\" content=\"summary_large_image\" \/>\n<meta name=\"twitter:creator\" content=\"@ClubeDao\" \/>\n<meta name=\"twitter:site\" content=\"@ClubeDao\" \/>\n<meta name=\"twitter:label1\" content=\"Escrito por\" \/>\n\t<meta name=\"twitter:data1\" content=\"admin\" \/>\n\t<meta name=\"twitter:label2\" content=\"Tempo estimado de leitura\" \/>\n\t<meta name=\"twitter:data2\" content=\"1 minuto\" \/>\n<script type=\"application\/ld+json\" class=\"yoast-schema-graph\">{\"@context\":\"https:\/\/schema.org\",\"@graph\":[{\"@type\":\"Article\",\"@id\":\"https:\/\/www.radioclubedodao.pt\/site\/2019\/03\/22\/canense-joao-rodrigues-integra-equipa-para-ajudar-nas-operacoes-de-socorro-em-mocambique\/#article\",\"isPartOf\":{\"@id\":\"https:\/\/www.radioclubedodao.pt\/site\/2019\/03\/22\/canense-joao-rodrigues-integra-equipa-para-ajudar-nas-operacoes-de-socorro-em-mocambique\/\"},\"author\":{\"name\":\"admin\",\"@id\":\"https:\/\/www.radioclubedodao.pt\/site\/#\/schema\/person\/cd7a28554f264c1876d790fedfddf499\"},\"headline\":\"Canense Jo\u00e3o Rodrigues integra equipa para ajudar nas opera\u00e7\u00f5es de Socorro em Mo\u00e7ambique\",\"datePublished\":\"2019-03-22T11:14:53+00:00\",\"dateModified\":\"2019-03-22T11:17:35+00:00\",\"mainEntityOfPage\":{\"@id\":\"https:\/\/www.radioclubedodao.pt\/site\/2019\/03\/22\/canense-joao-rodrigues-integra-equipa-para-ajudar-nas-operacoes-de-socorro-em-mocambique\/\"},\"wordCount\":161,\"commentCount\":0,\"publisher\":{\"@id\":\"https:\/\/www.radioclubedodao.pt\/site\/#organization\"},\"image\":{\"@id\":\"https:\/\/www.radioclubedodao.pt\/site\/2019\/03\/22\/canense-joao-rodrigues-integra-equipa-para-ajudar-nas-operacoes-de-socorro-em-mocambique\/#primaryimage\"},\"thumbnailUrl\":\"https:\/\/www.radioclubedodao.pt\/site\/wp-content\/uploads\/2019\/03\/54515895_10156636801103183_8293965530889453568_n-300x200.jpg\",\"articleSection\":[\"Internacional\",\"Local\",\"Nacional\",\"Not\u00edcias\",\"Regional\"],\"inLanguage\":\"pt-PT\",\"potentialAction\":[{\"@type\":\"CommentAction\",\"name\":\"Comment\",\"target\":[\"https:\/\/www.radioclubedodao.pt\/site\/2019\/03\/22\/canense-joao-rodrigues-integra-equipa-para-ajudar-nas-operacoes-de-socorro-em-mocambique\/#respond\"]}]},{\"@type\":\"WebPage\",\"@id\":\"https:\/\/www.radioclubedodao.pt\/site\/2019\/03\/22\/canense-joao-rodrigues-integra-equipa-para-ajudar-nas-operacoes-de-socorro-em-mocambique\/\",\"url\":\"https:\/\/www.radioclubedodao.pt\/site\/2019\/03\/22\/canense-joao-rodrigues-integra-equipa-para-ajudar-nas-operacoes-de-socorro-em-mocambique\/\",\"name\":\"Canense Jo\u00e3o Rodrigues integra equipa para ajudar nas opera\u00e7\u00f5es de Socorro em Mo\u00e7ambique - R\u00e1dio Clube do D\u00e3o\",\"isPartOf\":{\"@id\":\"https:\/\/www.radioclubedodao.pt\/site\/#website\"},\"primaryImageOfPage\":{\"@id\":\"https:\/\/www.radioclubedodao.pt\/site\/2019\/03\/22\/canense-joao-rodrigues-integra-equipa-para-ajudar-nas-operacoes-de-socorro-em-mocambique\/#primaryimage\"},\"image\":{\"@id\":\"https:\/\/www.radioclubedodao.pt\/site\/2019\/03\/22\/canense-joao-rodrigues-integra-equipa-para-ajudar-nas-operacoes-de-socorro-em-mocambique\/#primaryimage\"},\"thumbnailUrl\":\"https:\/\/www.radioclubedodao.pt\/site\/wp-content\/uploads\/2019\/03\/54515895_10156636801103183_8293965530889453568_n-300x200.jpg\",\"datePublished\":\"2019-03-22T11:14:53+00:00\",\"dateModified\":\"2019-03-22T11:17:35+00:00\",\"breadcrumb\":{\"@id\":\"https:\/\/www.radioclubedodao.pt\/site\/2019\/03\/22\/canense-joao-rodrigues-integra-equipa-para-ajudar-nas-operacoes-de-socorro-em-mocambique\/#breadcrumb\"},\"inLanguage\":\"pt-PT\",\"potentialAction\":[{\"@type\":\"ReadAction\",\"target\":[\"https:\/\/www.radioclubedodao.pt\/site\/2019\/03\/22\/canense-joao-rodrigues-integra-equipa-para-ajudar-nas-operacoes-de-socorro-em-mocambique\/\"]}]},{\"@type\":\"ImageObject\",\"inLanguage\":\"pt-PT\",\"@id\":\"https:\/\/www.radioclubedodao.pt\/site\/2019\/03\/22\/canense-joao-rodrigues-integra-equipa-para-ajudar-nas-operacoes-de-socorro-em-mocambique\/#primaryimage\",\"url\":\"https:\/\/www.radioclubedodao.pt\/site\/wp-content\/uploads\/2019\/03\/54515895_10156636801103183_8293965530889453568_n-300x200.jpg\",\"contentUrl\":\"https:\/\/www.radioclubedodao.pt\/site\/wp-content\/uploads\/2019\/03\/54515895_10156636801103183_8293965530889453568_n-300x200.jpg\"},{\"@type\":\"BreadcrumbList\",\"@id\":\"https:\/\/www.radioclubedodao.pt\/site\/2019\/03\/22\/canense-joao-rodrigues-integra-equipa-para-ajudar-nas-operacoes-de-socorro-em-mocambique\/#breadcrumb\",\"itemListElement\":[{\"@type\":\"ListItem\",\"position\":1,\"name\":\"In\u00edcio\",\"item\":\"https:\/\/www.radioclubedodao.pt\/site\/\"},{\"@type\":\"ListItem\",\"position\":2,\"name\":\"Canense Jo\u00e3o Rodrigues integra equipa para ajudar nas opera\u00e7\u00f5es de Socorro em Mo\u00e7ambique\"}]},{\"@type\":\"WebSite\",\"@id\":\"https:\/\/www.radioclubedodao.pt\/site\/#website\",\"url\":\"https:\/\/www.radioclubedodao.pt\/site\/\",\"name\":\"R\u00e1dio Clube do D\u00e3o\",\"description\":\"webr\u00e1dio\",\"publisher\":{\"@id\":\"https:\/\/www.radioclubedodao.pt\/site\/#organization\"},\"potentialAction\":[{\"@type\":\"SearchAction\",\"target\":{\"@type\":\"EntryPoint\",\"urlTemplate\":\"https:\/\/www.radioclubedodao.pt\/site\/?s={search_term_string}\"},\"query-input\":{\"@type\":\"PropertyValueSpecification\",\"valueRequired\":true,\"valueName\":\"search_term_string\"}}],\"inLanguage\":\"pt-PT\"},{\"@type\":\"Organization\",\"@id\":\"https:\/\/www.radioclubedodao.pt\/site\/#organization\",\"name\":\"R\u00e1dio Clube do D\u00e3o\",\"url\":\"https:\/\/www.radioclubedodao.pt\/site\/\",\"logo\":{\"@type\":\"ImageObject\",\"inLanguage\":\"pt-PT\",\"@id\":\"https:\/\/www.radioclubedodao.pt\/site\/#\/schema\/logo\/image\/\",\"url\":\"https:\/\/www.radioclubedodao.pt\/site\/wp-content\/uploads\/2018\/09\/10959501_1528800417385471_8159620885825168864_n.png\",\"contentUrl\":\"https:\/\/www.radioclubedodao.pt\/site\/wp-content\/uploads\/2018\/09\/10959501_1528800417385471_8159620885825168864_n.png\",\"width\":960,\"height\":678,\"caption\":\"R\u00e1dio Clube do D\u00e3o\"},\"image\":{\"@id\":\"https:\/\/www.radioclubedodao.pt\/site\/#\/schema\/logo\/image\/\"},\"sameAs\":[\"https:\/\/www.facebook.com\/radioclubedodao\/\",\"https:\/\/x.com\/ClubeDao\",\"https:\/\/www.instagram.com\/rcdao\/?hl=pt\"]},{\"@type\":\"Person\",\"@id\":\"https:\/\/www.radioclubedodao.pt\/site\/#\/schema\/person\/cd7a28554f264c1876d790fedfddf499\",\"name\":\"admin\",\"image\":{\"@type\":\"ImageObject\",\"inLanguage\":\"pt-PT\",\"@id\":\"https:\/\/www.radioclubedodao.pt\/site\/#\/schema\/person\/image\/\",\"url\":\"https:\/\/secure.gravatar.com\/avatar\/34c95391003e4d74dd8a7ac6916f4230?s=96&d=mm&r=g\",\"contentUrl\":\"https:\/\/secure.gravatar.com\/avatar\/34c95391003e4d74dd8a7ac6916f4230?s=96&d=mm&r=g\",\"caption\":\"admin\"}}]}<\/script>\n<!-- \/ Yoast SEO plugin. -->","yoast_head_json":{"title":"Canense Jo\u00e3o Rodrigues integra equipa para ajudar nas opera\u00e7\u00f5es de Socorro em Mo\u00e7ambique - R\u00e1dio Clube do D\u00e3o","robots":{"index":"index","follow":"follow","max-snippet":"max-snippet:-1","max-image-preview":"max-image-preview:large","max-video-preview":"max-video-preview:-1"},"canonical":"https:\/\/www.radioclubedodao.pt\/site\/2019\/03\/22\/canense-joao-rodrigues-integra-equipa-para-ajudar-nas-operacoes-de-socorro-em-mocambique\/","og_locale":"pt_PT","og_type":"article","og_title":"Canense Jo\u00e3o Rodrigues integra equipa para ajudar nas opera\u00e7\u00f5es de Socorro em Mo\u00e7ambique - R\u00e1dio Clube do D\u00e3o","og_description":"Autoridade Nacional de Prote\u00e7\u00e3o Civil enviou ontem, dia 21 de mar\u00e7o, para Mo\u00e7ambique uma equipa avan\u00e7ada de peritos multidisciplinares que integra elementos de Comando da ANPC, da For\u00e7a Especial de Bombeiros, da Guarda Nacional Republicana...","og_url":"https:\/\/www.radioclubedodao.pt\/site\/2019\/03\/22\/canense-joao-rodrigues-integra-equipa-para-ajudar-nas-operacoes-de-socorro-em-mocambique\/","og_site_name":"R\u00e1dio Clube do D\u00e3o","article_publisher":"https:\/\/www.facebook.com\/radioclubedodao\/","article_published_time":"2019-03-22T11:14:53+00:00","article_modified_time":"2019-03-22T11:17:35+00:00","og_image":[{"url":"https:\/\/www.radioclubedodao.pt\/site\/wp-content\/uploads\/2019\/03\/54515895_10156636801103183_8293965530889453568_n-300x200.jpg","type":"","width":"","height":""}],"author":"admin","twitter_card":"summary_large_image","twitter_creator":"@ClubeDao","twitter_site":"@ClubeDao","twitter_misc":{"Escrito por":"admin","Tempo estimado de leitura":"1 minuto"},"schema":{"@context":"https:\/\/schema.org","@graph":[{"@type":"Article","@id":"https:\/\/www.radioclubedodao.pt\/site\/2019\/03\/22\/canense-joao-rodrigues-integra-equipa-para-ajudar-nas-operacoes-de-socorro-em-mocambique\/#article","isPartOf":{"@id":"https:\/\/www.radioclubedodao.pt\/site\/2019\/03\/22\/canense-joao-rodrigues-integra-equipa-para-ajudar-nas-operacoes-de-socorro-em-mocambique\/"},"author":{"name":"admin","@id":"https:\/\/www.radioclubedodao.pt\/site\/#\/schema\/person\/cd7a28554f264c1876d790fedfddf499"},"headline":"Canense Jo\u00e3o Rodrigues integra equipa para ajudar nas opera\u00e7\u00f5es de Socorro em Mo\u00e7ambique","datePublished":"2019-03-22T11:14:53+00:00","dateModified":"2019-03-22T11:17:35+00:00","mainEntityOfPage":{"@id":"https:\/\/www.radioclubedodao.pt\/site\/2019\/03\/22\/canense-joao-rodrigues-integra-equipa-para-ajudar-nas-operacoes-de-socorro-em-mocambique\/"},"wordCount":161,"commentCount":0,"publisher":{"@id":"https:\/\/www.radioclubedodao.pt\/site\/#organization"},"image":{"@id":"https:\/\/www.radioclubedodao.pt\/site\/2019\/03\/22\/canense-joao-rodrigues-integra-equipa-para-ajudar-nas-operacoes-de-socorro-em-mocambique\/#primaryimage"},"thumbnailUrl":"https:\/\/www.radioclubedodao.pt\/site\/wp-content\/uploads\/2019\/03\/54515895_10156636801103183_8293965530889453568_n-300x200.jpg","articleSection":["Internacional","Local","Nacional","Not\u00edcias","Regional"],"inLanguage":"pt-PT","potentialAction":[{"@type":"CommentAction","name":"Comment","target":["https:\/\/www.radioclubedodao.pt\/site\/2019\/03\/22\/canense-joao-rodrigues-integra-equipa-para-ajudar-nas-operacoes-de-socorro-em-mocambique\/#respond"]}]},{"@type":"WebPage","@id":"https:\/\/www.radioclubedodao.pt\/site\/2019\/03\/22\/canense-joao-rodrigues-integra-equipa-para-ajudar-nas-operacoes-de-socorro-em-mocambique\/","url":"https:\/\/www.radioclubedodao.pt\/site\/2019\/03\/22\/canense-joao-rodrigues-integra-equipa-para-ajudar-nas-operacoes-de-socorro-em-mocambique\/","name":"Canense Jo\u00e3o Rodrigues integra equipa para ajudar nas opera\u00e7\u00f5es de Socorro em Mo\u00e7ambique - R\u00e1dio Clube do D\u00e3o","isPartOf":{"@id":"https:\/\/www.radioclubedodao.pt\/site\/#website"},"primaryImageOfPage":{"@id":"https:\/\/www.radioclubedodao.pt\/site\/2019\/03\/22\/canense-joao-rodrigues-integra-equipa-para-ajudar-nas-operacoes-de-socorro-em-mocambique\/#primaryimage"},"image":{"@id":"https:\/\/www.radioclubedodao.pt\/site\/2019\/03\/22\/canense-joao-rodrigues-integra-equipa-para-ajudar-nas-operacoes-de-socorro-em-mocambique\/#primaryimage"},"thumbnailUrl":"https:\/\/www.radioclubedodao.pt\/site\/wp-content\/uploads\/2019\/03\/54515895_10156636801103183_8293965530889453568_n-300x200.jpg","datePublished":"2019-03-22T11:14:53+00:00","dateModified":"2019-03-22T11:17:35+00:00","breadcrumb":{"@id":"https:\/\/www.radioclubedodao.pt\/site\/2019\/03\/22\/canense-joao-rodrigues-integra-equipa-para-ajudar-nas-operacoes-de-socorro-em-mocambique\/#breadcrumb"},"inLanguage":"pt-PT","potentialAction":[{"@type":"ReadAction","target":["https:\/\/www.radioclubedodao.pt\/site\/2019\/03\/22\/canense-joao-rodrigues-integra-equipa-para-ajudar-nas-operacoes-de-socorro-em-mocambique\/"]}]},{"@type":"ImageObject","inLanguage":"pt-PT","@id":"https:\/\/www.radioclubedodao.pt\/site\/2019\/03\/22\/canense-joao-rodrigues-integra-equipa-para-ajudar-nas-operacoes-de-socorro-em-mocambique\/#primaryimage","url":"https:\/\/www.radioclubedodao.pt\/site\/wp-content\/uploads\/2019\/03\/54515895_10156636801103183_8293965530889453568_n-300x200.jpg","contentUrl":"https:\/\/www.radioclubedodao.pt\/site\/wp-content\/uploads\/2019\/03\/54515895_10156636801103183_8293965530889453568_n-300x200.jpg"},{"@type":"BreadcrumbList","@id":"https:\/\/www.radioclubedodao.pt\/site\/2019\/03\/22\/canense-joao-rodrigues-integra-equipa-para-ajudar-nas-operacoes-de-socorro-em-mocambique\/#breadcrumb","itemListElement":[{"@type":"ListItem","position":1,"name":"In\u00edcio","item":"https:\/\/www.radioclubedodao.pt\/site\/"},{"@type":"ListItem","position":2,"name":"Canense Jo\u00e3o Rodrigues integra equipa para ajudar nas opera\u00e7\u00f5es de Socorro em Mo\u00e7ambique"}]},{"@type":"WebSite","@id":"https:\/\/www.radioclubedodao.pt\/site\/#website","url":"https:\/\/www.radioclubedodao.pt\/site\/","name":"R\u00e1dio Clube do D\u00e3o","description":"webr\u00e1dio","publisher":{"@id":"https:\/\/www.radioclubedodao.pt\/site\/#organization"},"potentialAction":[{"@type":"SearchAction","target":{"@type":"EntryPoint","urlTemplate":"https:\/\/www.radioclubedodao.pt\/site\/?s={search_term_string}"},"query-input":{"@type":"PropertyValueSpecification","valueRequired":true,"valueName":"search_term_string"}}],"inLanguage":"pt-PT"},{"@type":"Organization","@id":"https:\/\/www.radioclubedodao.pt\/site\/#organization","name":"R\u00e1dio Clube do D\u00e3o","url":"https:\/\/www.radioclubedodao.pt\/site\/","logo":{"@type":"ImageObject","inLanguage":"pt-PT","@id":"https:\/\/www.radioclubedodao.pt\/site\/#\/schema\/logo\/image\/","url":"https:\/\/www.radioclubedodao.pt\/site\/wp-content\/uploads\/2018\/09\/10959501_1528800417385471_8159620885825168864_n.png","contentUrl":"https:\/\/www.radioclubedodao.pt\/site\/wp-content\/uploads\/2018\/09\/10959501_1528800417385471_8159620885825168864_n.png","width":960,"height":678,"caption":"R\u00e1dio Clube do D\u00e3o"},"image":{"@id":"https:\/\/www.radioclubedodao.pt\/site\/#\/schema\/logo\/image\/"},"sameAs":["https:\/\/www.facebook.com\/radioclubedodao\/","https:\/\/x.com\/ClubeDao","https:\/\/www.instagram.com\/rcdao\/?hl=pt"]},{"@type":"Person","@id":"https:\/\/www.radioclubedodao.pt\/site\/#\/schema\/person\/cd7a28554f264c1876d790fedfddf499","name":"admin","image":{"@type":"ImageObject","inLanguage":"pt-PT","@id":"https:\/\/www.radioclubedodao.pt\/site\/#\/schema\/person\/image\/","url":"https:\/\/secure.gravatar.com\/avatar\/34c95391003e4d74dd8a7ac6916f4230?s=96&d=mm&r=g","contentUrl":"https:\/\/secure.gravatar.com\/avatar\/34c95391003e4d74dd8a7ac6916f4230?s=96&d=mm&r=g","caption":"admin"}}]}},"_links":{"self":[{"href":"https:\/\/www.radioclubedodao.pt\/site\/wp-json\/wp\/v2\/posts\/988","targetHints":{"allow":["GET"]}}],"collection":[{"href":"https:\/\/www.radioclubedodao.pt\/site\/wp-json\/wp\/v2\/posts"}],"about":[{"href":"https:\/\/www.radioclubedodao.pt\/site\/wp-json\/wp\/v2\/types\/post"}],"author":[{"embeddable":true,"href":"https:\/\/www.radioclubedodao.pt\/site\/wp-json\/wp\/v2\/users\/1"}],"replies":[{"embeddable":true,"href":"https:\/\/www.radioclubedodao.pt\/site\/wp-json\/wp\/v2\/comments?post=988"}],"version-history":[{"count":3,"href":"https:\/\/www.radioclubedodao.pt\/site\/wp-json\/wp\/v2\/posts\/988\/revisions"}],"predecessor-version":[{"id":994,"href":"https:\/\/www.radioclubedodao.pt\/site\/wp-json\/wp\/v2\/posts\/988\/revisions\/994"}],"wp:attachment":[{"href":"https:\/\/www.radioclubedodao.pt\/site\/wp-json\/wp\/v2\/media?parent=988"}],"wp:term":[{"taxonomy":"category","embeddable":true,"href":"https:\/\/www.radioclubedodao.pt\/site\/wp-json\/wp\/v2\/categories?post=988"},{"taxonomy":"post_tag","embeddable":true,"href":"https:\/\/www.radioclubedodao.pt\/site\/wp-json\/wp\/v2\/tags?post=988"},{"taxonomy":"podcasting_podcasts","embeddable":true,"href":"https:\/\/www.radioclubedodao.pt\/site\/wp-json\/wp\/v2\/podcasting_podcasts?post=988"}],"curies":[{"name":"wp","href":"https:\/\/api.w.org\/{rel}","templated":true}]}}